{"id":229339,"date":"2025-07-16T12:24:23","date_gmt":"2025-07-16T15:24:23","guid":{"rendered":"https:\/\/diarioregionaldigital.com.br\/?p=229339"},"modified":"2025-07-16T12:24:23","modified_gmt":"2025-07-16T15:24:23","slug":"pregao-presencial-no-010-2025-16-07-2025","status":"publish","type":"post","link":"https:\/\/diarioregionaldigital.com.br\/?p=229339","title":{"rendered":"PREG\u00c3O PRESENCIAL N\u00ba 010\/2025 &#8211; 16\/07\/2025"},"content":{"rendered":"<div>\n<p class=\"s3\"><span class=\"s4\">PREFEITURA MUNICIPAL DE <\/span><span class=\"s4\">DESCOBERTO<\/span><\/p>\n<p class=\"s5\">\n<\/div>\n<p class=\"s7\"><span class=\"s6\"><span class=\"bumpedFont15\">PROCESSO N\u00ba 049\/2025<\/span><\/span><\/p>\n<p class=\"s7\"><span class=\"s6\"><span class=\"bumpedFont15\">PREG\u00c3O PRESENCIAL N\u00ba 010\/2025<\/span><\/span><\/p>\n<p class=\"s7\"><span class=\"s6\"><span class=\"bumpedFont15\">ABERTURA DE PRAZO RECURSAL<\/span><\/span><\/p>\n<p class=\"s8\">\n<p class=\"s10\"><span class=\"s6\"><span class=\"bumpedFont15\">Objeto:<\/span><\/span><span class=\"s9\"><span class=\"bumpedFont15\"> Registro de Pre\u00e7os para fornecimento de suprimentos de inform\u00e1tica. Tendo em vista a <\/span><\/span><span class=\"s9\"><span class=\"bumpedFont15\">demonstra\u00e7\u00e3o pela sociedade empres\u00e1ria Centro de Ensino e Servi\u00e7os Ltda. acerca da exequibil<\/span><\/span><span class=\"s9\"><span class=\"bumpedFont15\">idade de seus lanc<\/span><\/span><span class=\"s9\"><span class=\"bumpedFont15\">es nos itens aos quais foi declarada vencedora com valores abaixo de 50% do valor <\/span><\/span><span class=\"s9\"><span class=\"bumpedFont15\">estimado<\/span><\/span> <span class=\"s9\"><span class=\"bumpedFont15\">e, considerando a previs\u00e3o contida no art. 165 da Lei n\u00ba 14.133\/21, fica aberto o pr<\/span><\/span><span class=\"s9\"><span class=\"bumpedFont15\">azo recursal de 3(<\/span><\/span><span class=\"s9\"><span class=\"bumpedFont15\">tr\u00eas) dias \u00fateis para even<\/span><\/span><span class=\"s9\"><span class=\"bumpedFont15\">tual interposi\u00e7\u00e3o de recursos adminis<\/span><\/span><span class=\"s9\"><span class=\"bumpedFont15\">trativos frente <\/span><\/span><span class=\"s9\"><span class=\"bumpedFont15\">a<\/span><\/span><span class=\"s9\"><span class=\"bumpedFont15\">s propostas apr<\/span><\/span><span class=\"s9\"><span class=\"bumpedFont15\">esentadas, bem como em rela\u00e7\u00e3o aos documenta\u00e7\u00e3o de habilita\u00e7\u00e3o da licitante vencedora. Descoberto, em 15 de julho de 2025. Valcione Jorgina de Faria, Agente de Contrata\u00e7\u00e3o.<\/span><\/span><\/p>\n<p class=\"s5\">\n<p class=\"s5\">\n<p class=\"s11\">Rua: Capit\u00e3o Bas\u00edlio n\u00ba 39 &#8211; Centro &#8211; Descoberto &#8211; MG &#8211; CEP36690-000<\/p>\n<p class=\"s11\">Telefax (32) 3265-1740 \u2013 e-mail: prefeitura@descoberto.mg.gov.br<\/p>\n","protected":false},"excerpt":{"rendered":"<p>PREFEITURA MUNICIPAL DE DESCOBERTO PROCESSO N\u00ba 049\/2025 PREG\u00c3O PRESENCIAL N\u00ba 010\/2025 ABERTURA DE PRAZO RECURSAL Objeto: Registro de Pre\u00e7os para fornecimento de suprimentos de inform\u00e1tica. Tendo em vista a demonstra\u00e7\u00e3o pela sociedade empres\u00e1ria Centro de Ensino e Servi\u00e7os Ltda. acerca da exequibilidade de seus lances nos itens aos quais foi declarada vencedora com valores abaixo [&hellip;]<\/p>\n","protected":false},"author":246,"featured_media":0,"comment_status":"closed","ping_status":"closed","sticky":false,"template":"","format":"standard","meta":{"footnotes":""},"categories":[307],"tags":[],"class_list":["post-229339","post","type-post","status-publish","format-standard","hentry","category-editais"],"_links":{"self":[{"href":"https:\/\/diarioregionaldigital.com.br\/index.php?rest_route=\/wp\/v2\/posts\/229339","targetHints":{"allow":["GET"]}}],"collection":[{"href":"https:\/\/diarioregionaldigital.com.br\/index.php?rest_route=\/wp\/v2\/posts"}],"about":[{"href":"https:\/\/diarioregionaldigital.com.br\/index.php?rest_route=\/wp\/v2\/types\/post"}],"author":[{"embeddable":true,"href":"https:\/\/diarioregionaldigital.com.br\/index.php?rest_route=\/wp\/v2\/users\/246"}],"replies":[{"embeddable":true,"href":"https:\/\/diarioregionaldigital.com.br\/index.php?rest_route=%2Fwp%2Fv2%2Fcomments&post=229339"}],"version-history":[{"count":1,"href":"https:\/\/diarioregionaldigital.com.br\/index.php?rest_route=\/wp\/v2\/posts\/229339\/revisions"}],"predecessor-version":[{"id":229340,"href":"https:\/\/diarioregionaldigital.com.br\/index.php?rest_route=\/wp\/v2\/posts\/229339\/revisions\/229340"}],"wp:attachment":[{"href":"https:\/\/diarioregionaldigital.com.br\/index.php?rest_route=%2Fwp%2Fv2%2Fmedia&parent=229339"}],"wp:term":[{"taxonomy":"category","embeddable":true,"href":"https:\/\/diarioregionaldigital.com.br\/index.php?rest_route=%2Fwp%2Fv2%2Fcategories&post=229339"},{"taxonomy":"post_tag","embeddable":true,"href":"https:\/\/diarioregionaldigital.com.br\/index.php?rest_route=%2Fwp%2Fv2%2Ftags&post=229339"}],"curies":[{"name":"wp","href":"https:\/\/api.w.org\/{rel}","templated":true}]}}