{"id":229337,"date":"2025-07-16T12:23:22","date_gmt":"2025-07-16T15:23:22","guid":{"rendered":"https:\/\/diarioregionaldigital.com.br\/?p=229337"},"modified":"2025-07-16T12:23:22","modified_gmt":"2025-07-16T15:23:22","slug":"fraudes-lacunas-e-vies-o-que-o-registro-fossil-realmente-revela-parte-01","status":"publish","type":"post","link":"https:\/\/diarioregionaldigital.com.br\/?p=229337","title":{"rendered":"Fraudes, Lacunas e Vi\u00e9s: O Que o Registro F\u00f3ssil Realmente Revela?&#8221; &#8211; Parte 01"},"content":{"rendered":"<p class=\"s2\">O registro f\u00f3ssil humano h\u00e1 muito tempo \u00e9 retratado como uma prova inquestion\u00e1vel da evolu\u00e7\u00e3o. Contudo, a an\u00e1lise cuidadosa desse campo revela algo muito diferente do que \u00e9 propagado como fato pela narrativa darwinista moderna. O que deveria ser um esfor\u00e7o cient\u00edfico com pretens\u00f5es objetivas, o mais pr\u00f3ximo poss\u00edvel da neutralidade e baseado exclusivamente nas evid\u00eancias, frequentemente \u00e9 moldado por compromissos ideol\u00f3gicos.<\/p>\n<p class=\"s2\">O dogma naturalista-materialista, assentado sobre \u00a0o imanentismo filos\u00f3fico, \u00e9 o fundamento do evolucionismo e estabelece limites artificiais \u00e0 pesquisa cient\u00edfica, introduzindo um perigoso vi\u00e9s que distorce a interpreta\u00e7\u00e3o dos dados f\u00f3sseis e conduz a academia a conclus\u00f5es especulativas que carecem de fundamenta\u00e7\u00e3o s\u00f3lida. Mesmo quando faltam evid\u00eancias, a narrativa dominante insiste em preencher lacunas com hip\u00f3teses especulativas para sustentar suas premissas.<\/p>\n<p class=\"s2\">Por exemplo, a aus\u00eancia de formas intermedi\u00e1rias claras entre os supostos ancestrais humanos, um problema que carece de documenta\u00e7\u00e3o nos achados, \u00e9 frequentemente \u201ccontornado\u201d com a \u201cfor\u00e7a\u00e7\u00e3o de barra\u201d que atribui ancestralidade a pequenos fragmentos encontrados no registro f\u00f3ssil. A verdade insofism\u00e1vel \u00e9 que se qualquer um desses \u201cind\u00edcios\u201d for submetido a uma an\u00e1lise verdadeiramente anal\u00edtica, constata-se que todos s\u00e3o, no m\u00ednimo, inconclusivos.<\/p>\n<p class=\"s2\">Ao mesmo tempo, a aus\u00eancia de uma linha evolutiva clara \u00e9 muitas vezes explicada com o argumento do fracasso da fossiliza\u00e7\u00e3o ou da aus\u00eancia de descobertas de evid\u00eancias ainda por serem encontradas. Essa postura n\u00e3o \u00e9 baseada nas evid\u00eancias, mas em uma recusa terminante de considerar hip\u00f3teses alternativas.<\/p>\n<p class=\"s2\">Fraudes e interpreta\u00e7\u00f5es exageradas de f\u00f3sseis ao longo da hist\u00f3ria cient\u00edfica demonstram como o preconceito evolucionista influencia negativamente a busca pela verdade em nome da defesa dogm\u00e1tica de uma teoria. O caso do Homem de Piltdown, no qual partes de um cr\u00e2nio humano foram fraudulentamente combinadas com a mand\u00edbula de um orangotango para produzir um falso \u201celo perdido\u201d, foi aceito como prova da evolu\u00e7\u00e3o por mais de 40 anos. Esse exemplo cl\u00e1ssico ilustra como lacunas cient\u00edficas foram preenchidas com enganos intencionais e coloca a nu a sede de confirmar uma conclus\u00e3o previamente estabelecida, mesmo que \u00e0 custa da verdade cient\u00edfica. Outro exemplo \u00e9 o Homem de Nebraska, reconstru\u00eddo a partir de um \u00fanico dente, que depois foi identificado como pertencente a um porco extinto. Casos como esses servem como um alerta de que a academia est\u00e1 permeada por preconceitos e interesses ideol\u00f3gicos que a desviam de seu pretenso compromisso com a verdade.<\/p>\n<p class=\"s2\">Mesmo nos estudos que n\u00e3o envolvem fraudes intencionais, interpreta\u00e7\u00f5es tendenciosas permanecem comuns. Por exemplo, f\u00f3sseis de Australopithecus afarensis, conhecidos como \u201cLucy\u201d, apresentados como ancestrais diretos dos humanos, possuem evid\u00eancias anat\u00f4micas que sugerem que se tratavam de primatas altamente adaptados \u00e0 vida arb\u00f3rea, mais semelhantes a macacos do que aos seres humanos modernos. Fatores como quadris, ombros e at\u00e9 mesmo m\u00e3os indicam caracter\u00edsticas ideais para escalada, enquanto o bipedalismo sustentado, uma caracter\u00edstica distintivamente humana, \u00e9 questionado por diversos estudos independentes dos rastros de Laetoli. Apesar disso, reconstru\u00e7\u00f5es de Australopithecus continuam sendo apresentadas ao p\u00fablico de forma humanizada, servindo de um falso trof\u00e9u para os darwinistas.<\/p>\n<p class=\"s2\">Pesquisadores s\u00e9rios que questionam o darwinismo costumam ser marginalizados na academia, visto que a liberdade de investiga\u00e7\u00e3o \u00e9 restringida por uma ades\u00e3o dogm\u00e1tica ao naturalismo e ao materialismo. Isso faz com que a ci\u00eancia se torne uma mera caixa de resson\u00e2ncia ideol\u00f3gica. Quando se considera toda a evid\u00eancia em aberto (ou seja, lacunas f\u00f3sseis, eventos s\u00fabitos, inexist\u00eancia de intermedi\u00e1rios e a resist\u00eancia ao debate), a conclus\u00e3o l\u00f3gica \u00e9 que o evolucionismo \u00e9 sustentado mais por f\u00e9 do que por evid\u00eancias cient\u00edficas.<\/p>\n<p class=\"s2\">Talvez a quest\u00e3o mais intrigante seja o surgimento da consci\u00eancia humana, um fen\u00f4meno sem paralelo no reino animal e sem explica\u00e7\u00e3o convincente no interior do paradigma em voga. \u00a0Caracter\u00edsticas como moralidade, criatividade, pensamento abstrato e espiritualidade emergem de forma abrupta na hist\u00f3ria humana, praticamente ao mesmo tempo que os registros f\u00f3sseis conclusivos. Ou seja, quando encontramos o esqueleto humano, via de regra, encontramos evid\u00eancias de sua a\u00e7\u00e3o consciente. Seja pela presen\u00e7a de ferramentas, pinturas, evid\u00eancias de vida social e, sobretudo, religiosidade, como aquela expressa no ato de enterrar os mortos.<\/p>\n<p class=\"s2\">Este fen\u00f4meno mais instigante \u00e9 a principal constata\u00e7\u00e3o de que a criatura humana n\u00e3o \u00e9 mero resultado do acaso evolucionista, pois revela sua presen\u00e7a na Terra j\u00e1 dotada de capacidades in\u00e9ditas e podemos dizer divinamente distintivas. E \u00e9 desse ponto que partiremos para o pr\u00f3ximo artigo. N\u00e3o perca!<\/p>\n<p class=\"s2\">\n","protected":false},"excerpt":{"rendered":"<p>O registro f\u00f3ssil humano h\u00e1 muito tempo \u00e9 retratado como uma prova inquestion\u00e1vel da evolu\u00e7\u00e3o. Contudo, a an\u00e1lise cuidadosa desse campo revela algo muito diferente do que \u00e9 propagado como fato pela narrativa darwinista moderna. O que deveria ser um esfor\u00e7o cient\u00edfico com pretens\u00f5es objetivas, o mais pr\u00f3ximo poss\u00edvel da neutralidade e baseado exclusivamente nas [&hellip;]<\/p>\n","protected":false},"author":246,"featured_media":0,"comment_status":"closed","ping_status":"closed","sticky":false,"template":"","format":"standard","meta":{"footnotes":""},"categories":[1244],"tags":[],"class_list":["post-229337","post","type-post","status-publish","format-standard","hentry","category-oleg-abramov"],"_links":{"self":[{"href":"https:\/\/diarioregionaldigital.com.br\/index.php?rest_route=\/wp\/v2\/posts\/229337","targetHints":{"allow":["GET"]}}],"collection":[{"href":"https:\/\/diarioregionaldigital.com.br\/index.php?rest_route=\/wp\/v2\/posts"}],"about":[{"href":"https:\/\/diarioregionaldigital.com.br\/index.php?rest_route=\/wp\/v2\/types\/post"}],"author":[{"embeddable":true,"href":"https:\/\/diarioregionaldigital.com.br\/index.php?rest_route=\/wp\/v2\/users\/246"}],"replies":[{"embeddable":true,"href":"https:\/\/diarioregionaldigital.com.br\/index.php?rest_route=%2Fwp%2Fv2%2Fcomments&post=229337"}],"version-history":[{"count":1,"href":"https:\/\/diarioregionaldigital.com.br\/index.php?rest_route=\/wp\/v2\/posts\/229337\/revisions"}],"predecessor-version":[{"id":229338,"href":"https:\/\/diarioregionaldigital.com.br\/index.php?rest_route=\/wp\/v2\/posts\/229337\/revisions\/229338"}],"wp:attachment":[{"href":"https:\/\/diarioregionaldigital.com.br\/index.php?rest_route=%2Fwp%2Fv2%2Fmedia&parent=229337"}],"wp:term":[{"taxonomy":"category","embeddable":true,"href":"https:\/\/diarioregionaldigital.com.br\/index.php?rest_route=%2Fwp%2Fv2%2Fcategories&post=229337"},{"taxonomy":"post_tag","embeddable":true,"href":"https:\/\/diarioregionaldigital.com.br\/index.php?rest_route=%2Fwp%2Fv2%2Ftags&post=229337"}],"curies":[{"name":"wp","href":"https:\/\/api.w.org\/{rel}","templated":true}]}}