{"id":229334,"date":"2025-07-15T21:07:31","date_gmt":"2025-07-16T00:07:31","guid":{"rendered":"https:\/\/diarioregionaldigital.com.br\/?p=229334"},"modified":"2025-07-15T21:07:31","modified_gmt":"2025-07-16T00:07:31","slug":"mercado-municipal-de-juiz-de-fora-amplia-programacao-cultural-com-musica-ao-vivo-em-quatro-dias-da-semana","status":"publish","type":"post","link":"https:\/\/diarioregionaldigital.com.br\/?p=229334","title":{"rendered":"Mercado Municipal de Juiz de Fora amplia programa\u00e7\u00e3o cultural com m\u00fasica ao vivo em quatro dias da semana"},"content":{"rendered":"<p>Segundo informa\u00e7\u00f5es do site da Prefeitura de Juiz de Fora (PJF), o Mercado Municipal de Juiz de Fora est\u00e1 ainda mais musical. A partir desta semana, o tradicional espa\u00e7o da cidade passa a oferecer programa\u00e7\u00e3o musical ao vivo em quatro dias da semana, com entrada gratuita. A iniciativa busca fortalecer a cena cultural local, incentivar a visita\u00e7\u00e3o ao mercado e oferecer ao p\u00fablico uma agenda diversificada, com apresenta\u00e7\u00f5es em diferentes estilos musicais.<\/p>\n<p>A nova programa\u00e7\u00e3o come\u00e7a nesta ter\u00e7a-feira, 15, com a apresenta\u00e7\u00e3o do grupo &#8220;Hora do Choro&#8221;. O show de chorinho acontece no primeiro piso, em frente ao Bar da Sidineia, a partir das 19h, e passar\u00e1 a ocorrer todas as ter\u00e7as-feiras, no mesmo hor\u00e1rio. Aos domingos, a apresenta\u00e7\u00e3o se repete \u00e0s 15h, com dura\u00e7\u00e3o aproximada de duas horas.<\/p>\n<p>J\u00e1 no segundo piso, onde fica a pra\u00e7a de alimenta\u00e7\u00e3o, a programa\u00e7\u00e3o segue com Pop Rock \u00e0s quartas-feiras e samba \u00e0s sextas-feiras, sempre das 19h \u00e0s 22h. As atra\u00e7\u00f5es s\u00e3o compostas por bandas e grupos da cidade, refor\u00e7ando o compromisso do projeto com a valoriza\u00e7\u00e3o dos artistas locais.<\/p>\n<p>Segundo o gerente do Mercado Municipal, Gustavo da Silva Lima, a proposta \u00e9 consolidar o espa\u00e7o como ponto de encontro cultural para os juiz-foranos. \u201cTodas as apresenta\u00e7\u00f5es s\u00e3o gratuitas. A ideia \u00e9 criar o h\u00e1bito da presen\u00e7a do p\u00fablico a partir dos diversos estilos musicais distribu\u00eddos ao longo da semana, fortalecendo a cultura local e o v\u00ednculo da popula\u00e7\u00e3o com o mercado\u201d, destacou.<\/p>\n<p>A a\u00e7\u00e3o integra os esfor\u00e7os da Prefeitura de Juiz de Fora para promover o acesso \u00e0 cultura, dinamizar o uso dos espa\u00e7os p\u00fablicos e apoiar os talentos da cidade.<\/p>\n","protected":false},"excerpt":{"rendered":"<p>Segundo informa\u00e7\u00f5es do site da Prefeitura de Juiz de Fora (PJF), o Mercado Municipal de Juiz de Fora est\u00e1 ainda mais musical. A partir desta semana, o tradicional espa\u00e7o da cidade passa a oferecer programa\u00e7\u00e3o musical ao vivo em quatro dias da semana, com entrada gratuita. A iniciativa busca fortalecer a cena cultural local, incentivar [&hellip;]<\/p>\n","protected":false},"author":246,"featured_media":229335,"comment_status":"closed","ping_status":"closed","sticky":false,"template":"","format":"standard","meta":{"footnotes":""},"categories":[253,436,440,439],"tags":[],"class_list":["post-229334","post","type-post","status-publish","format-standard","has-post-thumbnail","hentry","category-cidade","category-destaque-da-semana","category-destaques-do-dia","category-ultima-hora"],"_links":{"self":[{"href":"https:\/\/diarioregionaldigital.com.br\/index.php?rest_route=\/wp\/v2\/posts\/229334","targetHints":{"allow":["GET"]}}],"collection":[{"href":"https:\/\/diarioregionaldigital.com.br\/index.php?rest_route=\/wp\/v2\/posts"}],"about":[{"href":"https:\/\/diarioregionaldigital.com.br\/index.php?rest_route=\/wp\/v2\/types\/post"}],"author":[{"embeddable":true,"href":"https:\/\/diarioregionaldigital.com.br\/index.php?rest_route=\/wp\/v2\/users\/246"}],"replies":[{"embeddable":true,"href":"https:\/\/diarioregionaldigital.com.br\/index.php?rest_route=%2Fwp%2Fv2%2Fcomments&post=229334"}],"version-history":[{"count":1,"href":"https:\/\/diarioregionaldigital.com.br\/index.php?rest_route=\/wp\/v2\/posts\/229334\/revisions"}],"predecessor-version":[{"id":229336,"href":"https:\/\/diarioregionaldigital.com.br\/index.php?rest_route=\/wp\/v2\/posts\/229334\/revisions\/229336"}],"wp:featuredmedia":[{"embeddable":true,"href":"https:\/\/diarioregionaldigital.com.br\/index.php?rest_route=\/wp\/v2\/media\/229335"}],"wp:attachment":[{"href":"https:\/\/diarioregionaldigital.com.br\/index.php?rest_route=%2Fwp%2Fv2%2Fmedia&parent=229334"}],"wp:term":[{"taxonomy":"category","embeddable":true,"href":"https:\/\/diarioregionaldigital.com.br\/index.php?rest_route=%2Fwp%2Fv2%2Fcategories&post=229334"},{"taxonomy":"post_tag","embeddable":true,"href":"https:\/\/diarioregionaldigital.com.br\/index.php?rest_route=%2Fwp%2Fv2%2Ftags&post=229334"}],"curies":[{"name":"wp","href":"https:\/\/api.w.org\/{rel}","templated":true}]}}