{"id":229331,"date":"2025-07-15T21:05:31","date_gmt":"2025-07-16T00:05:31","guid":{"rendered":"https:\/\/diarioregionaldigital.com.br\/?p=229331"},"modified":"2025-07-15T21:05:31","modified_gmt":"2025-07-16T00:05:31","slug":"pjf-lanca-campanha-caca-as-amarelinhas-para-substituir-possiveis-excecoes-na-iluminacao-publica-em-led","status":"publish","type":"post","link":"https:\/\/diarioregionaldigital.com.br\/?p=229331","title":{"rendered":"PJF lan\u00e7a campanha &#8220;Ca\u00e7a \u00e0s amarelinhas&#8221; para substituir poss\u00edveis exce\u00e7\u00f5es na ilumina\u00e7\u00e3o p\u00fablica em LED"},"content":{"rendered":"<p>Segundo informa\u00e7\u00f5es do site da Prefeitura de Juiz de Fora (PJF), de acordo com um levantamento t\u00e9cnico feito pela Diretoria de Ilumina\u00e7\u00e3o P\u00fablica e Efici\u00eancia Energ\u00e9tica da Empav junto \u00e0 Cemig, todas as lumin\u00e1rias da cidade j\u00e1 foram trocadas por LED. Portanto, Juiz de Fora est\u00e1, oficialmente, com 100% da ilumina\u00e7\u00e3o p\u00fablica modernizada. Apesar da marca hist\u00f3rica, a Prefeitura reconhece a possibilidade de ainda existirem exce\u00e7\u00f5es pontuais e, por isso, lan\u00e7ou a campanha \u201cCa\u00e7a \u00e0s Amarelinhas\u201d, com o objetivo de mobilizar a popula\u00e7\u00e3o a colaborar na identifica\u00e7\u00e3o de postes que ainda utilizem o modelo antigo de ilumina\u00e7\u00e3o.<\/p>\n<p>A popula\u00e7\u00e3o pode contribuir informando a localiza\u00e7\u00e3o de postes que ainda tenham luz amarela por meio de liga\u00e7\u00e3o ou WhatsApp para o n\u00famero:\u00a0<a href=\"tel:(32) 3690-7241\">(32) 3690-7241<\/a> \u2013 Gabinete de A\u00e7\u00e3o e Di\u00e1logo Comunit\u00e1rio.\u00a0As informa\u00e7\u00f5es ser\u00e3o verificadas pela equipe t\u00e9cnica da Prefeitura, que providenciar\u00e1 a substitui\u00e7\u00e3o, se necess\u00e1rio.<\/p>\n<div>\nA troca para a ilumina\u00e7\u00e3o LED representa o maior investimento da hist\u00f3ria da cidade em ilumina\u00e7\u00e3o p\u00fablica: cerca de R$ 50 milh\u00f5es foram aplicados para deixar Juiz de Fora mais clara, mais segura e mais eficiente.\u00a0A substitui\u00e7\u00e3o gera benef\u00edcios diretos \u00e0 cidade, como melhor visibilidade, maior efici\u00eancia energ\u00e9tica, durabilidade ampliada, menor impacto ambiental e refor\u00e7o na seguran\u00e7a p\u00fablica. Al\u00e9m disso, a nova ilumina\u00e7\u00e3o colabora com a valoriza\u00e7\u00e3o dos espa\u00e7os urbanos e com a sensa\u00e7\u00e3o de bem-estar da popula\u00e7\u00e3o.<\/div>\n","protected":false},"excerpt":{"rendered":"<p>Segundo informa\u00e7\u00f5es do site da Prefeitura de Juiz de Fora (PJF), de acordo com um levantamento t\u00e9cnico feito pela Diretoria de Ilumina\u00e7\u00e3o P\u00fablica e Efici\u00eancia Energ\u00e9tica da Empav junto \u00e0 Cemig, todas as lumin\u00e1rias da cidade j\u00e1 foram trocadas por LED. Portanto, Juiz de Fora est\u00e1, oficialmente, com 100% da ilumina\u00e7\u00e3o p\u00fablica modernizada. Apesar da [&hellip;]<\/p>\n","protected":false},"author":246,"featured_media":229332,"comment_status":"closed","ping_status":"closed","sticky":false,"template":"","format":"standard","meta":{"footnotes":""},"categories":[253,436,440,439],"tags":[],"class_list":["post-229331","post","type-post","status-publish","format-standard","has-post-thumbnail","hentry","category-cidade","category-destaque-da-semana","category-destaques-do-dia","category-ultima-hora"],"_links":{"self":[{"href":"https:\/\/diarioregionaldigital.com.br\/index.php?rest_route=\/wp\/v2\/posts\/229331","targetHints":{"allow":["GET"]}}],"collection":[{"href":"https:\/\/diarioregionaldigital.com.br\/index.php?rest_route=\/wp\/v2\/posts"}],"about":[{"href":"https:\/\/diarioregionaldigital.com.br\/index.php?rest_route=\/wp\/v2\/types\/post"}],"author":[{"embeddable":true,"href":"https:\/\/diarioregionaldigital.com.br\/index.php?rest_route=\/wp\/v2\/users\/246"}],"replies":[{"embeddable":true,"href":"https:\/\/diarioregionaldigital.com.br\/index.php?rest_route=%2Fwp%2Fv2%2Fcomments&post=229331"}],"version-history":[{"count":1,"href":"https:\/\/diarioregionaldigital.com.br\/index.php?rest_route=\/wp\/v2\/posts\/229331\/revisions"}],"predecessor-version":[{"id":229333,"href":"https:\/\/diarioregionaldigital.com.br\/index.php?rest_route=\/wp\/v2\/posts\/229331\/revisions\/229333"}],"wp:featuredmedia":[{"embeddable":true,"href":"https:\/\/diarioregionaldigital.com.br\/index.php?rest_route=\/wp\/v2\/media\/229332"}],"wp:attachment":[{"href":"https:\/\/diarioregionaldigital.com.br\/index.php?rest_route=%2Fwp%2Fv2%2Fmedia&parent=229331"}],"wp:term":[{"taxonomy":"category","embeddable":true,"href":"https:\/\/diarioregionaldigital.com.br\/index.php?rest_route=%2Fwp%2Fv2%2Fcategories&post=229331"},{"taxonomy":"post_tag","embeddable":true,"href":"https:\/\/diarioregionaldigital.com.br\/index.php?rest_route=%2Fwp%2Fv2%2Ftags&post=229331"}],"curies":[{"name":"wp","href":"https:\/\/api.w.org\/{rel}","templated":true}]}}