{"id":229328,"date":"2025-07-15T21:01:35","date_gmt":"2025-07-16T00:01:35","guid":{"rendered":"https:\/\/diarioregionaldigital.com.br\/?p=229328"},"modified":"2025-07-15T21:01:35","modified_gmt":"2025-07-16T00:01:35","slug":"conselho-de-defesa-social-do-governo-de-minas-discute-combate-ao-crime-organizado","status":"publish","type":"post","link":"https:\/\/diarioregionaldigital.com.br\/?p=229328","title":{"rendered":"Conselho de Defesa Social do Governo de Minas discute combate ao crime organizado"},"content":{"rendered":"<p>O vice-governador de Minas Gerais, Mateus Sim\u00f5es, participou, nesta ter\u00e7a-feira (15\/7), de uma reuni\u00e3o com os seis grupos de trabalho do Conselho de Defesa Social, retomado pelo <a href=\"https:\/\/www.mg.gov.br\/\" target=\"_blank\" rel=\"noopener\">Governo de Minas<\/a> ap\u00f3s dez anos, para discutir a\u00e7\u00f5es pr\u00e1ticas para evitar a atua\u00e7\u00e3o do crime organizado em todo o estado.<\/p>\n<p>Os integrantes foram divididos nas seguintes \u00e1reas tem\u00e1ticas: Crimes Financeiros Virtuais, Tr\u00e1fico de Drogas, Ouro, Combust\u00edveis, Tabaco e Bebidas. Os tr\u00eas \u00faltimos s\u00e3o focados em coibir o contrabando e a venda de produtos falsificados.<\/p>\n<p>A reuni\u00e3o, presidida pelo vice-governador,\u00a0tamb\u00e9m teve\u00a0a participa\u00e7\u00e3o de representantes da <a href=\"https:\/\/www.seguranca.mg.gov.br\/\" target=\"_blank\" rel=\"noopener\">Secretaria de Estado de Justi\u00e7a e Seguran\u00e7a P\u00fablica (Sejusp)<\/a>, da <a href=\"https:\/\/www.policiamilitar.mg.gov.br\/\" target=\"_blank\" rel=\"noopener\">Pol\u00edcia Militar de Minas Gerais (PMMG)<\/a>, da <a href=\"https:\/\/www.policiacivil.mg.gov.br\/\" target=\"_blank\" rel=\"noopener\">Pol\u00edcia Civil de Minas Gerais (PCMG)<\/a>, da Pol\u00edcia Federal (PF) e da Pol\u00edcia Rodovi\u00e1ria Federal (PRF), al\u00e9m de integrantes de outras pastas ligadas a cada um dos temas.<\/p>\n<p>O vice-governador explicou a proposta de atua\u00e7\u00e3o dos grupos de trabalho dentro do \u00a0contexto da reativa\u00e7\u00e3o do conselho, exatamente para cuidar da seguran\u00e7a p\u00fablica. &#8220;Criamos, a partir de hoje, seis grupos de trabalho envolvendo todas as nossas pol\u00edcias, de maneira que a gente possa combater cada uma das grandes fontes de receita do crime organizado em Minas Gerais&#8221;, explicou.<\/p>\n<table border=\"0\" cellspacing=\"1\" cellpadding=\"1\" align=\"center\">\n<tbody>\n<tr>\n<td colspan=\"5\"><img decoding=\"async\" src=\"https:\/\/www.agenciaminas.mg.gov.br\/ckeditor_assets\/pictures\/20949\/content_2_olho_topo.jpg\" alt=\"\" \/><\/td>\n<\/tr>\n<tr>\n<td><\/td>\n<td colspan=\"3\" rowspan=\"3\">\n<h1><strong>&#8220;N\u00f3s vamos agir nas seis frentes para garantir o desfinanciamento do crime organizado em todo o estado. Esse \u00e9 o t\u00f3pico central de todas essas discuss\u00f5es, tirar o dinheiro que alimenta a atua\u00e7\u00e3o do crime organizado para que esses criminosos n\u00e3o tenham interesse em atuar em Minas Gerais&#8221;, assinalou Mateus Sim\u00f5es.<\/strong><\/h1>\n<\/td>\n<td><\/td>\n<\/tr>\n<tr>\n<td><\/td>\n<td><\/td>\n<\/tr>\n<tr>\n<td><\/td>\n<td><\/td>\n<\/tr>\n<tr>\n<td colspan=\"5\"><img decoding=\"async\" src=\"https:\/\/www.agenciaminas.mg.gov.br\/ckeditor_assets\/pictures\/20950\/content_2_olho_inferior.jpg\" alt=\"\" \/><\/td>\n<\/tr>\n<\/tbody>\n<\/table>\n<p>Desde outubro de 2024, o Servi\u00e7o de Intelig\u00eancia de Minas Gerais identificou mais de 600 integrantes de fac\u00e7\u00f5es criminosas que estavam foragidos, com ordens de pris\u00e3o em aberto.<\/p>\n<p><strong>Seguran\u00e7a p\u00fablica<\/strong><\/p>\n<p>O Conselho de Defesa Social foi reativado pelo Governo de Minas em 2025, com duas metas de atua\u00e7\u00e3o: combate ao crime organizado e \u00e0 viol\u00eancia em eventos esportivos. O \u00f3rg\u00e3o j\u00e1 determinou um protocolo para melhorar a seguran\u00e7a nos est\u00e1dios de futebol de Minas Gerais.<\/p>\n<p>Ao longo dos encontros, o objetivo do conselho ser\u00e1 acompanhar ainda mais de perto os n\u00fameros e indicadores da seguran\u00e7a p\u00fablica, al\u00e9m de direcionar medidas estrat\u00e9gicas para repress\u00e3o \u00e0 criminalidade.<\/p>\n<p>A partir de 2019, houve aumento de 60% nos investimentos do Governo de Minas para a \u00e1rea de seguran\u00e7a. Um incremento que permitiu ao estado chegar ao posto de vice-l\u00edder no ranking dos com maior sensa\u00e7\u00e3o de seguran\u00e7a do Brasil em 2023, com 87% da popula\u00e7\u00e3o afirmando estar segura na regi\u00e3o onde mora.<\/p>\n<p>&nbsp;<\/p>\n<p>Fonte: Ag\u00eancia Minas<\/p>\n","protected":false},"excerpt":{"rendered":"<p>O vice-governador de Minas Gerais, Mateus Sim\u00f5es, participou, nesta ter\u00e7a-feira (15\/7), de uma reuni\u00e3o com os seis grupos de trabalho do Conselho de Defesa Social, retomado pelo Governo de Minas ap\u00f3s dez anos, para discutir a\u00e7\u00f5es pr\u00e1ticas para evitar a atua\u00e7\u00e3o do crime organizado em todo o estado. Os integrantes foram divididos nas seguintes \u00e1reas [&hellip;]<\/p>\n","protected":false},"author":246,"featured_media":229329,"comment_status":"closed","ping_status":"closed","sticky":false,"template":"","format":"standard","meta":{"footnotes":""},"categories":[436,440,261,254,439],"tags":[],"class_list":["post-229328","post","type-post","status-publish","format-standard","has-post-thumbnail","hentry","category-destaque-da-semana","category-destaques-do-dia","category-economia","category-politica","category-ultima-hora"],"_links":{"self":[{"href":"https:\/\/diarioregionaldigital.com.br\/index.php?rest_route=\/wp\/v2\/posts\/229328","targetHints":{"allow":["GET"]}}],"collection":[{"href":"https:\/\/diarioregionaldigital.com.br\/index.php?rest_route=\/wp\/v2\/posts"}],"about":[{"href":"https:\/\/diarioregionaldigital.com.br\/index.php?rest_route=\/wp\/v2\/types\/post"}],"author":[{"embeddable":true,"href":"https:\/\/diarioregionaldigital.com.br\/index.php?rest_route=\/wp\/v2\/users\/246"}],"replies":[{"embeddable":true,"href":"https:\/\/diarioregionaldigital.com.br\/index.php?rest_route=%2Fwp%2Fv2%2Fcomments&post=229328"}],"version-history":[{"count":1,"href":"https:\/\/diarioregionaldigital.com.br\/index.php?rest_route=\/wp\/v2\/posts\/229328\/revisions"}],"predecessor-version":[{"id":229330,"href":"https:\/\/diarioregionaldigital.com.br\/index.php?rest_route=\/wp\/v2\/posts\/229328\/revisions\/229330"}],"wp:featuredmedia":[{"embeddable":true,"href":"https:\/\/diarioregionaldigital.com.br\/index.php?rest_route=\/wp\/v2\/media\/229329"}],"wp:attachment":[{"href":"https:\/\/diarioregionaldigital.com.br\/index.php?rest_route=%2Fwp%2Fv2%2Fmedia&parent=229328"}],"wp:term":[{"taxonomy":"category","embeddable":true,"href":"https:\/\/diarioregionaldigital.com.br\/index.php?rest_route=%2Fwp%2Fv2%2Fcategories&post=229328"},{"taxonomy":"post_tag","embeddable":true,"href":"https:\/\/diarioregionaldigital.com.br\/index.php?rest_route=%2Fwp%2Fv2%2Ftags&post=229328"}],"curies":[{"name":"wp","href":"https:\/\/api.w.org\/{rel}","templated":true}]}}