{"id":229325,"date":"2025-07-15T20:51:52","date_gmt":"2025-07-15T23:51:52","guid":{"rendered":"https:\/\/diarioregionaldigital.com.br\/?p=229325"},"modified":"2025-07-15T20:51:52","modified_gmt":"2025-07-15T23:51:52","slug":"comercio-de-minas-gerais-com-outros-estados-registra-superavit-recorde-de-r-212-bilhoes-em-2024","status":"publish","type":"post","link":"https:\/\/diarioregionaldigital.com.br\/?p=229325","title":{"rendered":"Com\u00e9rcio de Minas Gerais com outros estados registra super\u00e1vit recorde de R$ 21,2 bilh\u00f5es em 2024"},"content":{"rendered":"<p>Pela segunda vez na s\u00e9rie hist\u00f3rica (2015-2024), o com\u00e9rcio de Minas Gerais com os demais estados brasileiros registrou super\u00e1vit. Os dados foram apresentados\u00a0nesta ter\u00e7a-feira (15\/7)\u00a0pela <a href=\"https:\/\/fjp.mg.gov.br\/\" target=\"_blank\" rel=\"noopener\">Funda\u00e7\u00e3o Jo\u00e3o Pinheiro (FJP)<\/a>, com a participa\u00e7\u00e3o do governador Romeu Zema.<\/p>\n<p>Em 2024, a soma das exporta\u00e7\u00f5es com as importa\u00e7\u00f5es entre Minas e outros estados totalizou R$ 1,2 trilh\u00e3o, valor 7% superior ao registrado em 2023, primeiro ano em que houve super\u00e1vit.<\/p>\n<p>Com este resultado, a balan\u00e7a do com\u00e9rcio interestadual de Minas Gerais registrou super\u00e1vit recorde de R$ 21,2 bilh\u00f5es. No per\u00edodo, as exporta\u00e7\u00f5es mineiras para outros estados tiveram um incremento de 8,6% e as importa\u00e7\u00f5es cresceram 5,6%.<\/p>\n<p>Para o governador, a pesquisa ressalta a for\u00e7a da economia mineira no cen\u00e1rio nacional.<\/p>\n<table border=\"0\" cellspacing=\"1\" cellpadding=\"1\" align=\"center\">\n<tbody>\n<tr>\n<td colspan=\"5\"><img decoding=\"async\" src=\"https:\/\/www.agenciaminas.mg.gov.br\/ckeditor_assets\/pictures\/20949\/content_2_olho_topo.jpg\" alt=\"\" \/><\/td>\n<\/tr>\n<tr>\n<td><\/td>\n<td colspan=\"3\" rowspan=\"3\">\n<h1><strong>&#8220;Esses dados demonstram claramente que a produ\u00e7\u00e3o de Minas Gerais vem crescendo, fazendo com que tenhamos conseguido um saldo positivo com rela\u00e7\u00e3o aos outros estados, o que n\u00e3o acontecia antes. Isso evidencia a competitividade da economia mineira, que tem condi\u00e7\u00f5es de vender mais para os outros estados, trazendo mais desenvolvimento, gera\u00e7\u00e3o de emprego e investimentos&#8221;, destacou Romeu Zema.<\/strong><\/h1>\n<\/td>\n<td><\/td>\n<\/tr>\n<tr>\n<td><\/td>\n<td><\/td>\n<\/tr>\n<tr>\n<td><\/td>\n<td><\/td>\n<\/tr>\n<tr>\n<td colspan=\"5\"><img decoding=\"async\" src=\"https:\/\/www.agenciaminas.mg.gov.br\/ckeditor_assets\/pictures\/20950\/content_2_olho_inferior.jpg\" alt=\"\" \/><\/td>\n<\/tr>\n<\/tbody>\n<\/table>\n<p>O levantamento foi realizado pela Funda\u00e7\u00e3o Jo\u00e3o Pinheiro a partir da base de dados das Notas Fiscais Eletr\u00f4nicas (NFe), disponibilizada pela <a href=\"https:\/\/www.fazenda.mg.gov.br\/\" target=\"_blank\" rel=\"noopener\">Secretaria de Estado de Fazenda (SEF)<\/a>. O estudo e um painel interativo de dados j\u00e1 est\u00e3o dispon\u00edveis no site da institui\u00e7\u00e3o.<\/p>\n<p>\u201cOs resultados v\u00e3o proporcionar informa\u00e7\u00f5es para subsidiar a tomada de decis\u00e3o do <a href=\"https:\/\/www.mg.gov.br\/\" target=\"_blank\" rel=\"noopener\">Governo de Minas<\/a> no \u00e2mbito da gest\u00e3o e das pol\u00edticas p\u00fablicas, contribuindo para o desenvolvimento econ\u00f4mico e social sustent\u00e1vel de Minas\u201d disse a vice-presidente da FJP, M\u00f4nica Bernardi.<\/p>\n<p><strong>N\u00fameros<\/strong><\/p>\n<p>Os principais produtos da pauta de exporta\u00e7\u00e3o do estado em 2024 foram os autom\u00f3veis, suas partes e acess\u00f3rios, com crescimento nominal de 21,1% do valor exportado para outros estados em rela\u00e7\u00e3o a 2023 e participa\u00e7\u00e3o de 10,4% do valor total. S\u00e3o Paulo foi o principal destino desse produto (29,3%). Na sequ\u00eancia, o segundo produto mais exportado por Minas Gerais foi o ferro fundido, ferro e a\u00e7o. S\u00e3o Paulo e Rio de Janeiro foram os principais destinos.<\/p>\n<p>M\u00e1quinas e equipamentos mec\u00e2nicos ocuparam a terceira posi\u00e7\u00e3o, com participa\u00e7\u00e3o de 7,1% e crescimento de 13,7% em rela\u00e7\u00e3o a 2023. Novamente, S\u00e3o Paulo figurou como destino principal (39,2%). Os produtos farmac\u00eauticos aparecem em quarto lugar, com crescimento nominal de 47,9% na compara\u00e7\u00e3o com 2023 e participa\u00e7\u00e3o de 6,7% no total das exporta\u00e7\u00f5es de Minas Gerais para outros estados. Os principais destinos foram o Esp\u00edrito Santo (25,4%) e S\u00e3o Paulo (17%).<\/p>\n<p>As m\u00e1quinas e equipamentos el\u00e9tricos foram o quinto principal produto da pauta de exporta\u00e7\u00e3o interestadual mineira, com aumento de 22,3% do valor exportado e participa\u00e7\u00e3o de 5,4%. Os principais mercados consumidores foram S\u00e3o Paulo (37,5%) e Rio de Janeiro (10,5%).<\/p>\n<p><strong>Importa\u00e7\u00f5es<\/strong><\/p>\n<p>Autom\u00f3veis, pe\u00e7as e acess\u00f3rios tamb\u00e9m foram o principal produto importado de outros estados por Minas Gerais, com participa\u00e7\u00e3o de 13,2% no valor total em 2024. As importa\u00e7\u00f5es tiveram origem, principalmente, de S\u00e3o Paulo (45,3%), Paran\u00e1 (11,8%), Rio Grande do Sul (11,5%) e Pernambuco (9,1%).<\/p>\n<p>M\u00e1quinas e equipamentos mec\u00e2nicos, com participa\u00e7\u00e3o de 10%, foram o segundo produto mais importado pelo estado, seguido por m\u00e1quinas e equipamentos el\u00e9tricos (6,9%) comprados principalmente de S\u00e3o Paulo (56,6%), Santa Catarina (11,2%) e Amazonas (8,7%).<\/p>\n<p>Os combust\u00edveis minerais aparecem na sequ\u00eancia, com participa\u00e7\u00e3o de 6,5% e importa\u00e7\u00f5es originadas de S\u00e3o Paulo (50,8%) e Rio de Janeiro (28,7%). Pl\u00e1sticos e suas obras representaram 4,8% das compras mineiras de outros estados, especialmente de S\u00e3o Paulo (53,1%).<\/p>\n<p>Para o pesquisador da Funda\u00e7\u00e3o Jo\u00e3o Pinheiro e respons\u00e1vel pela pesquisa, L\u00facio Barbosa, os dados mostram como o poder p\u00fablico estadual pode atuar para potencializar as rela\u00e7\u00f5es econ\u00f4micas de Minas com os outros estados da federa\u00e7\u00e3o.<\/p>\n<p>\u201cCom esses dados, conseguimos ver as principais cadeiras produtivas que o Estado est\u00e1 integrado. Conseguimos ver poss\u00edveis lacunas de produtos que poder\u00edamos produzir no estado, ou manter a importa\u00e7\u00e3o. Tamb\u00e9m conseguimos pensar em formas de incentivo para aumentar a produ\u00e7\u00e3o e a competitividade do Estado\u201d explicou.<\/p>\n<p>&nbsp;<\/p>\n<p>Fonte: Ag\u00eancia Minas<\/p>\n","protected":false},"excerpt":{"rendered":"<p>Pela segunda vez na s\u00e9rie hist\u00f3rica (2015-2024), o com\u00e9rcio de Minas Gerais com os demais estados brasileiros registrou super\u00e1vit. Os dados foram apresentados\u00a0nesta ter\u00e7a-feira (15\/7)\u00a0pela Funda\u00e7\u00e3o Jo\u00e3o Pinheiro (FJP), com a participa\u00e7\u00e3o do governador Romeu Zema. Em 2024, a soma das exporta\u00e7\u00f5es com as importa\u00e7\u00f5es entre Minas e outros estados totalizou R$ 1,2 trilh\u00e3o, valor [&hellip;]<\/p>\n","protected":false},"author":246,"featured_media":229326,"comment_status":"closed","ping_status":"closed","sticky":false,"template":"","format":"standard","meta":{"footnotes":""},"categories":[436,440,261,254,439],"tags":[],"class_list":["post-229325","post","type-post","status-publish","format-standard","has-post-thumbnail","hentry","category-destaque-da-semana","category-destaques-do-dia","category-economia","category-politica","category-ultima-hora"],"_links":{"self":[{"href":"https:\/\/diarioregionaldigital.com.br\/index.php?rest_route=\/wp\/v2\/posts\/229325","targetHints":{"allow":["GET"]}}],"collection":[{"href":"https:\/\/diarioregionaldigital.com.br\/index.php?rest_route=\/wp\/v2\/posts"}],"about":[{"href":"https:\/\/diarioregionaldigital.com.br\/index.php?rest_route=\/wp\/v2\/types\/post"}],"author":[{"embeddable":true,"href":"https:\/\/diarioregionaldigital.com.br\/index.php?rest_route=\/wp\/v2\/users\/246"}],"replies":[{"embeddable":true,"href":"https:\/\/diarioregionaldigital.com.br\/index.php?rest_route=%2Fwp%2Fv2%2Fcomments&post=229325"}],"version-history":[{"count":1,"href":"https:\/\/diarioregionaldigital.com.br\/index.php?rest_route=\/wp\/v2\/posts\/229325\/revisions"}],"predecessor-version":[{"id":229327,"href":"https:\/\/diarioregionaldigital.com.br\/index.php?rest_route=\/wp\/v2\/posts\/229325\/revisions\/229327"}],"wp:featuredmedia":[{"embeddable":true,"href":"https:\/\/diarioregionaldigital.com.br\/index.php?rest_route=\/wp\/v2\/media\/229326"}],"wp:attachment":[{"href":"https:\/\/diarioregionaldigital.com.br\/index.php?rest_route=%2Fwp%2Fv2%2Fmedia&parent=229325"}],"wp:term":[{"taxonomy":"category","embeddable":true,"href":"https:\/\/diarioregionaldigital.com.br\/index.php?rest_route=%2Fwp%2Fv2%2Fcategories&post=229325"},{"taxonomy":"post_tag","embeddable":true,"href":"https:\/\/diarioregionaldigital.com.br\/index.php?rest_route=%2Fwp%2Fv2%2Ftags&post=229325"}],"curies":[{"name":"wp","href":"https:\/\/api.w.org\/{rel}","templated":true}]}}