{"id":229322,"date":"2025-07-15T10:54:30","date_gmt":"2025-07-15T13:54:30","guid":{"rendered":"https:\/\/diarioregionaldigital.com.br\/?p=229322"},"modified":"2025-07-15T10:54:30","modified_gmt":"2025-07-15T13:54:30","slug":"extrato-de-contrato-047-2025-15-07-2025","status":"publish","type":"post","link":"https:\/\/diarioregionaldigital.com.br\/?p=229322","title":{"rendered":"EXTRATO DE CONTRATO 047\/2025 &#8211; 15\/07\/2025"},"content":{"rendered":"<p class=\"s4\"><span class=\"s3\"><span class=\"bumpedFont17\">EXTRATO DE CONTRATO<\/span><\/span><span class=\"s3\"><span class=\"bumpedFont17\"> 0<\/span><\/span><span class=\"s3\"><span class=\"bumpedFont17\">4<\/span><\/span><span class=\"s3\"><span class=\"bumpedFont17\">7<\/span><\/span><span class=\"s3\"><span class=\"bumpedFont17\">\/2025<\/span><\/span><\/p>\n<p class=\"s5\"><span class=\"s3\"><span class=\"bumpedFont17\">Pref. Municipal de Descoberto x<\/span><\/span> <span class=\"s3\"><span class=\"bumpedFont17\">SECTRAL SERVI\u00c7OS E COM\u00c9RCIO EM GERAL LTDA<\/span><\/span> <span class=\"s3\"><span class=\"bumpedFont17\">\u2013<\/span><\/span> <span class=\"s3\"><span class=\"bumpedFont17\">Objeto: <\/span><\/span><span class=\"s3\"><span class=\"bumpedFont17\">C<\/span><\/span><span class=\"s3\"><span class=\"bumpedFont17\">ontrata\u00e7\u00e3o de empresa especializada para a execu\u00e7\u00e3o de obra de constru\u00e7\u00e3o e instala\u00e7\u00e3o de parquinhos infantis em pra\u00e7as p\u00fablicas do munic\u00edpio, incluindo o fornecimento de materiais, m\u00e3o de obra, equipamentos e demais insumos necess\u00e1rios, conforme especifica\u00e7\u00f5es t\u00e9cnicas, projetos e cronograma f\u00edsico-financeiro em Descoberto-MG<\/span><\/span> <span class=\"s3\"><span class=\"bumpedFont17\">&#8211;<\/span><\/span> <span class=\"s3\"><span class=\"bumpedFont17\">Fundamento:<\/span><\/span><span class=\"s3\"><span class=\"bumpedFont17\">Concorr\u00eancia Presencial<\/span><\/span> <span class=\"s3\"><span class=\"bumpedFont17\">n\u00ba <\/span><\/span><span class=\"s3\"><span class=\"bumpedFont17\">0<\/span><\/span><span class=\"s3\"><span class=\"bumpedFont17\">01<\/span><\/span><span class=\"s3\"><span class=\"bumpedFont17\">\/<\/span><\/span><span class=\"s3\"><span class=\"bumpedFont17\">202<\/span><\/span><span class=\"s3\"><span class=\"bumpedFont17\">5<\/span><\/span> <span class=\"s3\"><span class=\"bumpedFont17\">&#8211; <\/span><\/span><span class=\"s3\"><span class=\"bumpedFont17\">Valor: <\/span><\/span><span class=\"s3\"><span class=\"bumpedFont17\">R$<\/span><\/span> <span class=\"s3\"><span class=\"bumpedFont17\">230.450,00<\/span><\/span> <span class=\"s3\"><span class=\"bumpedFont17\">&#8211; <\/span><\/span><span class=\"s3\"><span class=\"bumpedFont17\">Vig\u00eancia:<\/span><\/span> <span class=\"s3\"><span class=\"bumpedFont17\">12 meses<\/span><\/span> <span class=\"s3\"><span class=\"bumpedFont17\">&#8211; Dot or\u00e7:<\/span><\/span><span class=\"s3\"><span class=\"bumpedFont17\">02.006.00.15.451.0019.1104.000070.449051.00<\/span><\/span><span class=\"s3\"><span class=\"bumpedFont17\">\/1500 <\/span><\/span><span class=\"s3\"><span class=\"bumpedFont17\">&#8211; <\/span><\/span><span class=\"s3\"><span class=\"bumpedFont17\">Ass:<\/span><\/span><span class=\"s3\"><span class=\"bumpedFont17\">1<\/span><\/span><span class=\"s3\"><span class=\"bumpedFont17\">4<\/span><\/span><span class=\"s3\"><span class=\"bumpedFont17\">\/07<\/span><\/span><span class=\"s3\"><span class=\"bumpedFont17\">\/2025 <\/span><\/span><span class=\"s3\"><span class=\"bumpedFont17\">&#8211; Foro: S\u00e3o Jo\u00e3o Nepomuceno\/MG.<\/span><\/span><\/p>\n<p class=\"s4\"><span class=\"s3\"><span class=\"bumpedFont17\">Lu\u00eds Fernando de Oliveira<\/span><\/span><\/p>\n<p class=\"s4\"><span class=\"s3\"><span class=\"bumpedFont17\">Prefeito <\/span><\/span><span class=\"s3\"><span class=\"bumpedFont17\">Municipal<\/span><\/span><\/p>\n<p class=\"s4\">\n","protected":false},"excerpt":{"rendered":"<p>EXTRATO DE CONTRATO 047\/2025 Pref. Municipal de Descoberto x SECTRAL SERVI\u00c7OS E COM\u00c9RCIO EM GERAL LTDA \u2013 Objeto: Contrata\u00e7\u00e3o de empresa especializada para a execu\u00e7\u00e3o de obra de constru\u00e7\u00e3o e instala\u00e7\u00e3o de parquinhos infantis em pra\u00e7as p\u00fablicas do munic\u00edpio, incluindo o fornecimento de materiais, m\u00e3o de obra, equipamentos e demais insumos necess\u00e1rios, conforme especifica\u00e7\u00f5es t\u00e9cnicas, [&hellip;]<\/p>\n","protected":false},"author":246,"featured_media":0,"comment_status":"closed","ping_status":"closed","sticky":false,"template":"","format":"standard","meta":{"footnotes":""},"categories":[307,1],"tags":[],"class_list":["post-229322","post","type-post","status-publish","format-standard","hentry","category-editais","category-sem-categoria"],"_links":{"self":[{"href":"https:\/\/diarioregionaldigital.com.br\/index.php?rest_route=\/wp\/v2\/posts\/229322","targetHints":{"allow":["GET"]}}],"collection":[{"href":"https:\/\/diarioregionaldigital.com.br\/index.php?rest_route=\/wp\/v2\/posts"}],"about":[{"href":"https:\/\/diarioregionaldigital.com.br\/index.php?rest_route=\/wp\/v2\/types\/post"}],"author":[{"embeddable":true,"href":"https:\/\/diarioregionaldigital.com.br\/index.php?rest_route=\/wp\/v2\/users\/246"}],"replies":[{"embeddable":true,"href":"https:\/\/diarioregionaldigital.com.br\/index.php?rest_route=%2Fwp%2Fv2%2Fcomments&post=229322"}],"version-history":[{"count":1,"href":"https:\/\/diarioregionaldigital.com.br\/index.php?rest_route=\/wp\/v2\/posts\/229322\/revisions"}],"predecessor-version":[{"id":229324,"href":"https:\/\/diarioregionaldigital.com.br\/index.php?rest_route=\/wp\/v2\/posts\/229322\/revisions\/229324"}],"wp:attachment":[{"href":"https:\/\/diarioregionaldigital.com.br\/index.php?rest_route=%2Fwp%2Fv2%2Fmedia&parent=229322"}],"wp:term":[{"taxonomy":"category","embeddable":true,"href":"https:\/\/diarioregionaldigital.com.br\/index.php?rest_route=%2Fwp%2Fv2%2Fcategories&post=229322"},{"taxonomy":"post_tag","embeddable":true,"href":"https:\/\/diarioregionaldigital.com.br\/index.php?rest_route=%2Fwp%2Fv2%2Ftags&post=229322"}],"curies":[{"name":"wp","href":"https:\/\/api.w.org\/{rel}","templated":true}]}}