{"id":229320,"date":"2025-07-15T10:53:03","date_gmt":"2025-07-15T13:53:03","guid":{"rendered":"https:\/\/diarioregionaldigital.com.br\/?p=229320"},"modified":"2025-07-15T10:53:03","modified_gmt":"2025-07-15T13:53:03","slug":"edital-de-convocacao-assembleia-geral-campanha-salarial-2025-15-07-2025","status":"publish","type":"post","link":"https:\/\/diarioregionaldigital.com.br\/?p=229320","title":{"rendered":"EDITAL DE CONVOCA\u00c7\u00c3O  ASSEMBL\u00c9IA GERAL  CAMPANHA SALARIAL 2025 &#8211; 15\/07\/2025"},"content":{"rendered":"<p>EDITAL DE CONVOCA\u00c7\u00c3O<\/p>\n<p>ASSEMBL\u00c9IA GERAL<\/p>\n<p>CAMPANHA SALARIAL 2025<\/p>\n<p>SINDICATO DOS TRABALHADORES NAS IND\u00daSTRIAS METAL\u00daRGICAS,<\/p>\n<p>MEC\u00c2NICAS, MATERIAL EL\u00c9TRICO, SIDERURGIA E FUNDI\u00c7\u00c3O, MONTADORAS<\/p>\n<p>DE VE\u00cdCULOS, AUTOPE\u00c7AS, REPARA\u00c7\u00c3O DE VE\u00cdCULOS E ACESS\u00d3RIOS DE JUIZ<\/p>\n<p>DE FORA, MATIAS BARBOSA, RIO NOVO, RIO POMBA, SANTOS DUMONT, S\u00c3O<\/p>\n<p>JO\u00c3O NEPOMUCENO, BICAS E EWBANCK DA CAMARA, reconhecido de<\/p>\n<p>conformidade com o Dec. n 24.094 de 05\/07\/39, inscrito no CNPJ sob o n\u00ba<\/p>\n<p>21.608.153\/0001-96, com sede na Rua Floriano Peixoto n\u00ba 72, Centro, CEP 36.013-<\/p>\n<p>080, Juiz de Fora-MG,, Matias Barbosa, Rio Novo, Rio Pomba, Santos Dumont, S\u00e3o Jo\u00e3o<\/p>\n<p>Nepomuceno, Bicas e Ewbanck da C\u00e2mara \u2013 MG, na forma do artigo 8\u00ba da CF\/88,<\/p>\n<p>atrav\u00e9s do presente edital, convoca todos os Trabalhadores nas empresas de sua base<\/p>\n<p>territorial, associados ou n\u00e3o ao Sindicato, para Assembleia Geral Extraordin\u00e1ria da<\/p>\n<p>CAMPANHA SALARIAL 2025\/2026, que ser\u00e1 realizada nos dias 16,17,18,21 e 22 de<\/p>\n<p>julho de 2025, iniciando na sede do Sindicato, situada a rua Floriano Peixoto, n.\u00ba 72 \u2013<\/p>\n<p>Centro \u2013 Juiz de Fora\/MG, no dia 16 de julho de 2025, \u00e0s 18:00 horas, em primeira<\/p>\n<p>convoca\u00e7\u00e3o, e, \u00e0s 18:30 horas, em segunda convoca\u00e7\u00e3o, tudo conforme determina o<\/p>\n<p>estatuto social do sindicato; nos dias 17, 18 e 21 de julho\/2025 ser\u00e3o realizadas<\/p>\n<p>assembleias nas Portarias das Empresas, nos hor\u00e1rios de entrada e sa\u00edda e hor\u00e1rio de<\/p>\n<p>troca de turnos; no dia 22\/07, na subsede do sindicato em Santos Dumont, rua Orestes<\/p>\n<p>Neri, 98 &#8211; Para\u00edso das Flores, Santos Dumont &#8211; MG, 36240-000, as 08:00 horas e as<\/p>\n<p>17:00 horas, de forma a permitir a participa\u00e7\u00e3o de todos os interessados, para discutir<\/p>\n<p>e deliberar sobre a seguinte ordem do dia:<\/p>\n<p>1- Discuss\u00e3o e Aprova\u00e7\u00e3o da Pauta de Reivindica\u00e7\u00f5es referente \u00e0 Data Base de 2025, a<\/p>\n<p>ser apresentada ao Sindicato da Categoria Econ\u00f4mica correspondente;<\/p>\n<p>2- Autoriza\u00e7\u00e3o para Diretoria Executiva celebrar Conven\u00e7\u00e3o Coletiva de Trabalho e<\/p>\n<p>Acordo Coletivo de Trabalho, e, frustrada a negocia\u00e7\u00e3o, eleger \u00e1rbitro e\/ou suscitar<\/p>\n<p>Diss\u00eddio Coletivo perante o Poder Judici\u00e1rio;<\/p>\n<p>3- Delibera\u00e7\u00e3o sobre Greve, inclusive, o pagamento dos dias parados;<\/p>\n<p>4- Delibera\u00e7\u00e3o sobre o custeio da negocia\u00e7\u00e3o coletiva e percentual da contribui\u00e7\u00e3o a ser<\/p>\n<p>fixada pela Assembleia e descontada de todos os membros da categoria que n\u00e3o se<\/p>\n<p>oponham ao referido desconto, autorizando-o;<\/p>\n<p>5- Delibera\u00e7\u00f5es sobre a instala\u00e7\u00e3o em car\u00e1ter permanente da presente Assembleia;<\/p>\n<p>6- Delibera\u00e7\u00f5es Consequentes.<\/p>\n<p>Juiz de Fora, 15 de julho de 2025.<\/p>\n<p>JO\u00c3O CESAR DA SILVA<\/p>\n<p>PRESIDENTE DO STIM-JF E REGI\u00c3O<\/p>\n","protected":false},"excerpt":{"rendered":"<p>EDITAL DE CONVOCA\u00c7\u00c3O ASSEMBL\u00c9IA GERAL CAMPANHA SALARIAL 2025 SINDICATO DOS TRABALHADORES NAS IND\u00daSTRIAS METAL\u00daRGICAS, MEC\u00c2NICAS, MATERIAL EL\u00c9TRICO, SIDERURGIA E FUNDI\u00c7\u00c3O, MONTADORAS DE VE\u00cdCULOS, AUTOPE\u00c7AS, REPARA\u00c7\u00c3O DE VE\u00cdCULOS E ACESS\u00d3RIOS DE JUIZ DE FORA, MATIAS BARBOSA, RIO NOVO, RIO POMBA, SANTOS DUMONT, S\u00c3O JO\u00c3O NEPOMUCENO, BICAS E EWBANCK DA CAMARA, reconhecido de conformidade com o Dec. [&hellip;]<\/p>\n","protected":false},"author":246,"featured_media":0,"comment_status":"closed","ping_status":"closed","sticky":false,"template":"","format":"standard","meta":{"footnotes":""},"categories":[307],"tags":[],"class_list":["post-229320","post","type-post","status-publish","format-standard","hentry","category-editais"],"_links":{"self":[{"href":"https:\/\/diarioregionaldigital.com.br\/index.php?rest_route=\/wp\/v2\/posts\/229320","targetHints":{"allow":["GET"]}}],"collection":[{"href":"https:\/\/diarioregionaldigital.com.br\/index.php?rest_route=\/wp\/v2\/posts"}],"about":[{"href":"https:\/\/diarioregionaldigital.com.br\/index.php?rest_route=\/wp\/v2\/types\/post"}],"author":[{"embeddable":true,"href":"https:\/\/diarioregionaldigital.com.br\/index.php?rest_route=\/wp\/v2\/users\/246"}],"replies":[{"embeddable":true,"href":"https:\/\/diarioregionaldigital.com.br\/index.php?rest_route=%2Fwp%2Fv2%2Fcomments&post=229320"}],"version-history":[{"count":1,"href":"https:\/\/diarioregionaldigital.com.br\/index.php?rest_route=\/wp\/v2\/posts\/229320\/revisions"}],"predecessor-version":[{"id":229321,"href":"https:\/\/diarioregionaldigital.com.br\/index.php?rest_route=\/wp\/v2\/posts\/229320\/revisions\/229321"}],"wp:attachment":[{"href":"https:\/\/diarioregionaldigital.com.br\/index.php?rest_route=%2Fwp%2Fv2%2Fmedia&parent=229320"}],"wp:term":[{"taxonomy":"category","embeddable":true,"href":"https:\/\/diarioregionaldigital.com.br\/index.php?rest_route=%2Fwp%2Fv2%2Fcategories&post=229320"},{"taxonomy":"post_tag","embeddable":true,"href":"https:\/\/diarioregionaldigital.com.br\/index.php?rest_route=%2Fwp%2Fv2%2Ftags&post=229320"}],"curies":[{"name":"wp","href":"https:\/\/api.w.org\/{rel}","templated":true}]}}