{"id":229317,"date":"2025-07-14T18:53:45","date_gmt":"2025-07-14T21:53:45","guid":{"rendered":"https:\/\/diarioregionaldigital.com.br\/?p=229317"},"modified":"2025-07-14T18:53:45","modified_gmt":"2025-07-14T21:53:45","slug":"juiz-de-fora-solidaria-no-frio-ganha-mais-pontos-de-coleta","status":"publish","type":"post","link":"https:\/\/diarioregionaldigital.com.br\/?p=229317","title":{"rendered":"&#8220;Juiz de Fora Solid\u00e1ria no Frio&#8221; ganha mais pontos de coleta"},"content":{"rendered":"<p>Segundo informa\u00e7\u00f5es do site da Prefeitura de Juiz de Fora (PJF), a campanha \u201cJuiz de Fora Solid\u00e1ria no Frio\u201d, que integra o Plano de Conting\u00eancia para Situa\u00e7\u00f5es de Baixas Temperaturas da Prefeitura de Juiz de Fora (PJF), segue arrecadando cobertores, toucas, meias e luvas at\u00e9 o dia 30 de setembro, agora com novos pontos de arrecada\u00e7\u00f5es: Parque da Lajinha, nas <a href=\"https:\/\/www.pjf.mg.gov.br\/secretarias\/sg\/apresentacao-diga.php\">unidades do Departamento de Informa\u00e7\u00e3o Geral e Atendimento (Diga)<\/a>\u00a0 e Pam Marechal .\u00a0As doa\u00e7\u00f5es recebidas est\u00e3o sendo imediatamente repassadas aos integrantes da Mesa da Cidadania, grupo formado por mais de 100 representantes, respons\u00e1vel pela distribui\u00e7\u00e3o dos itens \u00e0s pessoas em situa\u00e7\u00e3o de vulnerabilidade.<\/p>\n<p><strong>Confira onde fazer a doa\u00e7\u00e3o:<\/strong><\/p>\n<p>Casa da Mulher &#8211; Avenida Garibaldi Campinhos, 169, Bairro Vitorino Braga;<\/p>\n<p>Pam Marechal &#8211; Rua Marechal Deodoro, 496, Centro;<\/p>\n<p>Parque da Lajinha &#8211; Av. Deusdedith Salgado &#8211; Teixeiras;<\/p>\n<p>Pr\u00e9dio-sede da PJF &#8211; Avenida Brasil, 2001, Centro;<\/p>\n<p>Secretaria Especial de Igualdade Racial &#8211; Pa\u00e7o Municipal &#8211; esquina da Rua Halfeld com a Avenida Rio Branco;<\/p>\n<p><a href=\"https:\/\/www.pjf.mg.gov.br\/secretarias\/sg\/apresentacao-diga.php\">Unidades do Diga;<\/a><\/p>\n<p>Al\u00e9m de pontos de recolhimento da PJF, tamb\u00e9m \u00e9 poss\u00edvel doar no\u00a0Butiquim da F\u00e1brica (Rua Luis de Cam\u00f5es, 74, S\u00e3o Mateus) e no Cultural Bar (Av. Eug\u00eanio do Nascimento 815, Aeroporto)<\/p>\n","protected":false},"excerpt":{"rendered":"<p>Segundo informa\u00e7\u00f5es do site da Prefeitura de Juiz de Fora (PJF), a campanha \u201cJuiz de Fora Solid\u00e1ria no Frio\u201d, que integra o Plano de Conting\u00eancia para Situa\u00e7\u00f5es de Baixas Temperaturas da Prefeitura de Juiz de Fora (PJF), segue arrecadando cobertores, toucas, meias e luvas at\u00e9 o dia 30 de setembro, agora com novos pontos de [&hellip;]<\/p>\n","protected":false},"author":246,"featured_media":229318,"comment_status":"closed","ping_status":"closed","sticky":false,"template":"","format":"standard","meta":{"footnotes":""},"categories":[253,436,440,439],"tags":[],"class_list":["post-229317","post","type-post","status-publish","format-standard","has-post-thumbnail","hentry","category-cidade","category-destaque-da-semana","category-destaques-do-dia","category-ultima-hora"],"_links":{"self":[{"href":"https:\/\/diarioregionaldigital.com.br\/index.php?rest_route=\/wp\/v2\/posts\/229317","targetHints":{"allow":["GET"]}}],"collection":[{"href":"https:\/\/diarioregionaldigital.com.br\/index.php?rest_route=\/wp\/v2\/posts"}],"about":[{"href":"https:\/\/diarioregionaldigital.com.br\/index.php?rest_route=\/wp\/v2\/types\/post"}],"author":[{"embeddable":true,"href":"https:\/\/diarioregionaldigital.com.br\/index.php?rest_route=\/wp\/v2\/users\/246"}],"replies":[{"embeddable":true,"href":"https:\/\/diarioregionaldigital.com.br\/index.php?rest_route=%2Fwp%2Fv2%2Fcomments&post=229317"}],"version-history":[{"count":1,"href":"https:\/\/diarioregionaldigital.com.br\/index.php?rest_route=\/wp\/v2\/posts\/229317\/revisions"}],"predecessor-version":[{"id":229319,"href":"https:\/\/diarioregionaldigital.com.br\/index.php?rest_route=\/wp\/v2\/posts\/229317\/revisions\/229319"}],"wp:featuredmedia":[{"embeddable":true,"href":"https:\/\/diarioregionaldigital.com.br\/index.php?rest_route=\/wp\/v2\/media\/229318"}],"wp:attachment":[{"href":"https:\/\/diarioregionaldigital.com.br\/index.php?rest_route=%2Fwp%2Fv2%2Fmedia&parent=229317"}],"wp:term":[{"taxonomy":"category","embeddable":true,"href":"https:\/\/diarioregionaldigital.com.br\/index.php?rest_route=%2Fwp%2Fv2%2Fcategories&post=229317"},{"taxonomy":"post_tag","embeddable":true,"href":"https:\/\/diarioregionaldigital.com.br\/index.php?rest_route=%2Fwp%2Fv2%2Ftags&post=229317"}],"curies":[{"name":"wp","href":"https:\/\/api.w.org\/{rel}","templated":true}]}}