{"id":229311,"date":"2025-07-14T18:49:13","date_gmt":"2025-07-14T21:49:13","guid":{"rendered":"https:\/\/diarioregionaldigital.com.br\/?p=229311"},"modified":"2025-07-14T18:49:13","modified_gmt":"2025-07-14T21:49:13","slug":"ouvidoria-geral-do-estado-de-minas-gerais-fortalece-dialogo-com-municipios-durante-o-dia-d-do-desenvolvimento-economico","status":"publish","type":"post","link":"https:\/\/diarioregionaldigital.com.br\/?p=229311","title":{"rendered":"Ouvidoria-Geral do Estado de Minas Gerais fortalece di\u00e1logo com munic\u00edpios durante o Dia D do Desenvolvimento Econ\u00f4mico"},"content":{"rendered":"<p>A <a href=\"https:\/\/www.ouvidoriageral.mg.gov.br\/\" target=\"_blank\" rel=\"noopener\">Ouvidoria-Geral do Estado de Minas Gerais (OGE\/MG)<\/a> participou, nesta segunda-feira (14\/7), do \u201cDia D \u2013 Desenvolvimento: sua cidade, novas oportunidades\u201d, promovido pelo <a href=\"https:\/\/www.mg.gov.br\/\" target=\"_blank\" rel=\"noopener\">Governo de Minas<\/a>, por meio da <a href=\"https:\/\/desenvolvimento.mg.gov.br\/\" target=\"_blank\" rel=\"noopener\">Secretaria de Estado de Desenvolvimento Econ\u00f4mico (Sede-MG)<\/a>. Realizado no audit\u00f3rio JK, na Cidade Administrativa, em Belo Horizonte, o evento reuniu prefeitos e gestores de munic\u00edpios de todas as regi\u00f5es de Minas Gerais, al\u00e9m do governador Romeu Zema, do vice-governador Mateus Sim\u00f5es e da secret\u00e1ria de Desenvolvimento Econ\u00f4mico, Mila Corr\u00eaa da Costa.<\/p>\n<p>Durante o encontro, a OGE\/MG marcou presen\u00e7a com o \u00f4nibus da Ouvidoria M\u00f3vel, refor\u00e7ando o compromisso com a aproxima\u00e7\u00e3o entre Estado e munic\u00edpios. No local e circulando pelo evento, a equipe apresentou aos gestores municipais o programa A Voz dos Mineiros (AVM), uma iniciativa estrat\u00e9gica voltada \u00e0 implementa\u00e7\u00e3o e fortalecimento das ouvidorias p\u00fablicas municipais, contribuindo diretamente para a melhoria da gest\u00e3o, o fortalecimento da cidadania e o avan\u00e7o da transpar\u00eancia p\u00fablica em Minas Gerais.<\/p>\n<p>O ouvidor-geral adjunto do Estado, Matheus Cheib, participou ativamente do evento, dialogando com gestores municipais sobre a import\u00e2ncia da ades\u00e3o dos munic\u00edpios ao programa, para fortalecer a escuta qualificada no aprimoramento das pol\u00edticas p\u00fablicas de cada munic\u00edpio. \u201cO programa auxilia as prefeituras a estarem mais pr\u00f3ximas da popula\u00e7\u00e3o, por meio da cria\u00e7\u00e3o ou fortalecimento das ouvidorias municipais, de uma forma positiva e integrativa, contribuindo para o fortalecimento da gest\u00e3o e para o desenvolvimento de programas municipais com base nas reais demandas dos cidad\u00e3os\u201d, afirmou Cheib.<\/p>\n<p>Prefeitos de diferentes regi\u00f5es do Estado manifestaram interesse na ades\u00e3o \u00e0 iniciativa. O prefeito do munic\u00edpio de Albertina, na regi\u00e3o Sul do estado, Felipe Teodoro, destacou que o munic\u00edpio j\u00e1 possui uma ouvidoria, mas ainda enfrenta desafios para seu pleno funcionamento. \u201cVamos aderir ao programa, porque \u00e9 a oportunidade de termos realmente a voz do mineiro no munic\u00edpio, para registrar suas sugest\u00f5es, ideias, reclama\u00e7\u00f5es e necessidades\u201d.<\/p>\n<p>J\u00e1 o prefeito do munic\u00edpio de Sacramento, no Alto Parana\u00edba, Juninho Trevisan, tamb\u00e9m conheceu o programa durante o evento e refor\u00e7ou seu interesse. \u201cQueremos levar esse programa para Sacramento e ampliar a escuta da popula\u00e7\u00e3o. Iniciativas como essa transformam a realidade dos nossos cidad\u00e3os\u201d.<\/p>\n<p><b>A Voz do Mineiros<\/b><\/p>\n<p>O programa A Voz dos Mineiros (AVM) \u00e9 uma iniciativa da Ouvidoria-Geral do Estado e tem o objetivo de implementar e fortalecer ouvidorias p\u00fablicas nos munic\u00edpios do estado.\u00a0Al\u00e9m de fornecer consultoria e capacita\u00e7\u00e3o de forma gratuita, o AVM promove um ambiente em que os cidad\u00e3os se sentem valorizados e seguros para se manifestar. A proposta busca n\u00e3o apenas atender a legisla\u00e7\u00e3o, mas tamb\u00e9m fomentar uma cultura de transpar\u00eancia e participa\u00e7\u00e3o, assegurando que as vozes dos mineiros sejam ouvidas e consideradas na formula\u00e7\u00e3o de pol\u00edticas p\u00fablicas. Atualmente, AVM j\u00e1 re\u00fane 55 cidades mineiras, comprometidas com a rede que apoia a cria\u00e7\u00e3o e o fortalecimento das ouvidorias p\u00fablicas.<\/p>\n<p>Essa abordagem cooperativa permite que as solu\u00e7\u00f5es sejam personalizadas, respeitando as particularidades de cada munic\u00edpio e garante que as a\u00e7\u00f5es da OGE\/MG sejam eficazes.<\/p>\n<p>Para aderir ao programa basta enviar um e-mail de anu\u00eancia para:\u00a0<a id=\"LPlnk596799\" title=\"mailto:avozdosmineiros@ouvidoriageral.mg.gov.br\" href=\"mailto:avozdosmineiros@ouvidoriageral.mg.gov.br\" data-linkindex=\"0\">avozdosmineiros@ouvidoriageral.mg.gov.br<\/a><\/p>\n<p>&nbsp;<\/p>\n<p>Fonte: Ag\u00eancia Minas<\/p>\n","protected":false},"excerpt":{"rendered":"<p>A Ouvidoria-Geral do Estado de Minas Gerais (OGE\/MG) participou, nesta segunda-feira (14\/7), do \u201cDia D \u2013 Desenvolvimento: sua cidade, novas oportunidades\u201d, promovido pelo Governo de Minas, por meio da Secretaria de Estado de Desenvolvimento Econ\u00f4mico (Sede-MG). Realizado no audit\u00f3rio JK, na Cidade Administrativa, em Belo Horizonte, o evento reuniu prefeitos e gestores de munic\u00edpios de [&hellip;]<\/p>\n","protected":false},"author":246,"featured_media":229312,"comment_status":"closed","ping_status":"closed","sticky":false,"template":"","format":"standard","meta":{"footnotes":""},"categories":[436,440,261,254,439],"tags":[],"class_list":["post-229311","post","type-post","status-publish","format-standard","has-post-thumbnail","hentry","category-destaque-da-semana","category-destaques-do-dia","category-economia","category-politica","category-ultima-hora"],"_links":{"self":[{"href":"https:\/\/diarioregionaldigital.com.br\/index.php?rest_route=\/wp\/v2\/posts\/229311","targetHints":{"allow":["GET"]}}],"collection":[{"href":"https:\/\/diarioregionaldigital.com.br\/index.php?rest_route=\/wp\/v2\/posts"}],"about":[{"href":"https:\/\/diarioregionaldigital.com.br\/index.php?rest_route=\/wp\/v2\/types\/post"}],"author":[{"embeddable":true,"href":"https:\/\/diarioregionaldigital.com.br\/index.php?rest_route=\/wp\/v2\/users\/246"}],"replies":[{"embeddable":true,"href":"https:\/\/diarioregionaldigital.com.br\/index.php?rest_route=%2Fwp%2Fv2%2Fcomments&post=229311"}],"version-history":[{"count":1,"href":"https:\/\/diarioregionaldigital.com.br\/index.php?rest_route=\/wp\/v2\/posts\/229311\/revisions"}],"predecessor-version":[{"id":229313,"href":"https:\/\/diarioregionaldigital.com.br\/index.php?rest_route=\/wp\/v2\/posts\/229311\/revisions\/229313"}],"wp:featuredmedia":[{"embeddable":true,"href":"https:\/\/diarioregionaldigital.com.br\/index.php?rest_route=\/wp\/v2\/media\/229312"}],"wp:attachment":[{"href":"https:\/\/diarioregionaldigital.com.br\/index.php?rest_route=%2Fwp%2Fv2%2Fmedia&parent=229311"}],"wp:term":[{"taxonomy":"category","embeddable":true,"href":"https:\/\/diarioregionaldigital.com.br\/index.php?rest_route=%2Fwp%2Fv2%2Fcategories&post=229311"},{"taxonomy":"post_tag","embeddable":true,"href":"https:\/\/diarioregionaldigital.com.br\/index.php?rest_route=%2Fwp%2Fv2%2Ftags&post=229311"}],"curies":[{"name":"wp","href":"https:\/\/api.w.org\/{rel}","templated":true}]}}