{"id":229304,"date":"2025-07-12T03:55:53","date_gmt":"2025-07-12T06:55:53","guid":{"rendered":"https:\/\/diarioregionaldigital.com.br\/?p=229304"},"modified":"2025-07-12T03:55:53","modified_gmt":"2025-07-12T06:55:53","slug":"edital-de-convocacao-assembleia-geral-extraordinaria-condominio-do-edificio-marechal-floriano-12-07-2025","status":"publish","type":"post","link":"https:\/\/diarioregionaldigital.com.br\/?p=229304","title":{"rendered":"EDITAL DE CONVOCA\u00c7\u00c3O  ASSEMBLEIA GERAL EXTRAORDIN\u00c1RIA CONDOMINIO DO EDIFICIO MARECHAL FLORIANO &#8211; 12\/07\/2025"},"content":{"rendered":"<p class=\"s4\"><span class=\"s3\"><span class=\"bumpedFont15\">EDITAL DE CONVOCA\u00c7\u00c3O<\/span><\/span><\/p>\n<p class=\"s4\"><span class=\"s3\"><span class=\"bumpedFont15\">ASSEMBLEIA GERAL <\/span><\/span><span class=\"s3\"><span class=\"bumpedFont15\">EXTRA<\/span><\/span><span class=\"s3\"><span class=\"bumpedFont15\">ORDIN\u00c1RIA<\/span><\/span><span class=\"s3\"><span class=\"bumpedFont15\"><br \/>\n<\/span><\/span><span class=\"s3\"><span class=\"bumpedFont15\">CONDOMINIO DO EDIFICIO MARECHAL FLORIANO<\/span><\/span><\/p>\n<p class=\"s7\"><span class=\"s6\"><span class=\"bumpedFont15\">Juiz de Fora, <\/span><\/span><span class=\"s6\"><span class=\"bumpedFont15\">12<\/span><\/span><span class=\"s6\"><span class=\"bumpedFont15\"> de <\/span><\/span><span class=\"s6\"><span class=\"bumpedFont15\">Julho<\/span><\/span><span class=\"s6\"><span class=\"bumpedFont15\"> de 202<\/span><\/span><span class=\"s6\"><span class=\"bumpedFont15\">5<\/span><\/span><span class=\"s6\"><span class=\"bumpedFont15\">.<\/span><\/span><\/p>\n<p class=\"s7\">\n<p class=\"s9\"><span class=\"s6\"><span class=\"bumpedFont15\">Na qualidade de s\u00ed<\/span><\/span><span class=\"s6\"><span class=\"bumpedFont15\">ndico do <\/span><\/span><span class=\"s6\"><span class=\"bumpedFont15\">Condom\u00ednio<\/span><\/span><span class=\"s6\"><span class=\"bumpedFont15\"> do <\/span><\/span><span class=\"s6\"><span class=\"bumpedFont15\">Edif\u00edcio<\/span><\/span><span class=\"s6\"><span class=\"bumpedFont15\"> Marechal <\/span><\/span><span class=\"s6\"><span class=\"bumpedFont15\">Floriano,<\/span><\/span> <span class=\"s6\"><span class=\"bumpedFont15\">situado a Rua Marechal Floriano Peixoto, n\u00ba 3<\/span><\/span><span class=\"s6\"><span class=\"bumpedFont15\">67<\/span><\/span><span class=\"s6\"><span class=\"bumpedFont15\">, Centro, Juiz de Fora-MG, convido os demais cond\u00f4minos e moradores para <\/span><\/span><span class=\"s6\"><span class=\"bumpedFont15\">a\u00a0<\/span><\/span> <span class=\"s8\"><span class=\"bumpedFont15\">ASSEMBLEIA GERAL <\/span><\/span><span class=\"s8\"><span class=\"bumpedFont15\">EXTRAORDIN\u00c1RIA<\/span><\/span><span class=\"s6\"><span class=\"bumpedFont15\">,<\/span><\/span><span class=\"s6\"><span class=\"bumpedFont15\"> que se far\u00e1 realizar de forma presencial<\/span><\/span><span class=\"s6\"><span class=\"bumpedFont15\">, na garagem do edif\u00edcio, no pr\u00f3ximo<\/span><\/span><span class=\"s6\"><span class=\"bumpedFont15\">dia\u00a0<\/span><\/span><span class=\"s6\"><span class=\"bumpedFont15\">16<\/span><\/span><span class=\"s6\"><span class=\"bumpedFont15\">\u00a0de <\/span><\/span><span class=\"s6\"><span class=\"bumpedFont15\">Julho de 2025<\/span><\/span><span class=\"s6\"><span class=\"bumpedFont15\">(<\/span><\/span><span class=\"s6\"><span class=\"bumpedFont15\">quarta<\/span><\/span><span class=\"s6\"><span class=\"bumpedFont15\">-feira<\/span><\/span><span class=\"s6\"><span class=\"bumpedFont15\">),<\/span><\/span> <span class=\"s6\"><span class=\"bumpedFont15\">\u00e0s\u00a0<\/span><\/span><span class=\"s6\"><span class=\"bumpedFont15\">19:<\/span><\/span><span class=\"s6\"><span class=\"bumpedFont15\">0<\/span><\/span><span class=\"s6\"><span class=\"bumpedFont15\">0<\/span><\/span><span class=\"s6\"><span class=\"bumpedFont15\">h<\/span><\/span><span class=\"s6\"><span class=\"bumpedFont15\">\u00a0em primeira convoca\u00e7\u00e3o<\/span><\/span> <span class=\"s6\"><span class=\"bumpedFont15\">com a presen\u00e7a \u00a0pela maioria dos co-propriet\u00e1rios <\/span><\/span><span class=\"s6\"><span class=\"bumpedFont15\">e \u00e0s 19h:30min<\/span><\/span><span class=\"s6\"><span class=\"bumpedFont15\"> em segunda e \u00faltima convoca\u00e7\u00e3o<\/span><\/span><span class=\"s6\"><span class=\"bumpedFont15\">, c<\/span><\/span><span class=\"s6\"><span class=\"bumpedFont15\">om qualquer n\u00famero de presentes, por\u00e9m n\u00e3o inferior a \u00bc<\/span><\/span> <span class=\"s6\"><span class=\"bumpedFont15\">(um quarto )<\/span><\/span> <span class=\"s6\"><span class=\"bumpedFont15\">dos cond\u00f4minos , afim de deliberarem sobre os seguintes assuntos em pauta : <\/span><\/span><\/p>\n<p class=\"s11\"><span class=\"s10\"><span class=\"bumpedFont15\">Ordem do Dia:<\/span><\/span><\/p>\n<p class=\"s9\">\n<div class=\"s13\"><span class=\"s12\">1. <\/span><span class=\"s6\"><span class=\"bumpedFont15\">Aprova\u00e7\u00e3o de execu\u00e7\u00e3o de obras conforme projeto el\u00e9trico a ser protocolado na Cemig;<\/span><\/span><\/div>\n<div class=\"s13\"><span class=\"s12\">2. <\/span><span class=\"s6\"><span class=\"bumpedFont15\">Cria\u00e7\u00e3o de taxa extra para a execu\u00e7\u00e3o da segunda parte da reforma el\u00e9trica<\/span><\/span><span class=\"s6\"><span class=\"bumpedFont15\">;<\/span><\/span><\/div>\n<div class=\"s13\"><span class=\"s12\">3. <\/span><span class=\"s6\"><span class=\"bumpedFont15\">Defini\u00e7\u00e3o de responsabilidade de montagem e desmontagem de telhados localizados no primeiro andar quando for necess\u00e1rio dar manuten\u00e7\u00e3o nas \u00e1reas internas de ventila\u00e7\u00e3o<\/span><\/span><span class=\"s6\"><span class=\"bumpedFont15\">;<\/span><\/span><\/div>\n<div class=\"s13\"><span class=\"s12\">4. <\/span><span class=\"s6\"><span class=\"bumpedFont15\">Destina\u00e7\u00e3o da \u00e1rea onde se encontra a <\/span><\/span><span class=\"s6\"><span class=\"bumpedFont15\">subesta\u00e7\u00e3o<\/span><\/span><span class=\"s6\"><span class=\"bumpedFont15\">;<\/span><\/span><\/div>\n<div class=\"s13\"><span class=\"s12\">5. <\/span><span class=\"s6\"><span class=\"bumpedFont15\">Assuntos Gerais;<\/span><\/span><\/div>\n<p class=\"s14\">\n<p class=\"s15\">\n<p class=\"s17\"><span class=\"s16\"><span class=\"bumpedFont15\">Em virtude dos assuntos a serem tratados, lembro a todos da conveni\u00eancia de comparecer<\/span><\/span> <span class=\"s16\"><span class=\"bumpedFont15\">ou se fazer representar por espec\u00edfica procura\u00e7\u00e3o. <\/span><\/span><\/p>\n<p class=\"s17\">\n<p class=\"s17\"><span class=\"s16\"><span class=\"bumpedFont15\">Esclare\u00e7o aos senhores cond\u00f4minos ou seus representantes que n\u00e3o poder\u00e3o votar e nem ser votado nas delibera\u00e7\u00f5es da <\/span><\/span><span class=\"s16\"><span class=\"bumpedFont15\">assembl\u00e9ia<\/span><\/span><span class=\"s16\"><span class=\"bumpedFont15\">, se n\u00e3o estiver em dia com suas obriga\u00e7\u00f5es condominiais, sendo nulos os seus votos e suas presen\u00e7as conforme a <\/span><\/span><span class=\"s18\"><span class=\"bumpedFont15\">lei n\u00ba 4.591\/64<\/span><\/span><span class=\"s16\"><span class=\"bumpedFont15\">. <\/span><\/span><\/p>\n<p class=\"s17\">\n<p class=\"s9\"><span class=\"s6\"><span class=\"bumpedFont15\">Ressalto ainda, que as decis\u00f5es tomadas em assembl\u00e9ia caber\u00e3o a todos inclusive aos ausentes. <\/span><\/span><\/p>\n<p class=\"s9\"><span class=\"s6\"><span class=\"bumpedFont15\">Sem mais, antecipo meu agra<\/span><\/span><span class=\"s6\"><span class=\"bumpedFont15\">decimento pela valiosa presen\u00e7a;<\/span><\/span><\/p>\n<p class=\"s9\">\n<p class=\"s9\">\n","protected":false},"excerpt":{"rendered":"<p>EDITAL DE CONVOCA\u00c7\u00c3O ASSEMBLEIA GERAL EXTRAORDIN\u00c1RIA CONDOMINIO DO EDIFICIO MARECHAL FLORIANO Juiz de Fora, 12 de Julho de 2025. Na qualidade de s\u00edndico do Condom\u00ednio do Edif\u00edcio Marechal Floriano, situado a Rua Marechal Floriano Peixoto, n\u00ba 367, Centro, Juiz de Fora-MG, convido os demais cond\u00f4minos e moradores para a\u00a0 ASSEMBLEIA GERAL EXTRAORDIN\u00c1RIA, que se far\u00e1 [&hellip;]<\/p>\n","protected":false},"author":246,"featured_media":0,"comment_status":"closed","ping_status":"closed","sticky":false,"template":"","format":"standard","meta":{"footnotes":""},"categories":[307],"tags":[],"class_list":["post-229304","post","type-post","status-publish","format-standard","hentry","category-editais"],"_links":{"self":[{"href":"https:\/\/diarioregionaldigital.com.br\/index.php?rest_route=\/wp\/v2\/posts\/229304","targetHints":{"allow":["GET"]}}],"collection":[{"href":"https:\/\/diarioregionaldigital.com.br\/index.php?rest_route=\/wp\/v2\/posts"}],"about":[{"href":"https:\/\/diarioregionaldigital.com.br\/index.php?rest_route=\/wp\/v2\/types\/post"}],"author":[{"embeddable":true,"href":"https:\/\/diarioregionaldigital.com.br\/index.php?rest_route=\/wp\/v2\/users\/246"}],"replies":[{"embeddable":true,"href":"https:\/\/diarioregionaldigital.com.br\/index.php?rest_route=%2Fwp%2Fv2%2Fcomments&post=229304"}],"version-history":[{"count":1,"href":"https:\/\/diarioregionaldigital.com.br\/index.php?rest_route=\/wp\/v2\/posts\/229304\/revisions"}],"predecessor-version":[{"id":229305,"href":"https:\/\/diarioregionaldigital.com.br\/index.php?rest_route=\/wp\/v2\/posts\/229304\/revisions\/229305"}],"wp:attachment":[{"href":"https:\/\/diarioregionaldigital.com.br\/index.php?rest_route=%2Fwp%2Fv2%2Fmedia&parent=229304"}],"wp:term":[{"taxonomy":"category","embeddable":true,"href":"https:\/\/diarioregionaldigital.com.br\/index.php?rest_route=%2Fwp%2Fv2%2Fcategories&post=229304"},{"taxonomy":"post_tag","embeddable":true,"href":"https:\/\/diarioregionaldigital.com.br\/index.php?rest_route=%2Fwp%2Fv2%2Ftags&post=229304"}],"curies":[{"name":"wp","href":"https:\/\/api.w.org\/{rel}","templated":true}]}}