{"id":229302,"date":"2025-07-12T03:54:39","date_gmt":"2025-07-12T06:54:39","guid":{"rendered":"https:\/\/diarioregionaldigital.com.br\/?p=229302"},"modified":"2025-07-12T03:54:39","modified_gmt":"2025-07-12T06:54:39","slug":"edital-de-convocacao-condominio-golden-green-park-12-07-2025","status":"publish","type":"post","link":"https:\/\/diarioregionaldigital.com.br\/?p=229302","title":{"rendered":"EDITAL DE CONVOCA\u00c7\u00c3O CONDOM\u00cdNIO GOLDEN GREEN PARK &#8211; 12\/07\/2025"},"content":{"rendered":"<p>CONDOM\u00cdNIO GOLDEN GREEN PARK<br \/>\nASSEMBLEIA GERAL EXTRAORDIN\u00c1RIA<br \/>\nEDITAL DE CONVOCA\u00c7\u00c3O<\/p>\n<p>Juiz de Fora, 12 de julho de 2025.<\/p>\n<p>Prezados Senhores,<br \/>\nA presidente do Conselho Fiscal do Condom\u00ednio Golden Green Park, no uso de suas<br \/>\natribui\u00e7\u00f5es e na forma convencionalmente prevista no art. 12 caput da Conven\u00e7\u00e3o, convida os<br \/>\nSrs. cond\u00f4minos para a ASSEMBLEIA GERAL EXTRAORDIN\u00c1RIA, que ser\u00e1 realizada no dia<br \/>\n21 de julho de 2025, segunda-feira, no sal\u00e3o de festas da Torre Il do condom\u00ednio, situado \u00e0 Rua<br \/>\nAnt\u00f4nio Carlos Saraiva, n\u00b0 500, bairro Cascatinha, em Juiz de Fora, Minas Gerais, \u00e0s 19h, em<br \/>\nprimeira convoca\u00e7\u00e3o, quando h\u00e1 necessidade da presen\u00e7a da maioria qualificada dos<br \/>\ncond\u00f4minos, ou \u00e0s 19h30, em segunda e \u00faltima convoca\u00e7\u00e3o, com qualquer n\u00famero de<br \/>\npresentes, para deliberarem sobre as seguintes pautas:<br \/>\n1\u00b0) Elei\u00e7\u00e3o do cargo de s\u00edndico e subs\u00edndico para &#8220;mandato-tamp\u00e3o&#8221; com dura\u00e7\u00e3o at\u00e9 o<br \/>\ndia 23\/04\/2027 em raz\u00e3o da ren\u00fancia do atual s\u00edndico e subs\u00edndica, conforme previsto na<br \/>\nConven\u00e7\u00e3o em seu art. 12, \u00a71\u00b0 e confirma\u00e7\u00e3o dos demais cargos;<br \/>\n2\u00b0) Delibera\u00e7\u00e3o sobre a manuten\u00e7\u00e3o ou rescis\u00e3o do contrato com a garantidora;<br \/>\n3\u00b0) Discuss\u00e3o e delibera\u00e7\u00e3o sobre a aprova\u00e7\u00e3o para a contrata\u00e7\u00e3o de auditoria externa<br \/>\npara an\u00e1lise das contas no condom\u00ednio;<br \/>\n4\u00b0) Parecer t\u00e9cnico sobre o andamento da obra da fachada e cota extra;<br \/>\n5\u00b0) Assuntos gerais de interesse do condom\u00ednio.<br \/>\nINSTRU\u00c7\u00d5ES IMPORTANTES:<br \/>\n&#8211; De acordo com o art. 1.335, inciso III, do C\u00f3digo Civil, somente poder\u00e1 votar e ser votado o<br \/>\ncond\u00f4mino que estiver quite com suas obriga\u00e7\u00f5es condominiais.<br \/>\n&#8211; Os cond\u00f4minos poder\u00e3o ser representados por procurador devidamente constitu\u00eddo por<br \/>\ninstrumento de procura\u00e7\u00e3o, devendo este apresentar o documento no in\u00edcio da assembleia.<br \/>\n&#8211; As decis\u00f5es tomadas na assembleia obrigar\u00e3o a todos, inclusive os ausentes e discordantes,<br \/>\nconforme disp\u00f5e o art. 1.352 do C\u00f3digo Civil.<\/p>\n<p>Atenciosamente, Documento a<\/p>\n","protected":false},"excerpt":{"rendered":"<p>CONDOM\u00cdNIO GOLDEN GREEN PARK ASSEMBLEIA GERAL EXTRAORDIN\u00c1RIA EDITAL DE CONVOCA\u00c7\u00c3O Juiz de Fora, 12 de julho de 2025. Prezados Senhores, A presidente do Conselho Fiscal do Condom\u00ednio Golden Green Park, no uso de suas atribui\u00e7\u00f5es e na forma convencionalmente prevista no art. 12 caput da Conven\u00e7\u00e3o, convida os Srs. cond\u00f4minos para a ASSEMBLEIA GERAL EXTRAORDIN\u00c1RIA, [&hellip;]<\/p>\n","protected":false},"author":246,"featured_media":0,"comment_status":"closed","ping_status":"closed","sticky":false,"template":"","format":"standard","meta":{"footnotes":""},"categories":[307],"tags":[],"class_list":["post-229302","post","type-post","status-publish","format-standard","hentry","category-editais"],"_links":{"self":[{"href":"https:\/\/diarioregionaldigital.com.br\/index.php?rest_route=\/wp\/v2\/posts\/229302","targetHints":{"allow":["GET"]}}],"collection":[{"href":"https:\/\/diarioregionaldigital.com.br\/index.php?rest_route=\/wp\/v2\/posts"}],"about":[{"href":"https:\/\/diarioregionaldigital.com.br\/index.php?rest_route=\/wp\/v2\/types\/post"}],"author":[{"embeddable":true,"href":"https:\/\/diarioregionaldigital.com.br\/index.php?rest_route=\/wp\/v2\/users\/246"}],"replies":[{"embeddable":true,"href":"https:\/\/diarioregionaldigital.com.br\/index.php?rest_route=%2Fwp%2Fv2%2Fcomments&post=229302"}],"version-history":[{"count":1,"href":"https:\/\/diarioregionaldigital.com.br\/index.php?rest_route=\/wp\/v2\/posts\/229302\/revisions"}],"predecessor-version":[{"id":229303,"href":"https:\/\/diarioregionaldigital.com.br\/index.php?rest_route=\/wp\/v2\/posts\/229302\/revisions\/229303"}],"wp:attachment":[{"href":"https:\/\/diarioregionaldigital.com.br\/index.php?rest_route=%2Fwp%2Fv2%2Fmedia&parent=229302"}],"wp:term":[{"taxonomy":"category","embeddable":true,"href":"https:\/\/diarioregionaldigital.com.br\/index.php?rest_route=%2Fwp%2Fv2%2Fcategories&post=229302"},{"taxonomy":"post_tag","embeddable":true,"href":"https:\/\/diarioregionaldigital.com.br\/index.php?rest_route=%2Fwp%2Fv2%2Ftags&post=229302"}],"curies":[{"name":"wp","href":"https:\/\/api.w.org\/{rel}","templated":true}]}}