{"id":229299,"date":"2025-07-11T19:49:53","date_gmt":"2025-07-11T22:49:53","guid":{"rendered":"https:\/\/diarioregionaldigital.com.br\/?p=229299"},"modified":"2025-07-11T19:49:53","modified_gmt":"2025-07-11T22:49:53","slug":"empav-leva-cuidado-e-manutencao-a-mais-de-150-bairros-no-primeiro-semestre-de-2025","status":"publish","type":"post","link":"https:\/\/diarioregionaldigital.com.br\/?p=229299","title":{"rendered":"Empav leva cuidado e manuten\u00e7\u00e3o a mais de 150 bairros no primeiro semestre de 2025"},"content":{"rendered":"<p>Segundo informa\u00e7\u00f5es do site da Prefeitura de Juiz de Fora (PJF), a PJF, por meio da Empresa Municipal de Pavimenta\u00e7\u00e3o e Urbanidades (Empav), segue firme no compromisso de cuidar da nossa cidade. S\u00f3 nos seis primeiros meses de 2025, as equipes da empresa estiveram presentes em mais de 150 bairros, levando melhorias para ruas, \u00e1reas verdes e ilumina\u00e7\u00e3o p\u00fablica de todas as regi\u00f5es do munic\u00edpio.<\/p>\n<div id=\"box_texto_noticia\">\n<p><strong>Mais asfalto e vias renovadas<\/strong><\/p>\n<p>Entre pavimenta\u00e7\u00f5es e recapeamentos, foram aplicados mais de 15 quil\u00f4metros de asfalto novo em 28 ruas, espalhadas por 13 bairros. As avenidas Juiz de Fora, Presidente Juscelino Kubitschek (JK) e Pedro Henrique Krambeck est\u00e3o entre os destaques, por sua import\u00e2ncia na mobilidade urbana.<\/p>\n<p>J\u00e1 os servi\u00e7os de recomposi\u00e7\u00e3o asf\u00e1ltica avan\u00e7aram com for\u00e7a total: foram mais de 3.800 interven\u00e7\u00f5es, distribu\u00eddas em mais de 180 bairros \u2014 um refor\u00e7o importante na manuten\u00e7\u00e3o das ruas da zona norte \u00e0 zona sul da cidade.<\/p>\n<p><strong>Cuidado com as \u00e1reas verdes<\/strong><\/p>\n<p>A zeladoria urbana tamb\u00e9m segue a todo vapor. S\u00f3 no primeiro semestre, foram feitos 1.380 atendimentos de poda de \u00e1rvores, alcan\u00e7ando cerca de 160 localidades. Os servi\u00e7os de corte de grama e limpeza somaram 1.600 atendimentos, em 128 bairros, cobrindo uma \u00e1rea de 2,72 km\u00b2 \u2014 o equivalente a mais de 380 campos de futebol. Desses, 810 foram em pra\u00e7as, 70 em campos de futebol e 680 em canteiros centrais.<\/p>\n<p><strong>Ilumina\u00e7\u00e3o mais eficiente<\/strong><\/p>\n<p>A Diretoria de Ilumina\u00e7\u00e3o P\u00fablica e Efici\u00eancia Energ\u00e9tica da Empav realizou a manuten\u00e7\u00e3o de 4.550 lumin\u00e1rias no primeiro semestre do ano. Tamb\u00e9m foram instaladas 68 novas lumin\u00e1rias de LED, que consomem menos energia e oferecem mais seguran\u00e7a para quem circula pelas ruas. As a\u00e7\u00f5es chegaram a aproximadamente 150 bairros, refor\u00e7ando o compromisso com uma cidade mais segura e bem iluminada.<\/p>\n<p>Todas essas a\u00e7\u00f5es integram o Programa Boniteza, da Prefeitura de Juiz de Fora. A popula\u00e7\u00e3o pode acompanhar a programa\u00e7\u00e3o completa das atividades pela p\u00e1gina do Gabinete de A\u00e7\u00e3o e Di\u00e1logo Comunit\u00e1rio. Para solicitar servi\u00e7os de zeladoria, basta entrar em contato pelo telefone (32) 3690-7241 ou pelo WhatsApp, no mesmo n\u00famero.<\/p>\n<\/div>\n<p>&nbsp;<\/p>\n","protected":false},"excerpt":{"rendered":"<p>Segundo informa\u00e7\u00f5es do site da Prefeitura de Juiz de Fora (PJF), a PJF, por meio da Empresa Municipal de Pavimenta\u00e7\u00e3o e Urbanidades (Empav), segue firme no compromisso de cuidar da nossa cidade. S\u00f3 nos seis primeiros meses de 2025, as equipes da empresa estiveram presentes em mais de 150 bairros, levando melhorias para ruas, \u00e1reas [&hellip;]<\/p>\n","protected":false},"author":246,"featured_media":229300,"comment_status":"closed","ping_status":"closed","sticky":false,"template":"","format":"standard","meta":{"footnotes":""},"categories":[253,436,439],"tags":[],"class_list":["post-229299","post","type-post","status-publish","format-standard","has-post-thumbnail","hentry","category-cidade","category-destaque-da-semana","category-ultima-hora"],"_links":{"self":[{"href":"https:\/\/diarioregionaldigital.com.br\/index.php?rest_route=\/wp\/v2\/posts\/229299","targetHints":{"allow":["GET"]}}],"collection":[{"href":"https:\/\/diarioregionaldigital.com.br\/index.php?rest_route=\/wp\/v2\/posts"}],"about":[{"href":"https:\/\/diarioregionaldigital.com.br\/index.php?rest_route=\/wp\/v2\/types\/post"}],"author":[{"embeddable":true,"href":"https:\/\/diarioregionaldigital.com.br\/index.php?rest_route=\/wp\/v2\/users\/246"}],"replies":[{"embeddable":true,"href":"https:\/\/diarioregionaldigital.com.br\/index.php?rest_route=%2Fwp%2Fv2%2Fcomments&post=229299"}],"version-history":[{"count":1,"href":"https:\/\/diarioregionaldigital.com.br\/index.php?rest_route=\/wp\/v2\/posts\/229299\/revisions"}],"predecessor-version":[{"id":229301,"href":"https:\/\/diarioregionaldigital.com.br\/index.php?rest_route=\/wp\/v2\/posts\/229299\/revisions\/229301"}],"wp:featuredmedia":[{"embeddable":true,"href":"https:\/\/diarioregionaldigital.com.br\/index.php?rest_route=\/wp\/v2\/media\/229300"}],"wp:attachment":[{"href":"https:\/\/diarioregionaldigital.com.br\/index.php?rest_route=%2Fwp%2Fv2%2Fmedia&parent=229299"}],"wp:term":[{"taxonomy":"category","embeddable":true,"href":"https:\/\/diarioregionaldigital.com.br\/index.php?rest_route=%2Fwp%2Fv2%2Fcategories&post=229299"},{"taxonomy":"post_tag","embeddable":true,"href":"https:\/\/diarioregionaldigital.com.br\/index.php?rest_route=%2Fwp%2Fv2%2Ftags&post=229299"}],"curies":[{"name":"wp","href":"https:\/\/api.w.org\/{rel}","templated":true}]}}