{"id":229293,"date":"2025-07-11T19:47:50","date_gmt":"2025-07-11T22:47:50","guid":{"rendered":"https:\/\/diarioregionaldigital.com.br\/?p=229293"},"modified":"2025-07-11T19:47:50","modified_gmt":"2025-07-11T22:47:50","slug":"programa-educatur-leva-mais-de-300-alunos-da-rede-publica-a-pontos-turisticos-de-juiz-de-fora-no-primeiro-semestre","status":"publish","type":"post","link":"https:\/\/diarioregionaldigital.com.br\/?p=229293","title":{"rendered":"Programa Educatur leva mais de 300 alunos da rede p\u00fablica a pontos tur\u00edsticos de Juiz de Fora no primeiro semestre"},"content":{"rendered":"<p>Segundo informa\u00e7\u00f5es do site da Prefeitura de Juiz de Fora (PJF), a PJF, por meio da Secretaria de Turismo, encerrou o primeiro semestre de 2025 com a participa\u00e7\u00e3o de 304 alunos de escolas p\u00fablicas municipais no Programa Educatur, que promove visitas guiadas a pontos tur\u00edsticos e culturais da cidade. Ao todo, doze escolas e centros de conviv\u00eancia foram contemplados, com atividades educativas em sete atrativos tur\u00edsticos de Juiz de Fora.<\/p>\n<p>O Educatur tem como objetivo estimular a cidadania e a valoriza\u00e7\u00e3o do patrim\u00f4nio local, aproximando estudantes da rede p\u00fablica dos espa\u00e7os culturais e hist\u00f3ricos do munic\u00edpio. A proposta \u00e9 formar um p\u00fablico jovem mais consciente e engajado com a hist\u00f3ria e cultura da cidade, promovendo o turismo como ferramenta de educa\u00e7\u00e3o.<\/p>\n<p>Entre os locais visitados, o F\u00f3rum da Cultura foi o que mais recebeu turmas, com cinco visitas ao longo do semestre. O Museu de Arte Murilo Mendes (MAMM) recebeu quatro turmas, seguido pelos museus Mariano Proc\u00f3pio e Ferrovi\u00e1rio, o Mercado Municipal, o Centro Cultural Bernardo Mascarenhas (CCBM) e o Parque Municipal. Todas as atividades foram acompanhadas por turism\u00f3logos da Secretaria de Turismo e contaram com apoio t\u00e9cnico das equipes dos espa\u00e7os visitados.<\/p>\n<p>Durante as visitas, os alunos participaram de atividades interativas, como rodas de conversa, quizzes, distribui\u00e7\u00e3o de materiais educativos (como o\u00a0<em>Guia de Atrativos Tur\u00edsticos \u2013 Edi\u00e7\u00e3o Patrim\u00f4nio<\/em>,\u00a0<em>Colorindo o Patrim\u00f4nio<\/em>) e a a\u00e7\u00e3o \u201cRep\u00f3rter por um dia\u201d. Al\u00e9m disso, as institui\u00e7\u00f5es de ensino elaboraram relat\u00f3rios sobre as experi\u00eancias, e os alunos produziram textos e desenhos relacionados aos conte\u00fados explorados nas visitas.<\/p>\n<p>A Secretaria de Turismo planeja, at\u00e9 o fim do ano, uma exposi\u00e7\u00e3o com os trabalhos desenvolvidos pelos estudantes durante o programa, como forma de consolidar os aprendizados e valorizar a produ\u00e7\u00e3o dos participantes.<\/p>\n<p>Participaram do programa as seguintes institui\u00e7\u00f5es: os Centros de Conviv\u00eancia Barreira do Triunfo e J\u00f3quei Clube, e as escolas municipais Arllete Bastos de Magalh\u00e3es, Maria Catarina Barbosa, \u00c1lvaro Lins, Henrique Jos\u00e9 de Souza, Professora N\u00fabia Pereira de Magalh\u00e3es, Belmira Duarte Dias, Prefeito Dilermando Cruz Filho, Am\u00e9lia Mascarenhas, Dante Jaime Brochado, e a Escola Municipal CEM \u2013 Centro de Educa\u00e7\u00e3o de Jovens e Adultos Dr. Geraldo Moutinho.<\/p>\n<p>A a\u00e7\u00e3o refor\u00e7a o compromisso da Prefeitura com a forma\u00e7\u00e3o cidad\u00e3, cultural e tur\u00edstica dos jovens juiz-foranos, e integra as pol\u00edticas p\u00fablicas voltadas ao fortalecimento da identidade local e do pertencimento social.<\/p>\n","protected":false},"excerpt":{"rendered":"<p>Segundo informa\u00e7\u00f5es do site da Prefeitura de Juiz de Fora (PJF), a PJF, por meio da Secretaria de Turismo, encerrou o primeiro semestre de 2025 com a participa\u00e7\u00e3o de 304 alunos de escolas p\u00fablicas municipais no Programa Educatur, que promove visitas guiadas a pontos tur\u00edsticos e culturais da cidade. Ao todo, doze escolas e centros [&hellip;]<\/p>\n","protected":false},"author":246,"featured_media":229294,"comment_status":"closed","ping_status":"closed","sticky":false,"template":"","format":"standard","meta":{"footnotes":""},"categories":[253,436,440,439],"tags":[],"class_list":["post-229293","post","type-post","status-publish","format-standard","has-post-thumbnail","hentry","category-cidade","category-destaque-da-semana","category-destaques-do-dia","category-ultima-hora"],"_links":{"self":[{"href":"https:\/\/diarioregionaldigital.com.br\/index.php?rest_route=\/wp\/v2\/posts\/229293","targetHints":{"allow":["GET"]}}],"collection":[{"href":"https:\/\/diarioregionaldigital.com.br\/index.php?rest_route=\/wp\/v2\/posts"}],"about":[{"href":"https:\/\/diarioregionaldigital.com.br\/index.php?rest_route=\/wp\/v2\/types\/post"}],"author":[{"embeddable":true,"href":"https:\/\/diarioregionaldigital.com.br\/index.php?rest_route=\/wp\/v2\/users\/246"}],"replies":[{"embeddable":true,"href":"https:\/\/diarioregionaldigital.com.br\/index.php?rest_route=%2Fwp%2Fv2%2Fcomments&post=229293"}],"version-history":[{"count":1,"href":"https:\/\/diarioregionaldigital.com.br\/index.php?rest_route=\/wp\/v2\/posts\/229293\/revisions"}],"predecessor-version":[{"id":229295,"href":"https:\/\/diarioregionaldigital.com.br\/index.php?rest_route=\/wp\/v2\/posts\/229293\/revisions\/229295"}],"wp:featuredmedia":[{"embeddable":true,"href":"https:\/\/diarioregionaldigital.com.br\/index.php?rest_route=\/wp\/v2\/media\/229294"}],"wp:attachment":[{"href":"https:\/\/diarioregionaldigital.com.br\/index.php?rest_route=%2Fwp%2Fv2%2Fmedia&parent=229293"}],"wp:term":[{"taxonomy":"category","embeddable":true,"href":"https:\/\/diarioregionaldigital.com.br\/index.php?rest_route=%2Fwp%2Fv2%2Fcategories&post=229293"},{"taxonomy":"post_tag","embeddable":true,"href":"https:\/\/diarioregionaldigital.com.br\/index.php?rest_route=%2Fwp%2Fv2%2Ftags&post=229293"}],"curies":[{"name":"wp","href":"https:\/\/api.w.org\/{rel}","templated":true}]}}