{"id":229284,"date":"2025-07-11T19:44:11","date_gmt":"2025-07-11T22:44:11","guid":{"rendered":"https:\/\/diarioregionaldigital.com.br\/?p=229284"},"modified":"2025-07-11T19:44:11","modified_gmt":"2025-07-11T22:44:11","slug":"governador-participa-de-feira-de-agronegocios-em-tres-coracoes","status":"publish","type":"post","link":"https:\/\/diarioregionaldigital.com.br\/?p=229284","title":{"rendered":"Governador participa de feira de agroneg\u00f3cios em Tr\u00eas Cora\u00e7\u00f5es"},"content":{"rendered":"<p><main class=\"clear margin-md-bottom-3\"><\/p>\n<div class=\"clear \">\n<p>O governador de Minas Gerais, Romeu Zema, participou da terceira edi\u00e7\u00e3o da Feira Agrotr\u00eas, em Tr\u00eas Cora\u00e7\u00f5es, no Sul do estado, nesta sexta-feira (11\/7). Ele conheceu estandes e produtores do agroneg\u00f3cio. De forma remota, o chefe do Executivo mineiro discursou na abertura do evento, na quinta-feira (10\/7).<\/p>\n<p>A feira ocorre entre os dias 10 e 12\/7, no Parque de Exposi\u00e7\u00f5es do munic\u00edpio. Promovida pela Associa\u00e7\u00e3o Comercial e Empresarial de Tr\u00eas Cora\u00e7\u00f5es, a feira se consolida como um importante ponto de encontro para empres\u00e1rios, produtores e profissionais do agroneg\u00f3cio.<\/p>\n<p>Durante o evento, que re\u00fane empresas e especialistas ligados \u00e0s cadeias produtivas do estado, o governador esteve com produtores de gr\u00e3os, caf\u00e9, leite e frutas, dentre outros importantes motores do setor em Minas Gerais.<\/p>\n<p>\u201cEsta feira \u00e9 muito relevante para a regi\u00e3o. \u00c9 o momento do agro se modernizar, trocar ideias, mostrar aquilo que tem feito. \u00c9 a atividade que mais tem crescido em Minas Gerais na nossa gest\u00e3o. Queremos deixar claro para o produtor rural que o\u00a0<a href=\"https:\/\/www.mg.gov.br\/\" target=\"_blank\" rel=\"noopener\">Governo do Estado<\/a>\u00a0est\u00e1 ao lado dele\u201d, destacou Romeu Zema.<\/p>\n<figure class=\"image\"><img decoding=\"async\" src=\"https:\/\/www.agenciaminas.mg.gov.br\/ckeditor_assets\/pictures\/23166\/content_ap_3888.jpg\" alt=\"\" \/><figcaption><sub><em>Dirceu Aur\u00e9lio \/ Imprensa MG<\/em><\/sub><\/figcaption><\/figure>\n<p><strong>Centro de Excel\u00eancia do Caf\u00e9<\/strong><\/p>\n<p>Mais cedo, governador esteve no Centro de Excel\u00eancia do Caf\u00e9, em Varginha, onde conversou com representantes de sindicatos de produtores rurais, cooperativas e lideran\u00e7as da cidade do Sul do estado.<\/p>\n<p>Varginha tem forte atua\u00e7\u00e3o agropecu\u00e1ria, com destaque para o caf\u00e9, cultivado em cerca de 400 propriedades e colocando o munic\u00edpio na 27\u00aa posi\u00e7\u00e3o estadual. Em 2023, a produ\u00e7\u00e3o agr\u00edcola total foi de 33,2 mil toneladas, gerando R$ 389,7 milh\u00f5es. Na regi\u00e3o tamb\u00e9m se destacam milho, soja e uva.<\/p>\n<p>Inaugurado em outubro de 2023, o Centro de Excel\u00eancia em Cafeicultura (CEC) re\u00fane ensino, pesquisa e cursos para fortalecer a cafeicultura nacional. \u00c9 a terceira unidade da s\u00e9rie criada pela CNA e Sistema Faemg Senar, em uma \u00e1rea de 5,1 mil metros quadrados, incluindo salas de aula e laborat\u00f3rios especializados<\/p>\n<p>Fonte: Ag\u00eancia Minas<\/p>\n<\/div>\n<p><\/main><\/p>\n","protected":false},"excerpt":{"rendered":"<p>O governador de Minas Gerais, Romeu Zema, participou da terceira edi\u00e7\u00e3o da Feira Agrotr\u00eas, em Tr\u00eas Cora\u00e7\u00f5es, no Sul do estado, nesta sexta-feira (11\/7). Ele conheceu estandes e produtores do agroneg\u00f3cio. De forma remota, o chefe do Executivo mineiro discursou na abertura do evento, na quinta-feira (10\/7). A feira ocorre entre os dias 10 e [&hellip;]<\/p>\n","protected":false},"author":246,"featured_media":229285,"comment_status":"closed","ping_status":"closed","sticky":false,"template":"","format":"standard","meta":{"footnotes":""},"categories":[436,261,254,439],"tags":[],"class_list":["post-229284","post","type-post","status-publish","format-standard","has-post-thumbnail","hentry","category-destaque-da-semana","category-economia","category-politica","category-ultima-hora"],"_links":{"self":[{"href":"https:\/\/diarioregionaldigital.com.br\/index.php?rest_route=\/wp\/v2\/posts\/229284","targetHints":{"allow":["GET"]}}],"collection":[{"href":"https:\/\/diarioregionaldigital.com.br\/index.php?rest_route=\/wp\/v2\/posts"}],"about":[{"href":"https:\/\/diarioregionaldigital.com.br\/index.php?rest_route=\/wp\/v2\/types\/post"}],"author":[{"embeddable":true,"href":"https:\/\/diarioregionaldigital.com.br\/index.php?rest_route=\/wp\/v2\/users\/246"}],"replies":[{"embeddable":true,"href":"https:\/\/diarioregionaldigital.com.br\/index.php?rest_route=%2Fwp%2Fv2%2Fcomments&post=229284"}],"version-history":[{"count":1,"href":"https:\/\/diarioregionaldigital.com.br\/index.php?rest_route=\/wp\/v2\/posts\/229284\/revisions"}],"predecessor-version":[{"id":229286,"href":"https:\/\/diarioregionaldigital.com.br\/index.php?rest_route=\/wp\/v2\/posts\/229284\/revisions\/229286"}],"wp:featuredmedia":[{"embeddable":true,"href":"https:\/\/diarioregionaldigital.com.br\/index.php?rest_route=\/wp\/v2\/media\/229285"}],"wp:attachment":[{"href":"https:\/\/diarioregionaldigital.com.br\/index.php?rest_route=%2Fwp%2Fv2%2Fmedia&parent=229284"}],"wp:term":[{"taxonomy":"category","embeddable":true,"href":"https:\/\/diarioregionaldigital.com.br\/index.php?rest_route=%2Fwp%2Fv2%2Fcategories&post=229284"},{"taxonomy":"post_tag","embeddable":true,"href":"https:\/\/diarioregionaldigital.com.br\/index.php?rest_route=%2Fwp%2Fv2%2Ftags&post=229284"}],"curies":[{"name":"wp","href":"https:\/\/api.w.org\/{rel}","templated":true}]}}