{"id":229278,"date":"2025-07-11T19:41:58","date_gmt":"2025-07-11T22:41:58","guid":{"rendered":"https:\/\/diarioregionaldigital.com.br\/?p=229278"},"modified":"2025-07-11T19:41:58","modified_gmt":"2025-07-11T22:41:58","slug":"governo-de-minas-inaugura-unidades-da-policia-civil-para-repressao-a-crimes-rurais-no-sul-do-estado","status":"publish","type":"post","link":"https:\/\/diarioregionaldigital.com.br\/?p=229278","title":{"rendered":"Governo de Minas inaugura unidades da Pol\u00edcia Civil para repress\u00e3o a crimes rurais no Sul do estado"},"content":{"rendered":"<p>O\u00a0<a href=\"https:\/\/www.mg.gov.br\/\" target=\"_blank\" rel=\"noopener\">Governo de Minas Gerais<\/a>\u00a0instaurou duas novas estruturas da\u00a0<a href=\"https:\/\/www.policiacivil.mg.gov.br\/\" target=\"_blank\" rel=\"noopener\">Pol\u00edcia Civil de Minas Gerais (PCMG)<\/a>\u00a0voltadas para o combate \u00e0 criminalidade no campo, atendendo nove cidades do Sul do estado.<\/p>\n<p>O governador Romeu Zema inaugurou, nesta sexta-feira (11\/7), a Delegacia Especializada de Repress\u00e3o a Crimes Rurais de Varginha, que atuar\u00e1 no munic\u00edpio e nas cidades de Boa Esperan\u00e7a, El\u00f3i Mendes, Guap\u00e9, Carmo da Cachoeira, Ilic\u00ednea e Coqueiral.<\/p>\n<table border=\"0\" cellspacing=\"1\" cellpadding=\"1\" align=\"center\">\n<tbody>\n<tr>\n<td colspan=\"5\"><img decoding=\"async\" src=\"https:\/\/www.agenciaminas.mg.gov.br\/ckeditor_assets\/pictures\/20949\/content_2_olho_topo.jpg\" alt=\"\" \/><\/td>\n<\/tr>\n<tr>\n<td><\/td>\n<td colspan=\"3\" rowspan=\"3\">\n<h1><strong>&#8220;O agro, que \u00e9 l\u00edder em crescimento em Minas, merece todo nosso apoio e, com a valoriza\u00e7\u00e3o de diversos produtos agr\u00edcolas, em especial o caf\u00e9, temos visto a criminalidade aumentar em algumas regi\u00f5es. Por isso, estamos adotando a\u00e7\u00f5es para melhorar a seguran\u00e7a para quem produz no campo&#8221;, afirmou Romeu Zema.<\/strong><\/h1>\n<\/td>\n<td><\/td>\n<\/tr>\n<tr>\n<td><\/td>\n<td><\/td>\n<\/tr>\n<tr>\n<td><\/td>\n<td><\/td>\n<\/tr>\n<tr>\n<td colspan=\"5\"><img decoding=\"async\" src=\"https:\/\/www.agenciaminas.mg.gov.br\/ckeditor_assets\/pictures\/20950\/content_2_olho_inferior.jpg\" alt=\"\" \/><\/td>\n<\/tr>\n<\/tbody>\n<\/table>\n<p>A Pol\u00edcia Civil tamb\u00e9m inaugurou o\u00a0N\u00facleo Especializado de Repress\u00e3o a Crimes Rurais de Tr\u00eas Pontas, com jurisdi\u00e7\u00e3o na cidade e em Santana do Coqueiral. A nova delegacia e o novo n\u00facleo refor\u00e7ar\u00e3o o trabalho de investiga\u00e7\u00e3o de delitos patrimoniais relacionados \u00e0 atividade rural no Sul de Minas. Apesar da divis\u00e3o territorial para fins de organiza\u00e7\u00e3o dos procedimentos policiais, a coopera\u00e7\u00e3o entre as unidades \u00e9 m\u00fatua, alcan\u00e7ando uma popula\u00e7\u00e3o estimada de mais de 310 mil habitantes.<\/p>\n<p>&#8220;Os nossos \u00edndices de criminalidade neste ano est\u00e3o extremamente satisfat\u00f3rios, temos tido melhorias em quase todos eles, o que demonstra que o trabalho das nossas pol\u00edcias tem sido efetivo e tem trazido bons resultados para a vida dos mineiros&#8221;, destacou o governador de Minas.<\/p>\n<p><strong>Campo Seguro<\/strong><\/p>\n<p>Conforme previsto em resolu\u00e7\u00e3o, as delegacias rurais atuam na apura\u00e7\u00e3o de furto e roubo de gado, bem como de outros crimes que tenham por objeto insumos e maquin\u00e1rios agr\u00edcolas. Com as sedes inauguradas, Minas Gerais soma 13 Delegacias Especializadas de Repress\u00e3o a Crimes Rurais e um N\u00facleo Especializado. A primeira dessas unidades foi instalada em Belo Horizonte, em 2021. As outras delegacias est\u00e3o localizadas em Uberl\u00e2ndia, Patroc\u00ednio, Arax\u00e1, Uberaba, Frutal, Passos, S\u00e3o Sebasti\u00e3o do Para\u00edso, Alfenas, Guaxup\u00e9, Po\u00e7os de Caldas e Campo Belo.<\/p>\n<table border=\"0\" cellspacing=\"1\" cellpadding=\"1\" align=\"center\">\n<tbody>\n<tr>\n<td colspan=\"5\"><img decoding=\"async\" src=\"https:\/\/www.agenciaminas.mg.gov.br\/ckeditor_assets\/pictures\/20949\/content_2_olho_topo.jpg\" alt=\"\" \/><\/td>\n<\/tr>\n<tr>\n<td><\/td>\n<td colspan=\"3\" rowspan=\"3\">\n<h1><strong>&#8220;\u00c9 mais um passo importante dentro do programa Campo Seguro, para implementa\u00e7\u00e3o de medidas efetivas de repress\u00e3o a crimes rurais. Com isso, n\u00f3s temos mais uma vez a articula\u00e7\u00e3o de uma rede de intelig\u00eancia integrada e podemos potencializar, cada vez mais, a prote\u00e7\u00e3o ao homem do campo e a seguran\u00e7a dos mineiros&#8221;, pontuou a chefe da Pol\u00edcia Civil, delegada-geral Let\u00edcia Gamboge.<\/strong><\/h1>\n<\/td>\n<td><\/td>\n<\/tr>\n<tr>\n<td><\/td>\n<td><\/td>\n<\/tr>\n<tr>\n<td><\/td>\n<td><\/td>\n<\/tr>\n<tr>\n<td colspan=\"5\"><img decoding=\"async\" src=\"https:\/\/www.agenciaminas.mg.gov.br\/ckeditor_assets\/pictures\/20950\/content_2_olho_inferior.jpg\" alt=\"\" \/><\/td>\n<\/tr>\n<\/tbody>\n<\/table>\n<p>O projeto Campo Seguro da Pol\u00edcia Civil foi\u00a0lan\u00e7ado em fevereiro de deste ano, com foco na repress\u00e3o qualificada de crimes patrimoniais relacionados com a atividade rural. \u00a0Al\u00e9m do\u00a0modelo de atua\u00e7\u00e3o integrada entre as delegacias respons\u00e1veis pela investiga\u00e7\u00e3o dos delitos, sobretudo as especializadas, a iniciativa tamb\u00e9m envolve as Ag\u00eancias de Intelig\u00eancia Policial.<br \/>\n<img decoding=\"async\" src=\"https:\/\/www.agenciaminas.mg.gov.br\/ckeditor_assets\/pictures\/23165\/content_img_8639.jpg\" alt=\"\" \/><br \/>\n<sub><em>Dirceu Aur\u00e9lio \/ Imprensa MG<\/em><\/sub><\/p>\n<p>Outro eixo do projeto \u00e9 a maior proximidade com o produtor rural, entidades e \u00f3rg\u00e3os ligados a esse setor, bem como as institui\u00e7\u00f5es dos sistemas de seguran\u00e7a e justi\u00e7a, criando uma rede colaborativa.<\/p>\n<p>&#8220;O agro tem feito a diferen\u00e7a em Minas Gerais,\u00a0tem se tornado uma das principais for\u00e7as da nossa economia, e\u00a0n\u00e3o \u00e9 por acaso&#8221;, analisa o o secret\u00e1rio de Estado de\u00a0<a href=\"https:\/\/www.mg.gov.br\/agricultura\" target=\"_blank\" rel=\"noopener\">Agricultura, Pecu\u00e1ria e Abastecimento de Minas Gerais (Seapa)<\/a>, Thales Fernandes, ao tamb\u00e9m atribuir o sucesso do segmento no estado \u00e0 atua\u00e7\u00e3o das For\u00e7as de Seguran\u00e7a.<\/p>\n<table border=\"0\" cellspacing=\"1\" cellpadding=\"1\" align=\"center\">\n<tbody>\n<tr>\n<td colspan=\"5\"><img decoding=\"async\" src=\"https:\/\/www.agenciaminas.mg.gov.br\/ckeditor_assets\/pictures\/20949\/content_2_olho_topo.jpg\" alt=\"\" \/><\/td>\n<\/tr>\n<tr>\n<td><\/td>\n<td colspan=\"3\" rowspan=\"3\">\n<h1><strong>&#8220;A seguran\u00e7a p\u00fablica hoje \u00e9 coroada com esse trabalho fant\u00e1stico que n\u00f3s temos da Pol\u00edcia Civil, caminhando para 14 unidades especializadas, que est\u00e3o fazendo um trabalho realmente diferente. Se o crime est\u00e1 se especializando, n\u00f3s estamos nos especializando muito mais&#8221;, ressaltou Thales Fernandes.<\/strong><\/h1>\n<\/td>\n<td><\/td>\n<\/tr>\n<tr>\n<td><\/td>\n<td><\/td>\n<\/tr>\n<tr>\n<td><\/td>\n<td><\/td>\n<\/tr>\n<tr>\n<td colspan=\"5\"><img decoding=\"async\" src=\"https:\/\/www.agenciaminas.mg.gov.br\/ckeditor_assets\/pictures\/20950\/content_2_olho_inferior.jpg\" alt=\"\" \/><\/td>\n<\/tr>\n<\/tbody>\n<\/table>\n<p><strong>Estruturas<\/strong><\/p>\n<p>Os espa\u00e7os da delegacia e do n\u00facleo especializados foram adaptados de sedes j\u00e1 existentes da Pol\u00edcia Civil \u2014 a Delegacia Regional em Varginha e a Delegacia de Pol\u00edcia em Tr\u00eas Pontas \u2014, agora com salas direcionadas \u00e0s atividades de pol\u00edcia judici\u00e1ria e para recebimento de produtores rurais.<\/p>\n<p>Em Varginha, a viabilidade de estrutura\u00e7\u00e3o da delegacia especializada contou com a parceria da Prefeitura Municipal, do Sindicato Rural, da Federa\u00e7\u00e3o da Agricultura e Pecu\u00e1ria do Estado de Minas Gerais (Faemg) e da iniciativa privada. Para o n\u00facleo de Tr\u00eas Pontas, foram utilizados recursos de emenda parlamentar para a aquisi\u00e7\u00e3o de mobili\u00e1rio e itens de inform\u00e1tica, entre outros materiais.<\/p>\n<p>Fonte: Ag\u00eancia Minas<\/p>\n","protected":false},"excerpt":{"rendered":"<p>O\u00a0Governo de Minas Gerais\u00a0instaurou duas novas estruturas da\u00a0Pol\u00edcia Civil de Minas Gerais (PCMG)\u00a0voltadas para o combate \u00e0 criminalidade no campo, atendendo nove cidades do Sul do estado. O governador Romeu Zema inaugurou, nesta sexta-feira (11\/7), a Delegacia Especializada de Repress\u00e3o a Crimes Rurais de Varginha, que atuar\u00e1 no munic\u00edpio e nas cidades de Boa Esperan\u00e7a, [&hellip;]<\/p>\n","protected":false},"author":246,"featured_media":229279,"comment_status":"closed","ping_status":"closed","sticky":false,"template":"","format":"standard","meta":{"footnotes":""},"categories":[436,440,261,254,439],"tags":[],"class_list":["post-229278","post","type-post","status-publish","format-standard","has-post-thumbnail","hentry","category-destaque-da-semana","category-destaques-do-dia","category-economia","category-politica","category-ultima-hora"],"_links":{"self":[{"href":"https:\/\/diarioregionaldigital.com.br\/index.php?rest_route=\/wp\/v2\/posts\/229278","targetHints":{"allow":["GET"]}}],"collection":[{"href":"https:\/\/diarioregionaldigital.com.br\/index.php?rest_route=\/wp\/v2\/posts"}],"about":[{"href":"https:\/\/diarioregionaldigital.com.br\/index.php?rest_route=\/wp\/v2\/types\/post"}],"author":[{"embeddable":true,"href":"https:\/\/diarioregionaldigital.com.br\/index.php?rest_route=\/wp\/v2\/users\/246"}],"replies":[{"embeddable":true,"href":"https:\/\/diarioregionaldigital.com.br\/index.php?rest_route=%2Fwp%2Fv2%2Fcomments&post=229278"}],"version-history":[{"count":1,"href":"https:\/\/diarioregionaldigital.com.br\/index.php?rest_route=\/wp\/v2\/posts\/229278\/revisions"}],"predecessor-version":[{"id":229280,"href":"https:\/\/diarioregionaldigital.com.br\/index.php?rest_route=\/wp\/v2\/posts\/229278\/revisions\/229280"}],"wp:featuredmedia":[{"embeddable":true,"href":"https:\/\/diarioregionaldigital.com.br\/index.php?rest_route=\/wp\/v2\/media\/229279"}],"wp:attachment":[{"href":"https:\/\/diarioregionaldigital.com.br\/index.php?rest_route=%2Fwp%2Fv2%2Fmedia&parent=229278"}],"wp:term":[{"taxonomy":"category","embeddable":true,"href":"https:\/\/diarioregionaldigital.com.br\/index.php?rest_route=%2Fwp%2Fv2%2Fcategories&post=229278"},{"taxonomy":"post_tag","embeddable":true,"href":"https:\/\/diarioregionaldigital.com.br\/index.php?rest_route=%2Fwp%2Fv2%2Ftags&post=229278"}],"curies":[{"name":"wp","href":"https:\/\/api.w.org\/{rel}","templated":true}]}}