{"id":229275,"date":"2025-07-11T19:40:48","date_gmt":"2025-07-11T22:40:48","guid":{"rendered":"https:\/\/diarioregionaldigital.com.br\/?p=229275"},"modified":"2025-07-11T19:40:48","modified_gmt":"2025-07-11T22:40:48","slug":"vice-governador-analisa-impacto-na-economia-mineira-com-a-taxacao-dos-estados-unidos-aos-produtos-exportados-pelo-brasil","status":"publish","type":"post","link":"https:\/\/diarioregionaldigital.com.br\/?p=229275","title":{"rendered":"Vice-governador analisa impacto na economia mineira com a taxa\u00e7\u00e3o dos Estados Unidos aos produtos exportados pelo Brasil"},"content":{"rendered":"<p>O vice-governador Mateus Sim\u00f5es participou, nesta sexta-feira (11\/7), do Conex\u00e3o Empresarial, evento anual promovido pelo Grupo Viver Brasil que re\u00fane importantes nomes do empreendedorismo e da pol\u00edtica mineira. A edi\u00e7\u00e3o de 2025 \u00e9 realizada no Vila Gal\u00e9 Collection Ouro Preto, na regi\u00e3o Central do estado.<\/p>\n<p>Ao falar sobre o cen\u00e1rio pol\u00edtico e econ\u00f4mico nacional e os avan\u00e7os realizados em Minas nos \u00faltimos anos, o vice-governador repercutiu sobre as consequ\u00eancias do an\u00fancio do governo norte-americano de taxar em 50% os produtos exportados do Brasil.<\/p>\n<p>Para ele esta decis\u00e3o ir\u00e1 trazer impactos para a economia mineira com o custo tribut\u00e1rio pela decis\u00e3o do governo Trump, que citou a agricultura e minera\u00e7\u00e3o.<\/p>\n<p>\u201cAcho que \u00e9 um momento de reflex\u00e3o profunda sobre quais s\u00e3o as nossas estrat\u00e9gias para fora do mercado americano, mas tamb\u00e9m \u00e9 um momento da gente refletir como a nossa pol\u00edtica internacional tem sido conduzida\u201d, concluiu.<\/p>\n<p><strong>Conex\u00e3o Empresarial<\/strong><\/p>\n<p>A 16\u00aa edi\u00e7\u00e3o do evento acontece entre os dias 10 e 13\/7 e re\u00fane empres\u00e1rios, lideran\u00e7as do setor p\u00fablico e privado, e autoridades, proporcionando um ambiente favor\u00e1vel para oportunidades de neg\u00f3cios.<\/p>\n<p>O Conex\u00e3o Empresarial se consagrou como refer\u00eancia entre os encontros de neg\u00f3cios mais relevantes do Brasil por manter o alto n\u00edvel do debate e o padr\u00e3o de excel\u00eancia.<\/p>\n<p>Fonte: Ag\u00eancia Minas<\/p>\n","protected":false},"excerpt":{"rendered":"<p>O vice-governador Mateus Sim\u00f5es participou, nesta sexta-feira (11\/7), do Conex\u00e3o Empresarial, evento anual promovido pelo Grupo Viver Brasil que re\u00fane importantes nomes do empreendedorismo e da pol\u00edtica mineira. A edi\u00e7\u00e3o de 2025 \u00e9 realizada no Vila Gal\u00e9 Collection Ouro Preto, na regi\u00e3o Central do estado. Ao falar sobre o cen\u00e1rio pol\u00edtico e econ\u00f4mico nacional e [&hellip;]<\/p>\n","protected":false},"author":246,"featured_media":229276,"comment_status":"closed","ping_status":"closed","sticky":false,"template":"","format":"standard","meta":{"footnotes":""},"categories":[436,440,261,254,439],"tags":[],"class_list":["post-229275","post","type-post","status-publish","format-standard","has-post-thumbnail","hentry","category-destaque-da-semana","category-destaques-do-dia","category-economia","category-politica","category-ultima-hora"],"_links":{"self":[{"href":"https:\/\/diarioregionaldigital.com.br\/index.php?rest_route=\/wp\/v2\/posts\/229275","targetHints":{"allow":["GET"]}}],"collection":[{"href":"https:\/\/diarioregionaldigital.com.br\/index.php?rest_route=\/wp\/v2\/posts"}],"about":[{"href":"https:\/\/diarioregionaldigital.com.br\/index.php?rest_route=\/wp\/v2\/types\/post"}],"author":[{"embeddable":true,"href":"https:\/\/diarioregionaldigital.com.br\/index.php?rest_route=\/wp\/v2\/users\/246"}],"replies":[{"embeddable":true,"href":"https:\/\/diarioregionaldigital.com.br\/index.php?rest_route=%2Fwp%2Fv2%2Fcomments&post=229275"}],"version-history":[{"count":1,"href":"https:\/\/diarioregionaldigital.com.br\/index.php?rest_route=\/wp\/v2\/posts\/229275\/revisions"}],"predecessor-version":[{"id":229277,"href":"https:\/\/diarioregionaldigital.com.br\/index.php?rest_route=\/wp\/v2\/posts\/229275\/revisions\/229277"}],"wp:featuredmedia":[{"embeddable":true,"href":"https:\/\/diarioregionaldigital.com.br\/index.php?rest_route=\/wp\/v2\/media\/229276"}],"wp:attachment":[{"href":"https:\/\/diarioregionaldigital.com.br\/index.php?rest_route=%2Fwp%2Fv2%2Fmedia&parent=229275"}],"wp:term":[{"taxonomy":"category","embeddable":true,"href":"https:\/\/diarioregionaldigital.com.br\/index.php?rest_route=%2Fwp%2Fv2%2Fcategories&post=229275"},{"taxonomy":"post_tag","embeddable":true,"href":"https:\/\/diarioregionaldigital.com.br\/index.php?rest_route=%2Fwp%2Fv2%2Ftags&post=229275"}],"curies":[{"name":"wp","href":"https:\/\/api.w.org\/{rel}","templated":true}]}}