{"id":229272,"date":"2025-07-11T14:53:56","date_gmt":"2025-07-11T17:53:56","guid":{"rendered":"https:\/\/diarioregionaldigital.com.br\/?p=229272"},"modified":"2025-07-11T14:53:56","modified_gmt":"2025-07-11T17:53:56","slug":"extrato-de-contrato-046-2025-11-07-2025","status":"publish","type":"post","link":"https:\/\/diarioregionaldigital.com.br\/?p=229272","title":{"rendered":"EXTRATO DE CONTRATO 046\/2025 &#8211; 11\/07\/2025"},"content":{"rendered":"<p class=\"s4\"><span class=\"s3\"><span class=\"bumpedFont17\">EXTRATO DE CONTRATO<\/span><\/span><span class=\"s3\"><span class=\"bumpedFont17\"> 0<\/span><\/span><span class=\"s3\"><span class=\"bumpedFont17\">46<\/span><\/span><span class=\"s3\"><span class=\"bumpedFont17\">\/2025<\/span><\/span><\/p>\n<p class=\"s4\">\n<p class=\"s5\"><span class=\"s3\"><span class=\"bumpedFont17\">Pref. Municipal de Descoberto x<\/span><\/span> <span class=\"s3\"><span class=\"bumpedFont17\">R DE L GON\u00c7ALVES<\/span><\/span> <span class=\"s3\"><span class=\"bumpedFont17\">\u2013<\/span><\/span> <span class=\"s3\"><span class=\"bumpedFont17\">Objeto: <\/span><\/span><span class=\"s3\"><span class=\"bumpedFont17\">Contrata\u00e7\u00e3o da apresenta\u00e7\u00e3o art\u00edstica da <\/span><\/span><span class=\"s3\"><span class=\"bumpedFont17\">Banda <\/span><\/span><span class=\"s3\"><span class=\"bumpedFont17\">Ricard\u00f5es<\/span><\/span><span class=\"s3\"><span class=\"bumpedFont17\"> do Forr\u00f3 <\/span><\/span><span class=\"s3\"><span class=\"bumpedFont17\">no Parque de Exposi\u00e7\u00f5es de Descoberto\/MG <\/span><\/span><span class=\"s3\"><span class=\"bumpedFont17\">MG<\/span><\/span><span class=\"s3\"><span class=\"bumpedFont17\"> para a Cavalgada dos Amigos de Descoberto, no dia 13 de julho de 2025<\/span><\/span> <span class=\"s3\"><span class=\"bumpedFont17\">&#8211;<\/span><\/span> <span class=\"s3\"><span class=\"bumpedFont17\">Fundamento:<\/span><\/span><span class=\"s3\"><span class=\"bumpedFont17\">Inexigibilidade<\/span><\/span> <span class=\"s3\"><span class=\"bumpedFont17\">n\u00ba <\/span><\/span><span class=\"s3\"><span class=\"bumpedFont17\">0<\/span><\/span><span class=\"s3\"><span class=\"bumpedFont17\">1<\/span><\/span><span class=\"s3\"><span class=\"bumpedFont17\">8<\/span><\/span><span class=\"s3\"><span class=\"bumpedFont17\">\/<\/span><\/span><span class=\"s3\"><span class=\"bumpedFont17\">202<\/span><\/span><span class=\"s3\"><span class=\"bumpedFont17\">5<\/span><\/span> <span class=\"s3\"><span class=\"bumpedFont17\">&#8211; <\/span><\/span><span class=\"s3\"><span class=\"bumpedFont17\">Valor: <\/span><\/span><span class=\"s3\"><span class=\"bumpedFont17\">R$<\/span><\/span> <span class=\"s3\"><span class=\"bumpedFont17\">7<\/span><\/span><span class=\"s3\"><span class=\"bumpedFont17\">.000,00<\/span><\/span> <span class=\"s3\"><span class=\"bumpedFont17\">&#8211; <\/span><\/span><span class=\"s3\"><span class=\"bumpedFont17\">Vig\u00eancia:<\/span><\/span><span class=\"s3\"><span class=\"bumpedFont17\">14\/07<\/span><\/span><span class=\"s3\"><span class=\"bumpedFont17\">\/2025<\/span><\/span> <span class=\"s3\"><span class=\"bumpedFont17\">&#8211; <\/span><\/span><span class=\"s3\"><span class=\"bumpedFont17\">Dot<\/span><\/span> <span class=\"s3\"><span class=\"bumpedFont17\">or\u00e7<\/span><\/span><span class=\"s3\"><span class=\"bumpedFont17\">:<\/span><\/span><span class=\"s3\"><span class=\"bumpedFont17\">02.016.000.13.392.0015.2078.000162.339039.00\/1500 <\/span><\/span><span class=\"s3\"><span class=\"bumpedFont17\">&#8211; <\/span><\/span><span class=\"s3\"><span class=\"bumpedFont17\">Ass<\/span><\/span><span class=\"s3\"><span class=\"bumpedFont17\">:<\/span><\/span><span class=\"s3\"><span class=\"bumpedFont17\">10\/07<\/span><\/span><span class=\"s3\"><span class=\"bumpedFont17\">\/2025 <\/span><\/span><span class=\"s3\"><span class=\"bumpedFont17\">&#8211; Foro: S\u00e3o Jo\u00e3o Nepomuceno\/MG.<\/span><\/span><\/p>\n<p class=\"s5\">\n<p class=\"s5\">\n<p class=\"s5\">\n<p class=\"s4\">\n<p class=\"s4\"><span class=\"s3\"><span class=\"bumpedFont17\">Lu\u00eds Fernando de Oliveira<\/span><\/span><\/p>\n<p class=\"s4\"><span class=\"s3\"><span class=\"bumpedFont17\">Prefeito <\/span><\/span><span class=\"s3\"><span class=\"bumpedFont17\">Municipal<\/span><\/span><\/p>\n<p class=\"s4\">\n<p class=\"s4\">\n","protected":false},"excerpt":{"rendered":"<p>EXTRATO DE CONTRATO 046\/2025 Pref. Municipal de Descoberto x R DE L GON\u00c7ALVES \u2013 Objeto: Contrata\u00e7\u00e3o da apresenta\u00e7\u00e3o art\u00edstica da Banda Ricard\u00f5es do Forr\u00f3 no Parque de Exposi\u00e7\u00f5es de Descoberto\/MG MG para a Cavalgada dos Amigos de Descoberto, no dia 13 de julho de 2025 &#8211; Fundamento:Inexigibilidade n\u00ba 018\/2025 &#8211; Valor: R$ 7.000,00 &#8211; Vig\u00eancia:14\/07\/2025 [&hellip;]<\/p>\n","protected":false},"author":246,"featured_media":0,"comment_status":"closed","ping_status":"closed","sticky":false,"template":"","format":"standard","meta":{"footnotes":""},"categories":[307,1],"tags":[],"class_list":["post-229272","post","type-post","status-publish","format-standard","hentry","category-editais","category-sem-categoria"],"_links":{"self":[{"href":"https:\/\/diarioregionaldigital.com.br\/index.php?rest_route=\/wp\/v2\/posts\/229272","targetHints":{"allow":["GET"]}}],"collection":[{"href":"https:\/\/diarioregionaldigital.com.br\/index.php?rest_route=\/wp\/v2\/posts"}],"about":[{"href":"https:\/\/diarioregionaldigital.com.br\/index.php?rest_route=\/wp\/v2\/types\/post"}],"author":[{"embeddable":true,"href":"https:\/\/diarioregionaldigital.com.br\/index.php?rest_route=\/wp\/v2\/users\/246"}],"replies":[{"embeddable":true,"href":"https:\/\/diarioregionaldigital.com.br\/index.php?rest_route=%2Fwp%2Fv2%2Fcomments&post=229272"}],"version-history":[{"count":1,"href":"https:\/\/diarioregionaldigital.com.br\/index.php?rest_route=\/wp\/v2\/posts\/229272\/revisions"}],"predecessor-version":[{"id":229274,"href":"https:\/\/diarioregionaldigital.com.br\/index.php?rest_route=\/wp\/v2\/posts\/229272\/revisions\/229274"}],"wp:attachment":[{"href":"https:\/\/diarioregionaldigital.com.br\/index.php?rest_route=%2Fwp%2Fv2%2Fmedia&parent=229272"}],"wp:term":[{"taxonomy":"category","embeddable":true,"href":"https:\/\/diarioregionaldigital.com.br\/index.php?rest_route=%2Fwp%2Fv2%2Fcategories&post=229272"},{"taxonomy":"post_tag","embeddable":true,"href":"https:\/\/diarioregionaldigital.com.br\/index.php?rest_route=%2Fwp%2Fv2%2Ftags&post=229272"}],"curies":[{"name":"wp","href":"https:\/\/api.w.org\/{rel}","templated":true}]}}