{"id":229269,"date":"2025-07-10T20:13:48","date_gmt":"2025-07-10T23:13:48","guid":{"rendered":"https:\/\/diarioregionaldigital.com.br\/?p=229269"},"modified":"2025-07-10T20:13:48","modified_gmt":"2025-07-10T23:13:48","slug":"prefeita-margarida-salomao-visita-obras-em-andamento","status":"publish","type":"post","link":"https:\/\/diarioregionaldigital.com.br\/?p=229269","title":{"rendered":"Prefeita Margarida Salom\u00e3o visita obras em andamento"},"content":{"rendered":"<p>Segundo informa\u00e7\u00f5es do site da Prefeitura de Juiz de Fora (PJF), a prefeita Margarida Salom\u00e3o realizou, na manh\u00e3 desta quinta-feira, 10, visitas a cinco obras em andamento no munic\u00edpio: interven\u00e7\u00f5es de drenagem no Santa Cruz; requalifica\u00e7\u00e3o da Rua Berta Halfeld Paleta; obras na ponte e nas margens do c\u00f3rrego no Carlos Chagas; constru\u00e7\u00e3o da nova Unidade B\u00e1sica de Sa\u00fade (UBS) no bairro Manoel Hon\u00f3rio; e conten\u00e7\u00e3o da rua Ant\u00f4nio Alves Teixeira, no Graja\u00fa. Tamb\u00e9m foi visitada a pra\u00e7a do Parque das Torres, que teve sua reforma recentemente conclu\u00edda.<\/p>\n<p>As visitas foram acompanhadas pela secret\u00e1ria de Obras, Bruna Rocha, e pelo secret\u00e1rio de Esporte e Lazer, Marcelo Matta. Segundo a prefeita, \u201ch\u00e1 muitas obras espalhadas pela cidade, e realizamos essas visitas periodicamente para acompanhar de perto o andamento dos servi\u00e7os. Todas as interven\u00e7\u00f5es s\u00e3o de grande relev\u00e2ncia para Juiz de Fora.\u201d<\/p>\n<p><strong>Pra\u00e7a do Parque das Torres<\/strong><\/p>\n<p>A pra\u00e7a passou por ampla reforma da quadra poliesportiva, executada pela empresa Uni\u00e3o Engenharia. As melhorias inclu\u00edram a instala\u00e7\u00e3o de novos alambrados, recupera\u00e7\u00e3o e pintura do piso da quadra e das traves, revitaliza\u00e7\u00e3o das muretas dos jardins, recupera\u00e7\u00e3o da pista de skate e manuten\u00e7\u00e3o das grelhas de escoamento de \u00e1gua.<\/p>\n<p>\u201cDe um total de 120 pra\u00e7as, j\u00e1 revitalizamos entre 70 e 80. Isso demonstra o quanto valorizamos esses espa\u00e7os nesta gest\u00e3o\u201d, destacou o secret\u00e1rio Marcelo Matta. A obra foi conclu\u00edda com recursos viabilizados pelo ent\u00e3o deputado federal Charlles Evangelista.<\/p>\n<p>Segundo a prefeita, \u201ceste \u00e9 um bairro popular, com poucas op\u00e7\u00f5es de lazer. Por isso, esta pra\u00e7a tem um valor extraordin\u00e1rio. \u00c9 um espa\u00e7o que torna a cidade mais humana, mais alegre e com melhores condi\u00e7\u00f5es de conviv\u00eancia.\u201d<\/p>\n<p><strong>Obras de drenagem no Santa Cruz<\/strong><\/p>\n<p>As obras visam solucionar um antigo problema de alagamentos no bairro. As duas primeiras etapas, realizadas na Rua Miguel Marinho, j\u00e1 foram conclu\u00eddas, com a instala\u00e7\u00e3o de 270 metros iniciais de rede de drenagem, seguida por mais 130 metros de complementa\u00e7\u00e3o.<\/p>\n<p>\u201cTrata-se de uma grande obra de drenagem no Santa Cruz. Tudo come\u00e7ou com uma interven\u00e7\u00e3o emergencial na Rua Miguel Marinho. Para resolver de forma definitiva, era necess\u00e1rio coletar a \u00e1gua na parte mais alta do bairro. Com isso, estamos cumprindo o nosso dever\u201d, explicou Margarida Salom\u00e3o.<\/p>\n<p>Segundo a secret\u00e1ria Bruna Rocha, \u201cnesta nova etapa, criaremos um novo ponto de lan\u00e7amento da \u00e1gua da chuva no c\u00f3rrego, dividindo o volume que desce das ruas mais altas. Havia uma antiga servid\u00e3o na Rua Maria Lanziotti, que passava sob v\u00e1rias resid\u00eancias, colocando-as em risco. Agora, com a nova rede, faremos um desvio para garantir mais seguran\u00e7a.\u201d<\/p>\n<p>Atualmente, a terceira etapa est\u00e1 sendo executada na Rua Justino Gomes Monteiro, com instala\u00e7\u00e3o de 214 metros de tubula\u00e7\u00e3o de drenagem pluvial. A quarta fase prev\u00ea a continuidade da rede, cruzando a Avenida Dr. Simi\u00e3o de Faria e seguindo at\u00e9 a Rua Jo\u00e3o Ferreira de Morais, com lan\u00e7amento no C\u00f3rrego Santa Cruz, somando cerca de 360 metros de rede.<\/p>\n<p><strong>Requalifica\u00e7\u00e3o da Rua Berta Halfeld Paleta<\/strong><\/p>\n<p>O projeto, em parceria com o Moinho JF, contempla melhorias em mobilidade urbana, infraestrutura vi\u00e1ria e humaniza\u00e7\u00e3o do espa\u00e7o p\u00fablico na via localizada entre a linha f\u00e9rrea e o Moinho.<\/p>\n<p>A proposta visa facilitar o acesso a bairros como Jardim Natal, Milho Branco, Encosta do Sol, Fontesville, Amaz\u00f4nia e Morro do Sab\u00e3o, al\u00e9m de melhorar o tr\u00e2nsito na Avenida Juscelino Kubitschek. Entre as a\u00e7\u00f5es previstas, est\u00e3o a pavimenta\u00e7\u00e3o da via atualmente desativada e a transfer\u00eancia dos pontos de \u00f4nibus da avenida para essa rua, desafogando o tr\u00e1fego, especialmente nos hor\u00e1rios de pico.<\/p>\n<p>\u201cA Rua Berta Halfeld Paleta ficou anos fechada, mas tem grande potencial para melhorar a mobilidade na regi\u00e3o. Os \u00f4nibus passar\u00e3o por aqui, o que vai aliviar o tr\u00e2nsito na Avenida JK e facilitar o acesso a v\u00e1rios bairros. \u00c9 uma solu\u00e7\u00e3o urbana e de mobilidade importante para Juiz de Fora\u201d, afirmou a prefeita.<\/p>\n<p>O projeto tamb\u00e9m inclui solu\u00e7\u00f5es sustent\u00e1veis, como a cria\u00e7\u00e3o de jardins de chuva, \u00e1reas perme\u00e1veis no entorno do C\u00f3rrego Humait\u00e1, instala\u00e7\u00e3o de mobili\u00e1rio urbano e cria\u00e7\u00e3o de um boulevard integrado ao Moinho JF.<\/p>\n<p>Segundo Bruna Rocha, \u201cal\u00e9m de ser uma importante obra de mobilidade, ser\u00e1 um espa\u00e7o humanizado, com ponto de \u00f4nibus, equipamentos sustent\u00e1veis e forte integra\u00e7\u00e3o urbana.\u201d<\/p>\n<p>As estacas raiz da ponte j\u00e1 foram conclu\u00eddas, bem como a pavimenta\u00e7\u00e3o com base de bica corrida e o ensaio de compacta\u00e7\u00e3o. A forma e a arma\u00e7\u00e3o do pavimento de concreto est\u00e3o em andamento. A obra, executada pela empresa Ribeiro Alvim Engenharia Ltda, tem aproximadamente 30% dos servi\u00e7os conclu\u00eddos e \u00e9 financiada pelo programa Finisa, da Caixa Econ\u00f4mica Federal.<\/p>\n<p><strong>Interven\u00e7\u00f5es no Bairro Carlos Chagas<\/strong><\/p>\n<p>Entre fevereiro e mar\u00e7o, a Prefeitura, por meio da Defesa Civil, interditou preventivamente a principal ponte de acesso ao bairro Carlos Chagas, localizada na conflu\u00eancia das ruas Eunice Weaver, Helena Bitencourt, Expedicion\u00e1rio Ant\u00f4nio Novaes e Avenida Santa C\u00e2ndida.<\/p>\n<p>Ap\u00f3s vistoria, foram constatadas eros\u00f5es laterais significativas e danos estruturais na ponte, o que motivou a amplia\u00e7\u00e3o das interven\u00e7\u00f5es e a constru\u00e7\u00e3o de uma nova ponte, al\u00e9m da conten\u00e7\u00e3o de ambas as margens do c\u00f3rrego, com aproximadamente 50 metros de extens\u00e3o cada.<\/p>\n<p>\u201cPoder\u00edamos ter tido aqui um acidente grave. Embora cause transtornos, n\u00e3o podemos permitir que a popula\u00e7\u00e3o fique em risco. A nova ponte ser\u00e1 constru\u00edda com tecnologia sustent\u00e1vel, facilitando tamb\u00e9m a limpeza do c\u00f3rrego\u201d, destacou Margarida Salom\u00e3o.<\/p>\n<p>Atualmente, est\u00e3o sendo realizadas sondagens complementares, remodela\u00e7\u00e3o da rede de esgoto pela Cesama, atualiza\u00e7\u00e3o do estudo hidrol\u00f3gico e defini\u00e7\u00e3o dos pontos de funda\u00e7\u00e3o da nova ponte.<\/p>\n<p>A obra, executada pela empresa Montreal Constru\u00e7\u00f5es Ltda, tem prazo contratual de um ano, mas a expectativa \u00e9 de entrega antecipada para o in\u00edcio de 2026, segundo Bruna Rocha.<\/p>\n<p><strong>Unidade B\u00e1sica de Sa\u00fade (UBS) Manoel Hon\u00f3rio<\/strong><\/p>\n<p>Localizada na Rua Am\u00e9rico Lobo, n\u00ba 1070, a nova UBS segue todas as normas de acessibilidade, seguran\u00e7a e vigil\u00e2ncia sanit\u00e1ria. A unidade contar\u00e1 com tr\u00eas pavimentos e estrutura moderna, com sala de espera para 36 pessoas, farm\u00e1cia, sala de vacinas, coleta, enfermagem, curativos e oito consult\u00f3rios \u2013 dois deles ginecol\u00f3gicos com sanit\u00e1rios \u2013, al\u00e9m de cl\u00ednica odontol\u00f3gica com tr\u00eas cadeiras, escov\u00e1rio, audit\u00f3rio para at\u00e9 50 pessoas, entre outros espa\u00e7os.<\/p>\n<p>Entre os destaques est\u00e3o a plataforma elevat\u00f3ria para pessoas com defici\u00eancia, central de material esterilizado, copa, dep\u00f3sitos e sala para os Agentes Comunit\u00e1rios de Sa\u00fade.<\/p>\n<p>\u201cTivemos muitos desafios na funda\u00e7\u00e3o, por ser um terreno \u00famido e entre casas antigas. Trabalhamos com instabilidade lateral e len\u00e7ol fre\u00e1tico elevado, mas superamos essa etapa. Agora estamos na fase de acabamentos\u201d, relatou Bruna Rocha.<\/p>\n<p>Com cerca de 80% dos servi\u00e7os executados, a obra est\u00e1 sendo realizada pela empresa G. Marques Constru\u00e7\u00f5es Ltda. A entrega est\u00e1 prevista para outubro. A unidade beneficiar\u00e1 cerca de 20 mil pessoas e o recurso foi viabilizado por meio de parceria entre a Prefeitura e o vereador Luiz Ot\u00e1vio Fernandes Coelho (Pardal).<\/p>\n<p><strong>Obra de conten\u00e7\u00e3o na Rua Ant\u00f4nio Alves Teixeira \u2013 Bairro Graja\u00fa<\/strong><\/p>\n<p>A interven\u00e7\u00e3o visa estabilizar o solo e aumentar a seguran\u00e7a da regi\u00e3o. Est\u00e1 sendo constru\u00edda uma cortina atirantada de concreto, com 92,28 metros de extens\u00e3o e cerca de 5 metros de altura, para conter a encosta.<\/p>\n<p>\u201cTivemos um grande problema nas chuvas de 2023, com riscos ao reservat\u00f3rio da Cesama e \u00e0s resid\u00eancias da regi\u00e3o. A Defesa Civil precisou interditar a \u00e1rea, e agora avan\u00e7amos com mais essa importante obra de conten\u00e7\u00e3o\u201d, afirmou a prefeita.<\/p>\n<p>Parte da escada de drenagem j\u00e1 est\u00e1 em execu\u00e7\u00e3o. A obra est\u00e1 com 34% dos servi\u00e7os conclu\u00eddos. Ap\u00f3s a finaliza\u00e7\u00e3o da conten\u00e7\u00e3o, ser\u00e1 realizada a recomposi\u00e7\u00e3o do pavimento, meio-fio e passeio. A empresa respons\u00e1vel \u00e9 a Geox Geot\u00e9cnica e Engenharia de Obras Ltda.<\/p>\n","protected":false},"excerpt":{"rendered":"<p>Segundo informa\u00e7\u00f5es do site da Prefeitura de Juiz de Fora (PJF), a prefeita Margarida Salom\u00e3o realizou, na manh\u00e3 desta quinta-feira, 10, visitas a cinco obras em andamento no munic\u00edpio: interven\u00e7\u00f5es de drenagem no Santa Cruz; requalifica\u00e7\u00e3o da Rua Berta Halfeld Paleta; obras na ponte e nas margens do c\u00f3rrego no Carlos Chagas; constru\u00e7\u00e3o da nova [&hellip;]<\/p>\n","protected":false},"author":246,"featured_media":229270,"comment_status":"closed","ping_status":"closed","sticky":false,"template":"","format":"standard","meta":{"footnotes":""},"categories":[253,436,440,439],"tags":[],"class_list":["post-229269","post","type-post","status-publish","format-standard","has-post-thumbnail","hentry","category-cidade","category-destaque-da-semana","category-destaques-do-dia","category-ultima-hora"],"_links":{"self":[{"href":"https:\/\/diarioregionaldigital.com.br\/index.php?rest_route=\/wp\/v2\/posts\/229269","targetHints":{"allow":["GET"]}}],"collection":[{"href":"https:\/\/diarioregionaldigital.com.br\/index.php?rest_route=\/wp\/v2\/posts"}],"about":[{"href":"https:\/\/diarioregionaldigital.com.br\/index.php?rest_route=\/wp\/v2\/types\/post"}],"author":[{"embeddable":true,"href":"https:\/\/diarioregionaldigital.com.br\/index.php?rest_route=\/wp\/v2\/users\/246"}],"replies":[{"embeddable":true,"href":"https:\/\/diarioregionaldigital.com.br\/index.php?rest_route=%2Fwp%2Fv2%2Fcomments&post=229269"}],"version-history":[{"count":1,"href":"https:\/\/diarioregionaldigital.com.br\/index.php?rest_route=\/wp\/v2\/posts\/229269\/revisions"}],"predecessor-version":[{"id":229271,"href":"https:\/\/diarioregionaldigital.com.br\/index.php?rest_route=\/wp\/v2\/posts\/229269\/revisions\/229271"}],"wp:featuredmedia":[{"embeddable":true,"href":"https:\/\/diarioregionaldigital.com.br\/index.php?rest_route=\/wp\/v2\/media\/229270"}],"wp:attachment":[{"href":"https:\/\/diarioregionaldigital.com.br\/index.php?rest_route=%2Fwp%2Fv2%2Fmedia&parent=229269"}],"wp:term":[{"taxonomy":"category","embeddable":true,"href":"https:\/\/diarioregionaldigital.com.br\/index.php?rest_route=%2Fwp%2Fv2%2Fcategories&post=229269"},{"taxonomy":"post_tag","embeddable":true,"href":"https:\/\/diarioregionaldigital.com.br\/index.php?rest_route=%2Fwp%2Fv2%2Ftags&post=229269"}],"curies":[{"name":"wp","href":"https:\/\/api.w.org\/{rel}","templated":true}]}}