{"id":229266,"date":"2025-07-10T20:10:44","date_gmt":"2025-07-10T23:10:44","guid":{"rendered":"https:\/\/diarioregionaldigital.com.br\/?p=229266"},"modified":"2025-07-10T20:10:44","modified_gmt":"2025-07-10T23:10:44","slug":"governo-de-minas-impulsiona-esporte-para-estudantes-com-a-aquisicao-de-kits-pelas-escolas","status":"publish","type":"post","link":"https:\/\/diarioregionaldigital.com.br\/?p=229266","title":{"rendered":"Governo de Minas impulsiona esporte para estudantes com a aquisi\u00e7\u00e3o de kits pelas escolas"},"content":{"rendered":"<p>As escolas da rede estadual de Minas Gerais vivem um novo momento no incentivo \u00e0 pr\u00e1tica esportiva. Com recursos do Programa Estadual de Melhoria e Investimento no Ensino P\u00fablico (Premiep), o <a href=\"https:\/\/www.mg.gov.br\/\" target=\"_blank\" rel=\"noopener\">Governo de Minas<\/a> est\u00e1 transformando as aulas de Educa\u00e7\u00e3o F\u00edsica, com a entrega de materiais esportivos e melhorias estruturais que j\u00e1 beneficiam milhares de estudantes em todas as regi\u00f5es do estado.<\/p>\n<table border=\"0\" cellspacing=\"1\" cellpadding=\"1\" align=\"center\">\n<tbody>\n<tr>\n<td colspan=\"5\"><img decoding=\"async\" src=\"https:\/\/www.agenciaminas.mg.gov.br\/ckeditor_assets\/pictures\/20949\/content_2_olho_topo.jpg\" alt=\"\" \/><\/td>\n<\/tr>\n<tr>\n<td><\/td>\n<td colspan=\"3\" rowspan=\"3\">\n<h1><strong>\u200b&#8221;Ter equipamentos e uma boa estrutura faz toda a diferen\u00e7a para estimular a pr\u00e1tica de esportes nas nossas escolas, algo que considero important\u00edssimo e fa\u00e7o quest\u00e3o de refor\u00e7ar com investimentos diversos&#8221;, afirma o governador Romeu Zema.<\/strong><\/h1>\n<\/td>\n<td><\/td>\n<\/tr>\n<tr>\n<td><\/td>\n<td><\/td>\n<\/tr>\n<tr>\n<td><\/td>\n<td><\/td>\n<\/tr>\n<tr>\n<td colspan=\"5\"><img decoding=\"async\" src=\"https:\/\/www.agenciaminas.mg.gov.br\/ckeditor_assets\/pictures\/20950\/content_2_olho_inferior.jpg\" alt=\"\" \/><\/td>\n<\/tr>\n<\/tbody>\n<\/table>\n<p>O investimento da <a href=\"https:\/\/www.educacao.mg.gov.br\/\" target=\"_blank\" rel=\"noopener\">Secretaria de Estado de Educa\u00e7\u00e3o de Minas Gerais (SEE\/MG)<\/a>, que soma R$ 121,6 milh\u00f5es, contempla todas as unidades escolares da rede estadual.<\/p>\n<p>A a\u00e7\u00e3o integra uma das frentes estrat\u00e9gicas do Premiep, que \u00e9 promover a forma\u00e7\u00e3o integral dos estudantes por meio de atividades f\u00edsicas mais seguras, estruturadas e inclusivas.<\/p>\n<table border=\"0\" cellspacing=\"1\" cellpadding=\"1\" align=\"center\">\n<tbody>\n<tr>\n<td colspan=\"5\"><img decoding=\"async\" src=\"https:\/\/www.agenciaminas.mg.gov.br\/ckeditor_assets\/pictures\/20949\/content_2_olho_topo.jpg\" alt=\"\" \/><\/td>\n<\/tr>\n<tr>\n<td><\/td>\n<td colspan=\"3\" rowspan=\"3\">\n<h1><strong>&#8220;O esporte \u00e9 fonte de sa\u00fade, mas tamb\u00e9m de tantos valores essenciais que queremos promover na forma\u00e7\u00e3o dos alunos, como respeito, coopera\u00e7\u00e3o, supera\u00e7\u00e3o, autoestima e disciplina. E isso contribui diretamente para a perman\u00eancia dos estudantes na escola&#8221;, analisa o vice-governador Mateus Sim\u00f5es.<\/strong><\/h1>\n<\/td>\n<td><\/td>\n<\/tr>\n<tr>\n<td><\/td>\n<td><\/td>\n<\/tr>\n<tr>\n<td><\/td>\n<td><\/td>\n<\/tr>\n<tr>\n<td colspan=\"5\"><img decoding=\"async\" src=\"https:\/\/www.agenciaminas.mg.gov.br\/ckeditor_assets\/pictures\/20950\/content_2_olho_inferior.jpg\" alt=\"\" \/><\/td>\n<\/tr>\n<\/tbody>\n<\/table>\n<p>Com autonomia para aplicar os recursos conforme suas realidades, as escolas estaduais v\u00eam adquirindo bolas de futsal, basquete, v\u00f4lei, handebol, al\u00e9m de redes, petecas, colchonetes, cones, escadas de coordena\u00e7\u00e3o, cron\u00f4metros, bombas de ar, jogos de tabuleiro e outros itens que fortalecem as atividades f\u00edsicas e recreativas.<\/p>\n<p>As aquisi\u00e7\u00f5es atendem desde os anos iniciais do ensino fundamental at\u00e9 o ensino m\u00e9dio, promovendo equidade no acesso ao esporte. Em muitas unidades, os recursos tamb\u00e9m est\u00e3o sendo usados para pequenos reparos em quadras e espa\u00e7os de lazer, garantindo o uso adequado dessas \u00e1reas.<\/p>\n<p>O secret\u00e1rio de Estado de Educa\u00e7\u00e3o, Igor de Alvarenga, destaca que o investimento representa uma oportunidade concreta de reestruturar as pr\u00e1ticas esportivas nas escolas.<\/p>\n<table border=\"0\" cellspacing=\"1\" cellpadding=\"1\" align=\"center\">\n<tbody>\n<tr>\n<td colspan=\"5\"><img decoding=\"async\" src=\"https:\/\/www.agenciaminas.mg.gov.br\/ckeditor_assets\/pictures\/20949\/content_2_olho_topo.jpg\" alt=\"\" \/><\/td>\n<\/tr>\n<tr>\n<td><\/td>\n<td colspan=\"3\" rowspan=\"3\">\n<h1><strong>&#8220;Muitos estudantes tiveram defasagem nas aulas de Educa\u00e7\u00e3o F\u00edsica no p\u00f3s-pandemia e esse investimento \u00e9 fundamental para fortalecer o trabalho dos professores e valorizar o esporte nas escolas. Com os Jogos Escolares de Minas Gerais (Jemg) e outros campeonatos se aproximando, \u00e9 importante que as equipes escolares se mobilizem e executem o recurso do Premiep o quanto antes&#8221;, diz Igor de Alvarenga.<\/strong><\/h1>\n<\/td>\n<td><\/td>\n<\/tr>\n<tr>\n<td><\/td>\n<td><\/td>\n<\/tr>\n<tr>\n<td><\/td>\n<td><\/td>\n<\/tr>\n<tr>\n<td colspan=\"5\"><img decoding=\"async\" src=\"https:\/\/www.agenciaminas.mg.gov.br\/ckeditor_assets\/pictures\/20950\/content_2_olho_inferior.jpg\" alt=\"\" \/><\/td>\n<\/tr>\n<\/tbody>\n<\/table>\n<p><strong>Exemplos que inspiram<\/strong><\/p>\n<p>Na Escola Estadual Patronato Bom Pastor, em Divin\u00f3polis, os novos materiais foram adquiridos a partir das demandas apontadas por alunos e professores. Hoje, s\u00e3o utilizados nas aulas de Educa\u00e7\u00e3o F\u00edsica, no recreio e em a\u00e7\u00f5es do clube de protagonismo do Ensino M\u00e9dio em Tempo Integral (EMTI).<\/p>\n<figure class=\"image\"><img decoding=\"async\" src=\"https:\/\/www.agenciaminas.mg.gov.br\/ckeditor_assets\/pictures\/23153\/content_e_e_patronato_bom_pastor_em_divinopolis_-_sre_divinopolis_203.jpg\" alt=\"\" \/><figcaption><em><sub>Escola Estadual Patronato Bom Pastor (SEE-MG \/ Divulga\u00e7\u00e3o)<\/sub><\/em><\/figcaption><\/figure>\n<p>Com os kits, a escola passou a organizar campeonatos interclasses de futsal e v\u00f4lei, al\u00e9m de atividades com foco na coordena\u00e7\u00e3o motora nos anos iniciais. A unidade tamb\u00e9m implementou aulas de boxe, promovendo o autocontrole, o respeito e a disciplina. Para Antony Junio Santiago, do 3\u00ba ano do ensino m\u00e9dio, o resultado j\u00e1 est\u00e1 sendo visto.<\/p>\n<p>&#8220;A escola ganhou alguns equipamentos esportivos que t\u00eam ajudado nosso desenvolvimento, nosso preparo f\u00edsico, para a gente ter foco, concentrar, e com coordena\u00e7\u00e3o motora. \u00c9\u00a0 muito importante para n\u00f3s, alunos, e melhorou muito o desempenho da nossa escola&#8221;, conta\u00a0Antony.<\/p>\n<p>J\u00e1 na Escola Estadual Jos\u00e9 Soares de Ara\u00fajo, em Itamogi, o impacto foi imediato. O diretor Leandro Lopes explica que o Premiep permitiu a compra de materiais de qualidade, impulsionando a pr\u00e1tica esportiva e valorizando o trabalho do professor de Educa\u00e7\u00e3o F\u00edsica. Os materiais j\u00e1 est\u00e3o sendo utilizados em jogos internos, campeonatos interclasses e na prepara\u00e7\u00e3o para os Jemg. A equipe feminina de futsal conquistou o 3\u00ba lugar na etapa microrregional da competi\u00e7\u00e3o, reflexo direto do maior engajamento dos estudantes.<\/p>\n<p>&#8220;O Premiep representou uma valoriza\u00e7\u00e3o significativa dos nossos estudantes e da pr\u00e1tica esportiva nas escolas, promovendo melhorias concretas nas condi\u00e7\u00f5es de trabalho e estimulando ainda mais a participa\u00e7\u00e3o dos alunos nas atividades&#8221;, celebra o diretor Leandro Lopes.<\/p>\n<p><strong>Sobre o Premiep<\/strong><\/p>\n<p>Com um investimento total de R$ 374 milh\u00f5es, o Premiep tem como objetivo transformar as escolas estaduais em ambientes mais modernos, acolhedores e alinhados \u00e0s demandas da educa\u00e7\u00e3o contempor\u00e2nea. Os recursos foram destinados a tr\u00eas eixos estrat\u00e9gicos: forma\u00e7\u00e3o t\u00e9cnica, inclus\u00e3o e equidade educacional e incentivo ao esporte. Essas s\u00e3o \u00e1reas essenciais para garantir uma educa\u00e7\u00e3o p\u00fablica de qualidade em todos os territ\u00f3rios mineiros.<\/p>\n<p>&nbsp;<\/p>\n<p>Fonte: Ag\u00eancia Minas<\/p>\n","protected":false},"excerpt":{"rendered":"<p>As escolas da rede estadual de Minas Gerais vivem um novo momento no incentivo \u00e0 pr\u00e1tica esportiva. Com recursos do Programa Estadual de Melhoria e Investimento no Ensino P\u00fablico (Premiep), o Governo de Minas est\u00e1 transformando as aulas de Educa\u00e7\u00e3o F\u00edsica, com a entrega de materiais esportivos e melhorias estruturais que j\u00e1 beneficiam milhares de [&hellip;]<\/p>\n","protected":false},"author":246,"featured_media":229267,"comment_status":"closed","ping_status":"closed","sticky":false,"template":"","format":"standard","meta":{"footnotes":""},"categories":[436,440,257,439],"tags":[],"class_list":["post-229266","post","type-post","status-publish","format-standard","has-post-thumbnail","hentry","category-destaque-da-semana","category-destaques-do-dia","category-esporte","category-ultima-hora"],"_links":{"self":[{"href":"https:\/\/diarioregionaldigital.com.br\/index.php?rest_route=\/wp\/v2\/posts\/229266","targetHints":{"allow":["GET"]}}],"collection":[{"href":"https:\/\/diarioregionaldigital.com.br\/index.php?rest_route=\/wp\/v2\/posts"}],"about":[{"href":"https:\/\/diarioregionaldigital.com.br\/index.php?rest_route=\/wp\/v2\/types\/post"}],"author":[{"embeddable":true,"href":"https:\/\/diarioregionaldigital.com.br\/index.php?rest_route=\/wp\/v2\/users\/246"}],"replies":[{"embeddable":true,"href":"https:\/\/diarioregionaldigital.com.br\/index.php?rest_route=%2Fwp%2Fv2%2Fcomments&post=229266"}],"version-history":[{"count":1,"href":"https:\/\/diarioregionaldigital.com.br\/index.php?rest_route=\/wp\/v2\/posts\/229266\/revisions"}],"predecessor-version":[{"id":229268,"href":"https:\/\/diarioregionaldigital.com.br\/index.php?rest_route=\/wp\/v2\/posts\/229266\/revisions\/229268"}],"wp:featuredmedia":[{"embeddable":true,"href":"https:\/\/diarioregionaldigital.com.br\/index.php?rest_route=\/wp\/v2\/media\/229267"}],"wp:attachment":[{"href":"https:\/\/diarioregionaldigital.com.br\/index.php?rest_route=%2Fwp%2Fv2%2Fmedia&parent=229266"}],"wp:term":[{"taxonomy":"category","embeddable":true,"href":"https:\/\/diarioregionaldigital.com.br\/index.php?rest_route=%2Fwp%2Fv2%2Fcategories&post=229266"},{"taxonomy":"post_tag","embeddable":true,"href":"https:\/\/diarioregionaldigital.com.br\/index.php?rest_route=%2Fwp%2Fv2%2Ftags&post=229266"}],"curies":[{"name":"wp","href":"https:\/\/api.w.org\/{rel}","templated":true}]}}