{"id":229263,"date":"2025-07-10T20:09:04","date_gmt":"2025-07-10T23:09:04","guid":{"rendered":"https:\/\/diarioregionaldigital.com.br\/?p=229263"},"modified":"2025-07-10T20:09:04","modified_gmt":"2025-07-10T23:09:04","slug":"governo-de-minas-digitaliza-envio-de-recursos-de-infracoes-ao-conselho-estadual-de-transito","status":"publish","type":"post","link":"https:\/\/diarioregionaldigital.com.br\/?p=229263","title":{"rendered":"Governo de Minas digitaliza envio de recursos de infra\u00e7\u00f5es ao Conselho Estadual de Tr\u00e2nsito"},"content":{"rendered":"<p><main class=\"clear margin-md-bottom-3\"><\/p>\n<div class=\"clear col-md-10 col-md-offset-1 \">\n<p>O <a href=\"https:\/\/www.mg.gov.br\/\" target=\"_blank\" rel=\"noopener\">Governo de Minas<\/a> digitalizou o envio de recursos de infra\u00e7\u00f5es pelos \u00f3rg\u00e3os de tr\u00e2nsito autuadores municipais para o Conselho Estadual de Tr\u00e2nsito (Cetran-MG), para agilizar e modernizar o processo. O Cetran-MG \u00e9 o \u00f3rg\u00e3o respons\u00e1vel por julgar os recursos de penalidades de tr\u00e2nsito em 2\u00aa inst\u00e2ncia, aplicadas por \u00f3rg\u00e3os de tr\u00e2nsito estaduais e municipais de Minas Gerais, sendo a \u00faltima inst\u00e2ncia de julgamento na esfera administrativa, que pode alterar decis\u00f5es pr\u00e9vias das Juntas Administrativas de Recursos de Infra\u00e7\u00f5es (Jari), de 1\u00aa inst\u00e2ncia.<\/p>\n<p>O procedimento para encaminhamento digital de recursos est\u00e1 previsto na Delibera\u00e7\u00e3o n\u00ba 145 do Cetran-MG\u00a0que ser\u00e1 publicada, com orienta\u00e7\u00e3o de utiliza\u00e7\u00e3o da ferramenta de peticionamento eletr\u00f4nico no Sistema Eletr\u00f4nico de Informa\u00e7\u00f5es (Sei!MG). Este sistema permite que usu\u00e1rios externos, previamente cadastrados e habilitados, iniciem processos de seu interesse e inseriram documentos em um processo j\u00e1 existente, al\u00e9m de acompanhar o seu andamento.<\/p>\n<p>O Sei!MG \u00e9 um sistema que ajuda a gerenciar documentos e processos administrativos de forma eletr\u00f4nica. Ele foi criado para tornar a administra\u00e7\u00e3o p\u00fablica mais eficiente e transparente, facilitando a cria\u00e7\u00e3o, tramita\u00e7\u00e3o, acesso e uso de documentos e processos em formato digital, diminuindo a necessidade do uso de papel.<\/p>\n<p>Antes, quando um condutor era autuado por infra\u00e7\u00e3o de compet\u00eancia municipal tinha seu recurso negado pela Jari e queria recorrer ao Cetran-MG, o \u00f3rg\u00e3o de tr\u00e2nsito municipal enviava o processo f\u00edsico, em papel, para o Conselho situado em Belo Horizonte.<\/p>\n<p>Agora, o condutor ainda deve juntar a documenta\u00e7\u00e3o necess\u00e1ria para o recurso ao Cetran-MG e apresent\u00e1-la junto ao \u00f3rg\u00e3o de tr\u00e2nsito do munic\u00edpio respons\u00e1vel pela penalidade recorrida. Contudo, com a Delibera\u00e7\u00e3o n\u00ba 145, tendo a documenta\u00e7\u00e3o exigida para o recurso, o \u00f3rg\u00e3o de tr\u00e2nsito municipal autuador dever\u00e1, ap\u00f3s os devidos lan\u00e7amentos e instru\u00e7\u00e3o, inclu\u00ed-la digitalmente no Sei!MG, onde todo o processo poder\u00e1 ser acompanhado.<\/p>\n<p>O prazo para apresentar recurso ao Cetran-MG \u00e9 de 30 dias a partir da publica\u00e7\u00e3o ou notifica\u00e7\u00e3o da decis\u00e3o da Jari que indeferiu o recurso, nos termos da legisla\u00e7\u00e3o vigente.<\/p>\n<p><strong>Acesso externo ao Sei!MG<\/strong><\/p>\n<p>O usu\u00e1rio externo no contexto do Sei!MG \u00e9 qualquer pessoa f\u00edsica que n\u00e3o fa\u00e7a parte do Governo do Estado de Minas Gerais, mas que precise se relacionar com o Estado por meio do sistema. Isso inclui indiv\u00edduos e entidades que necessitam acessar, enviar ou receber documentos e informa\u00e7\u00f5es relacionados a processos administrativos do governo estadual.<\/p>\n<p>Os usu\u00e1rios externos t\u00eam permiss\u00e3o para interagir com o Sei!MG de acordo com as pol\u00edticas e procedimentos estabelecidos, facilitando a comunica\u00e7\u00e3o e colabora\u00e7\u00e3o entre o governo, o cidad\u00e3o e demais entidades.<\/p>\n<p>Para criar um usu\u00e1rio e senha para acesso externo, as Jaris municipais podem buscar mais informa\u00e7\u00f5es na <a href=\"http:\/\/www.transito.mg.gov.br\/\" target=\"_blank\" rel=\"noopener\">p\u00e1gina do Centran-MG<\/a>.<\/p>\n<p>Fonte: Ag\u00eancia Minas<\/p>\n<\/div>\n<p><\/main><\/p>\n","protected":false},"excerpt":{"rendered":"<p>O Governo de Minas digitalizou o envio de recursos de infra\u00e7\u00f5es pelos \u00f3rg\u00e3os de tr\u00e2nsito autuadores municipais para o Conselho Estadual de Tr\u00e2nsito (Cetran-MG), para agilizar e modernizar o processo. O Cetran-MG \u00e9 o \u00f3rg\u00e3o respons\u00e1vel por julgar os recursos de penalidades de tr\u00e2nsito em 2\u00aa inst\u00e2ncia, aplicadas por \u00f3rg\u00e3os de tr\u00e2nsito estaduais e municipais [&hellip;]<\/p>\n","protected":false},"author":246,"featured_media":229264,"comment_status":"closed","ping_status":"closed","sticky":false,"template":"","format":"standard","meta":{"footnotes":""},"categories":[436,440,261,254,439],"tags":[],"class_list":["post-229263","post","type-post","status-publish","format-standard","has-post-thumbnail","hentry","category-destaque-da-semana","category-destaques-do-dia","category-economia","category-politica","category-ultima-hora"],"_links":{"self":[{"href":"https:\/\/diarioregionaldigital.com.br\/index.php?rest_route=\/wp\/v2\/posts\/229263","targetHints":{"allow":["GET"]}}],"collection":[{"href":"https:\/\/diarioregionaldigital.com.br\/index.php?rest_route=\/wp\/v2\/posts"}],"about":[{"href":"https:\/\/diarioregionaldigital.com.br\/index.php?rest_route=\/wp\/v2\/types\/post"}],"author":[{"embeddable":true,"href":"https:\/\/diarioregionaldigital.com.br\/index.php?rest_route=\/wp\/v2\/users\/246"}],"replies":[{"embeddable":true,"href":"https:\/\/diarioregionaldigital.com.br\/index.php?rest_route=%2Fwp%2Fv2%2Fcomments&post=229263"}],"version-history":[{"count":1,"href":"https:\/\/diarioregionaldigital.com.br\/index.php?rest_route=\/wp\/v2\/posts\/229263\/revisions"}],"predecessor-version":[{"id":229265,"href":"https:\/\/diarioregionaldigital.com.br\/index.php?rest_route=\/wp\/v2\/posts\/229263\/revisions\/229265"}],"wp:featuredmedia":[{"embeddable":true,"href":"https:\/\/diarioregionaldigital.com.br\/index.php?rest_route=\/wp\/v2\/media\/229264"}],"wp:attachment":[{"href":"https:\/\/diarioregionaldigital.com.br\/index.php?rest_route=%2Fwp%2Fv2%2Fmedia&parent=229263"}],"wp:term":[{"taxonomy":"category","embeddable":true,"href":"https:\/\/diarioregionaldigital.com.br\/index.php?rest_route=%2Fwp%2Fv2%2Fcategories&post=229263"},{"taxonomy":"post_tag","embeddable":true,"href":"https:\/\/diarioregionaldigital.com.br\/index.php?rest_route=%2Fwp%2Fv2%2Ftags&post=229263"}],"curies":[{"name":"wp","href":"https:\/\/api.w.org\/{rel}","templated":true}]}}