{"id":229245,"date":"2025-07-09T18:28:46","date_gmt":"2025-07-09T21:28:46","guid":{"rendered":"https:\/\/diarioregionaldigital.com.br\/?p=229245"},"modified":"2025-07-09T18:28:46","modified_gmt":"2025-07-09T21:28:46","slug":"parque-da-lajinha-recebe-31-mil-visitantes-no-1-semestre-de-2025","status":"publish","type":"post","link":"https:\/\/diarioregionaldigital.com.br\/?p=229245","title":{"rendered":"Parque da Lajinha recebe 31 mil visitantes no 1\u00b0 semestre de 2025"},"content":{"rendered":"<p>Segundo informa\u00e7\u00f5es do site da Prefeitura de Juiz de Fora (PJF), de janeiro a junho deste ano, o Parque Natural Municipal da Lajinha recebeu 31 mil visitantes. Localizado na Avenida Deusdedith Salgado, no bairro Teixeiras, o espa\u00e7o funciona de ter\u00e7a a domingo, das 8h \u00e0s 17h, permitindo a entrada de visitantes at\u00e9 \u00e0s 16h30. A entrada \u00e9 gratuita.<\/p>\n<div id=\"box_texto_noticia\">\n<div>Al\u00e9m das atividades realizadas pela Prefeitura de Juiz de Fora (PJF), como o\u00a0 \u201cDomingo no Parque\u201d, os visitantes podem agendar outros eventos, como piqueniques e pr\u00e1ticas coletivas gratuitas, incluindo yoga e dan\u00e7a, trilhas orientadas, apresenta\u00e7\u00f5es culturais e ensaios fotogr\u00e1ficos. Para solicitar quaisquer agendamento, \u00e9 necess\u00e1rio formalizar o pedido na plataforma\u00a0<a href=\"https:\/\/juizdefora.1doc.com.br\/b.php?pg=o\/wp&amp;s=juizdefora\">Prefeitura \u00c1gil<\/a>, em Protocolos&gt;Assunto&gt;Parque da Lajinha, e aguardar o retorno da Secretaria de Meio Ambiente e Mudan\u00e7as Clim\u00e1ticas, respons\u00e1vel pela administra\u00e7\u00e3o da Unidade de Conserva\u00e7\u00e3o. A solicita\u00e7\u00e3o deve ser feita com 15 dias de anteced\u00eancia ao evento.<\/div>\n<div>Frequentadores tamb\u00e9m podem contemplar as interven\u00e7\u00f5es art\u00edsticas do projeto \u201cArte no Parque\u201d. S\u00e3o dez artes pl\u00e1sticas autorais, pautadas na sustentabilidade e desenvolvidas por artistas locais: \u201cAbrigo Da Mem\u00f3ria\u201d, de Hudson Gon\u00e7alves Martins; \u201cExpans\u00e3o\u201d, de Maria Estrela Baptista Marques; \u201cHarmonia Sustent\u00e1vel: A Fauna Em Arte Esculpida\u201d, de Wellington Luiz Paiva Da Silva Costa; \u201cMalha\u201d, de Divers\u00e3o E Arte Espa\u00e7o Cultural; \u201cParque Da Lajinha \u2013 Mem\u00f3ria E Preserva\u00e7\u00e3o\u201d, de Yure Mendes Machado; \u201cMosaico Xamum\u201d, do Coletivo Agrupa \u2013 Mosaico E Muralismo; \u201cO Que Habito, Mora Em Mim\u201d de Old Man Artes Ltda; \u201cPanapan\u00e1\u201d, de Ins\u00f3lita Beleza \u2013 J\u00e9ssica Felippino; \u201cPeixe Ou Piche?\u201d, de Dalvan Campos Marques; e, por fim, \u201cVida Rec\u00edproca\u201d, de Thiago Campos Filgueiras.<\/div>\n<div>As linhas de \u00f4nibus que atendem o parque s\u00e3o: 139 &#8211; Sagrado Cora\u00e7\u00e3o; 190 &#8211; Zona Sul \/ UFJF; 508 &#8211; Deusdedith Salgado; 514 &#8211; Cascatinha; 518 &#8211; Salvaterra; 519 &#8211; Torre\u00f5es; 520 &#8211; Aeroporto; 521, 522 &#8211; Teixeiras; 523 &#8211; Monte Verde; 528 &#8211; Cascatinha; 529 &#8211; Torre\u00f5es; 543 &#8211; Santa C\u00f3rdula; 546 &#8211; Mirante; 590 &#8211; Zona Sul \/ UFJF.<\/div>\n<div><strong>Outras informa\u00e7\u00f5es<\/strong><\/div>\n<div>Instagram: @parquedalajinhajf<\/div>\n<div>WhatsApp: 3690-8346\n<\/div>\n<div><\/div>\n<\/div>\n<p>&nbsp;<\/p>\n","protected":false},"excerpt":{"rendered":"<p>Segundo informa\u00e7\u00f5es do site da Prefeitura de Juiz de Fora (PJF), de janeiro a junho deste ano, o Parque Natural Municipal da Lajinha recebeu 31 mil visitantes. Localizado na Avenida Deusdedith Salgado, no bairro Teixeiras, o espa\u00e7o funciona de ter\u00e7a a domingo, das 8h \u00e0s 17h, permitindo a entrada de visitantes at\u00e9 \u00e0s 16h30. A [&hellip;]<\/p>\n","protected":false},"author":246,"featured_media":229246,"comment_status":"closed","ping_status":"closed","sticky":false,"template":"","format":"standard","meta":{"footnotes":""},"categories":[253,436,439],"tags":[],"class_list":["post-229245","post","type-post","status-publish","format-standard","has-post-thumbnail","hentry","category-cidade","category-destaque-da-semana","category-ultima-hora"],"_links":{"self":[{"href":"https:\/\/diarioregionaldigital.com.br\/index.php?rest_route=\/wp\/v2\/posts\/229245","targetHints":{"allow":["GET"]}}],"collection":[{"href":"https:\/\/diarioregionaldigital.com.br\/index.php?rest_route=\/wp\/v2\/posts"}],"about":[{"href":"https:\/\/diarioregionaldigital.com.br\/index.php?rest_route=\/wp\/v2\/types\/post"}],"author":[{"embeddable":true,"href":"https:\/\/diarioregionaldigital.com.br\/index.php?rest_route=\/wp\/v2\/users\/246"}],"replies":[{"embeddable":true,"href":"https:\/\/diarioregionaldigital.com.br\/index.php?rest_route=%2Fwp%2Fv2%2Fcomments&post=229245"}],"version-history":[{"count":1,"href":"https:\/\/diarioregionaldigital.com.br\/index.php?rest_route=\/wp\/v2\/posts\/229245\/revisions"}],"predecessor-version":[{"id":229247,"href":"https:\/\/diarioregionaldigital.com.br\/index.php?rest_route=\/wp\/v2\/posts\/229245\/revisions\/229247"}],"wp:featuredmedia":[{"embeddable":true,"href":"https:\/\/diarioregionaldigital.com.br\/index.php?rest_route=\/wp\/v2\/media\/229246"}],"wp:attachment":[{"href":"https:\/\/diarioregionaldigital.com.br\/index.php?rest_route=%2Fwp%2Fv2%2Fmedia&parent=229245"}],"wp:term":[{"taxonomy":"category","embeddable":true,"href":"https:\/\/diarioregionaldigital.com.br\/index.php?rest_route=%2Fwp%2Fv2%2Fcategories&post=229245"},{"taxonomy":"post_tag","embeddable":true,"href":"https:\/\/diarioregionaldigital.com.br\/index.php?rest_route=%2Fwp%2Fv2%2Ftags&post=229245"}],"curies":[{"name":"wp","href":"https:\/\/api.w.org\/{rel}","templated":true}]}}