{"id":229206,"date":"2025-07-08T20:06:03","date_gmt":"2025-07-08T23:06:03","guid":{"rendered":"https:\/\/diarioregionaldigital.com.br\/?p=229206"},"modified":"2025-07-08T20:06:03","modified_gmt":"2025-07-08T23:06:03","slug":"governo-de-minas-assina-decreto-historico-que-regulamenta-uso-da-agua-no-campo-e-avanca-na-irrigacao-sustentavel","status":"publish","type":"post","link":"https:\/\/diarioregionaldigital.com.br\/?p=229206","title":{"rendered":"Governo de Minas assina decreto hist\u00f3rico que regulamenta uso da \u00e1gua no campo e avan\u00e7a na irriga\u00e7\u00e3o sustent\u00e1vel"},"content":{"rendered":"<p>Seguindo o compromisso com quem produz no estado, o\u00a0<a href=\"https:\/\/www.mg.gov.br\/\" target=\"_blank\" rel=\"noopener\">Governo de Minas<\/a>\u00a0deu um passo decisivo para o fortalecimento da agricultura irrigada com a assinatura, realizada nesta ter\u00e7a-feira (8\/7), do decreto que regulamenta a Pol\u00edtica Estadual de Agricultura Irrigada Sustent\u00e1vel, em solenidade realizada na Cidade Administrativa, em Belo Horizonte.<\/p>\n<p>O governador Romeu Zema assinou o decreto da pol\u00edtica, prevista na Lei Estadual n\u00ba 24.931\/2024, que estabelece diretrizes t\u00e9cnicas, ambientais e administrativas para ampliar a irriga\u00e7\u00e3o de forma racional.<\/p>\n<table border=\"0\" cellspacing=\"1\" cellpadding=\"1\" align=\"center\">\n<tbody>\n<tr>\n<td colspan=\"5\"><img decoding=\"async\" src=\"https:\/\/www.agenciaminas.mg.gov.br\/ckeditor_assets\/pictures\/20949\/content_2_olho_topo.jpg\" alt=\"\" \/><\/td>\n<\/tr>\n<tr>\n<td><\/td>\n<td colspan=\"3\" rowspan=\"3\">\n<h1><strong>&#8220;Hoje \u00e9 um dia muito importante para a agricultura de Minas. Com esse decreto, vamos conseguir ampliar a produtividade. A mesma quantidade de terra que hoje produz uma safra por ano, poder\u00e1 produzir duas ou tr\u00eas. Isso significa mais renda para o produtor rural, preserva\u00e7\u00e3o de \u00e1reas que seriam demandadas para uma maior produ\u00e7\u00e3o e, principalmente, maior oferta de alimentos e menos infla\u00e7\u00e3o para o consumidor mineiro e brasileiro&#8221;, ressaltou Romeu Zema.<\/strong><\/h1>\n<\/td>\n<td><\/td>\n<\/tr>\n<tr>\n<td><\/td>\n<td><\/td>\n<\/tr>\n<tr>\n<td><\/td>\n<td><\/td>\n<\/tr>\n<tr>\n<td colspan=\"5\"><img decoding=\"async\" src=\"https:\/\/www.agenciaminas.mg.gov.br\/ckeditor_assets\/pictures\/20950\/content_2_olho_inferior.jpg\" alt=\"\" \/><\/td>\n<\/tr>\n<\/tbody>\n<\/table>\n<p>A medida deve beneficiar milhares de produtores mineiros, especialmente os da agricultura familiar, ao promover a\u00e7\u00f5es como seguran\u00e7a h\u00eddrica e jur\u00eddica aos produtores, uso eficiente da \u00e1gua, integra\u00e7\u00e3o do setor produtivo \u00e0s pol\u00edticas ambientais, fortalecimento da competitividade da agricultura mineira e contribui\u00e7\u00f5es concretas \u00e0 seguran\u00e7a alimentar e ao desenvolvimento regional.<\/p>\n<table border=\"0\" cellspacing=\"1\" cellpadding=\"1\" align=\"center\">\n<tbody>\n<tr>\n<td colspan=\"5\"><img decoding=\"async\" src=\"https:\/\/www.agenciaminas.mg.gov.br\/ckeditor_assets\/pictures\/20949\/content_2_olho_topo.jpg\" alt=\"\" \/><\/td>\n<\/tr>\n<tr>\n<td><\/td>\n<td colspan=\"3\" rowspan=\"3\">\n<h1><strong>&#8220;Minas, hoje, s\u00f3 possui 15% da sua \u00e1rea produtiva irrigada e agora, com esse decreto, vamos poder armazenar mais \u00e1gua para poder irrigar as nossas \u00e1reas, e poder fazer tr\u00eas safras sem abrir novas \u00e1reas. Isso vai nos tornar mais competitivos e sustent\u00e1veis&#8221;, enfatizou\u00a0o secret\u00e1rio de Estado de\u00a0<a href=\"https:\/\/www.mg.gov.br\/agricultura\" target=\"_blank\" rel=\"noopener\">Agricultura, Pecu\u00e1ria e Abastecimento<\/a>, Thales Fernandes.<\/strong><\/h1>\n<\/td>\n<td><\/td>\n<\/tr>\n<tr>\n<td><\/td>\n<td><\/td>\n<\/tr>\n<tr>\n<td><\/td>\n<td><\/td>\n<\/tr>\n<tr>\n<td colspan=\"5\"><img decoding=\"async\" src=\"https:\/\/www.agenciaminas.mg.gov.br\/ckeditor_assets\/pictures\/20950\/content_2_olho_inferior.jpg\" alt=\"\" \/><\/td>\n<\/tr>\n<\/tbody>\n<\/table>\n<p>A norma detalha procedimentos t\u00e9cnicos e administrativos para a aplica\u00e7\u00e3o da Pol\u00edtica Estadual de Agricultura Irrigada Sustent\u00e1vel, regulamenta dispositivos como o Plano Estadual de Agricultura Irrigada Sustent\u00e1vel (Peais), define crit\u00e9rios para certifica\u00e7\u00e3o de projetos de irriga\u00e7\u00e3o, organiza o uso do Zoneamento Ambiental e Produtivo (ZAP) e estimula a\u00e7\u00f5es compensat\u00f3rias e de fomento ao desenvolvimento sustent\u00e1vel.<\/p>\n<p>\u201cAs regi\u00f5es mais beneficiadas ser\u00e3o \u00e0s que t\u00eam os maiores conflitos h\u00eddricos, menor \u00edndice pluviom\u00e9trico e maior hist\u00f3rico de escassez. O produtor vai ter a possibilidade de reservar \u00e1gua na \u00e9poca das chuvas. \u00c9 uma mudan\u00e7a muito importante que pode revolucionar a produ\u00e7\u00e3o\u201d, explicou a chefe do N\u00facleo de Gest\u00e3o Ambiental da Seapa, Ariel Chaves.<\/p>\n<p>\u201cO maior avan\u00e7o \u00e9 o reconhecimento de que a irriga\u00e7\u00e3o \u00e9 uma atividade de utilidade p\u00fablica. O regulamento explica passo a passo tudo o que o produtor rural precisa apresentar em termos de estudos e de documenta\u00e7\u00e3o\u201d, afirmou.<\/p>\n<table border=\"0\" cellspacing=\"1\" cellpadding=\"1\" align=\"center\">\n<tbody>\n<tr>\n<td colspan=\"5\"><img decoding=\"async\" src=\"https:\/\/www.agenciaminas.mg.gov.br\/ckeditor_assets\/pictures\/20949\/content_2_olho_topo.jpg\" alt=\"\" \/><\/td>\n<\/tr>\n<tr>\n<td><\/td>\n<td colspan=\"3\" rowspan=\"3\">\n<h1>\n<strong>&#8220;Esse decreto \u00e9 muito importante em v\u00e1rios sentidos, principalmente em trazer o uso racional e sustent\u00e1vel dos nossos recursos h\u00eddricos. Isso vai permitir mais produtividade, utilizando a menor \u00e1rea poss\u00edvel, e garantindo indicadores positivos para a nossa agricultura, como, por exemplo, 30% de \u00e1rea preservada e o nosso Selo Verde&#8221;, disse a secret\u00e1ria de Estado de\u00a0<a href=\"https:\/\/meioambiente.mg.gov.br\/\" target=\"_blank\" rel=\"noopener\">Meio Ambiente e Desenvolvimento Sustent\u00e1vel<\/a>, Marilia Melo.<\/strong><\/h1>\n<\/td>\n<td><\/td>\n<\/tr>\n<tr>\n<td><\/td>\n<td><\/td>\n<\/tr>\n<tr>\n<td><\/td>\n<td><\/td>\n<\/tr>\n<tr>\n<td colspan=\"5\"><img decoding=\"async\" src=\"https:\/\/www.agenciaminas.mg.gov.br\/ckeditor_assets\/pictures\/20950\/content_2_olho_inferior.jpg\" alt=\"\" \/><\/td>\n<\/tr>\n<\/tbody>\n<\/table>\n<p>A expectativa \u00e9 potencializar a \u00e1rea produtiva irrigada em Minas Gerais com barramentos e po\u00e7os artesianos, com uma pol\u00edtica menos burocr\u00e1tica e mais assertiva. A medida \u00e9 considerada fundamental para dar efetividade \u00e0 Pol\u00edtica Estadual de Agricultura Irrigada Sustent\u00e1vel, evitando que a pol\u00edtica fique sem aplica\u00e7\u00e3o pr\u00e1tica e garantindo a clareza dos procedimentos para agricultores e t\u00e9cnicos.<\/p>\n<p><strong>Irriga Minas<\/strong><\/p>\n<p>O decreto tamb\u00e9m se integra \u00e0s a\u00e7\u00f5es do Programa Irriga Minas, projeto estrat\u00e9gico da Seapa. Somente em 2025, est\u00e3o previstos R$ 22 milh\u00f5es em investimentos para a entrega de cerca de 14 mil kits de irriga\u00e7\u00e3o, n\u00famero que deve chegar a 20 mil at\u00e9 2026, totalizando R$ 27 milh\u00f5es aplicados desde 2019.<\/p>\n<p>Os kits de irriga\u00e7\u00e3o por gotejamento atendem \u00e1reas de 500 a mil metros quadrados, com estrutura que inclui caixa d\u2019\u00e1gua, filtros e tubos, para o cultivo de hortali\u00e7as e frut\u00edferas durante praticamente todo o ano.<\/p>\n<p>Esses equipamentos t\u00eam sido essenciais para pequenas propriedades em regi\u00f5es com baixa regularidade de chuvas, permitindo n\u00e3o s\u00f3 o abastecimento familiar como tamb\u00e9m a comercializa\u00e7\u00e3o da produ\u00e7\u00e3o em feiras e em programas institucionais, como o Programa de Aquisi\u00e7\u00e3o de Alimentos (PAA) o Programa Nacional de Alimenta\u00e7\u00e3o Escolar (Pnae).<\/p>\n<p>Fonte: Ag\u00eancia Minas<\/p>\n","protected":false},"excerpt":{"rendered":"<p>Seguindo o compromisso com quem produz no estado, o\u00a0Governo de Minas\u00a0deu um passo decisivo para o fortalecimento da agricultura irrigada com a assinatura, realizada nesta ter\u00e7a-feira (8\/7), do decreto que regulamenta a Pol\u00edtica Estadual de Agricultura Irrigada Sustent\u00e1vel, em solenidade realizada na Cidade Administrativa, em Belo Horizonte. O governador Romeu Zema assinou o decreto da [&hellip;]<\/p>\n","protected":false},"author":246,"featured_media":229207,"comment_status":"closed","ping_status":"closed","sticky":false,"template":"","format":"standard","meta":{"footnotes":""},"categories":[436,261,254,439],"tags":[],"class_list":["post-229206","post","type-post","status-publish","format-standard","has-post-thumbnail","hentry","category-destaque-da-semana","category-economia","category-politica","category-ultima-hora"],"_links":{"self":[{"href":"https:\/\/diarioregionaldigital.com.br\/index.php?rest_route=\/wp\/v2\/posts\/229206","targetHints":{"allow":["GET"]}}],"collection":[{"href":"https:\/\/diarioregionaldigital.com.br\/index.php?rest_route=\/wp\/v2\/posts"}],"about":[{"href":"https:\/\/diarioregionaldigital.com.br\/index.php?rest_route=\/wp\/v2\/types\/post"}],"author":[{"embeddable":true,"href":"https:\/\/diarioregionaldigital.com.br\/index.php?rest_route=\/wp\/v2\/users\/246"}],"replies":[{"embeddable":true,"href":"https:\/\/diarioregionaldigital.com.br\/index.php?rest_route=%2Fwp%2Fv2%2Fcomments&post=229206"}],"version-history":[{"count":2,"href":"https:\/\/diarioregionaldigital.com.br\/index.php?rest_route=\/wp\/v2\/posts\/229206\/revisions"}],"predecessor-version":[{"id":229209,"href":"https:\/\/diarioregionaldigital.com.br\/index.php?rest_route=\/wp\/v2\/posts\/229206\/revisions\/229209"}],"wp:featuredmedia":[{"embeddable":true,"href":"https:\/\/diarioregionaldigital.com.br\/index.php?rest_route=\/wp\/v2\/media\/229207"}],"wp:attachment":[{"href":"https:\/\/diarioregionaldigital.com.br\/index.php?rest_route=%2Fwp%2Fv2%2Fmedia&parent=229206"}],"wp:term":[{"taxonomy":"category","embeddable":true,"href":"https:\/\/diarioregionaldigital.com.br\/index.php?rest_route=%2Fwp%2Fv2%2Fcategories&post=229206"},{"taxonomy":"post_tag","embeddable":true,"href":"https:\/\/diarioregionaldigital.com.br\/index.php?rest_route=%2Fwp%2Fv2%2Ftags&post=229206"}],"curies":[{"name":"wp","href":"https:\/\/api.w.org\/{rel}","templated":true}]}}