{"id":229203,"date":"2025-07-08T20:04:49","date_gmt":"2025-07-08T23:04:49","guid":{"rendered":"https:\/\/diarioregionaldigital.com.br\/?p=229203"},"modified":"2025-07-08T20:04:49","modified_gmt":"2025-07-08T23:04:49","slug":"governo-de-minas-assina-acordo-para-fortalecer-acoes-de-prevencao-e-resposta-a-desastres","status":"publish","type":"post","link":"https:\/\/diarioregionaldigital.com.br\/?p=229203","title":{"rendered":"Governo de Minas assina acordo para fortalecer a\u00e7\u00f5es de preven\u00e7\u00e3o e resposta a desastres"},"content":{"rendered":"<p>O\u00a0<a href=\"https:\/\/www.mg.gov.br\/\" target=\"_blank\" rel=\"noopener\">Governo de Minas<\/a>\u00a0firmou, nesta ter\u00e7a-feira (8\/7), um Acordo de Coopera\u00e7\u00e3o T\u00e9cnica com o Conselho Regional de Engenharia e Agronomia de Minas Gerais (Crea-MG), voltado para o fortalecimento das a\u00e7\u00f5es de preven\u00e7\u00e3o, resposta e recupera\u00e7\u00e3o a desastres no estado.<\/p>\n<p>O governador Romeu Zema presidiu a solenidade da assinatura do acordo\u00a0entre o chefe do GMG e coordenador estadual de Defesa Civil, coronel Paulo Roberto Bermudes Rezende, e o presidente do Crea-MG, Marcos Torres Gerv\u00e1sio.<\/p>\n<table border=\"0\" cellspacing=\"1\" cellpadding=\"1\" align=\"center\">\n<tbody>\n<tr>\n<td colspan=\"5\"><img decoding=\"async\" src=\"https:\/\/www.agenciaminas.mg.gov.br\/ckeditor_assets\/pictures\/20949\/content_2_olho_topo.jpg\" alt=\"\" \/><\/td>\n<\/tr>\n<tr>\n<td><\/td>\n<td colspan=\"3\" rowspan=\"3\">\n<h1><strong>&#8220;Quero reconhecer o trabalho da\u00a0Defesa Civil, que estruturou todo esse acordo, e do Crea-MG, que vem\u00a0somar esfor\u00e7os para que n\u00f3s sejamos um estado cada vez mais bem preparado para fazer face aos eventos clim\u00e1ticos extremos, que est\u00e3o se tornando cada vez mais comuns, como deslizamentos de terra e inunda\u00e7\u00f5es no per\u00edodo chuvoso&#8221;, destacou Romeu Zema.<\/strong><\/h1>\n<\/td>\n<td><\/td>\n<\/tr>\n<tr>\n<td><\/td>\n<td><\/td>\n<\/tr>\n<tr>\n<td><\/td>\n<td><\/td>\n<\/tr>\n<tr>\n<td colspan=\"5\"><img decoding=\"async\" src=\"https:\/\/www.agenciaminas.mg.gov.br\/ckeditor_assets\/pictures\/20950\/content_2_olho_inferior.jpg\" alt=\"\" \/><\/td>\n<\/tr>\n<\/tbody>\n<\/table>\n<p><strong>Apoio aos munic\u00edpios<\/strong><\/p>\n<p>A iniciativa, v\u00e1lida por cinco anos, \u00e9 coordenada pelo\u00a0<a href=\"https:\/\/www.mg.gov.br\/gabinetemilitar\" target=\"_blank\" rel=\"noopener\">Gabinete Militar do Governador (GMG)<\/a>, por meio da\u00a0<a href=\"https:\/\/www.mg.gov.br\/defesacivil\" target=\"_blank\" rel=\"noopener\">Coordenadoria Estadual de Defesa Civil (Cedec)<\/a>, e estabelece uma s\u00e9rie de compromissos para ampliar a capacidade de apoio aos munic\u00edpios mineiros em situa\u00e7\u00f5es de risco, integrando profissionais volunt\u00e1rios registrados no Crea-MG \u00e0s a\u00e7\u00f5es de Defesa Civil, com base em crit\u00e9rios t\u00e9cnicos e institucionais.<\/p>\n<p>Esses profissionais poder\u00e3o atuar em vistorias de im\u00f3veis, inspe\u00e7\u00f5es em \u00e1reas afetadas por eventos extremos, avalia\u00e7\u00f5es de risco e tamb\u00e9m no planejamento de a\u00e7\u00f5es preventivas em diversas regi\u00f5es de Minas. &#8220;A ideia \u00e9 trabalhar de forma preventiva para que, no momento em que algo acontecer, estejamos prontos, sabendo quais a\u00e7\u00f5es tomar, quais s\u00e3o os riscos e tentando mitigar antes que aconte\u00e7a, junto aos agentes municipais, nas \u00e1reas mais vulner\u00e1veis&#8221;, enfatizou o presidente do Crea-MG.<\/p>\n<p><strong>Rede de coopera\u00e7\u00e3o<\/strong><\/p>\n<p>A parceria estabelece a cria\u00e7\u00e3o de um programa estadual de cadastramento de profissionais volunt\u00e1rios por parte do Crea-MG, que cuidar\u00e1 da verifica\u00e7\u00e3o peri\u00f3dica da regularidade dos inscritos e do apoio t\u00e9cnico em treinamentos e capacita\u00e7\u00f5es.<\/p>\n<p>J\u00e1 o GMG e a Defesa Civil ficam respons\u00e1veis pela coordena\u00e7\u00e3o e supervis\u00e3o das atividades dos volunt\u00e1rios em campo, promover capacita\u00e7\u00f5es em gest\u00e3o de riscos e emerg\u00eancias, emitir certificados de atua\u00e7\u00e3o e garantir o apoio t\u00e9cnico necess\u00e1rio.<\/p>\n<table border=\"0\" cellspacing=\"1\" cellpadding=\"1\" align=\"center\">\n<tbody>\n<tr>\n<td colspan=\"5\"><img decoding=\"async\" src=\"https:\/\/www.agenciaminas.mg.gov.br\/ckeditor_assets\/pictures\/20949\/content_2_olho_topo.jpg\" alt=\"\" \/><\/td>\n<\/tr>\n<tr>\n<td><\/td>\n<td colspan=\"3\" rowspan=\"3\">\n<h1><strong>&#8220;A engenharia tem um papel essencial no enfrentamento de desastres. Essa parceria nos permite somar esfor\u00e7os t\u00e9cnicos e ampliar a rede de apoio \u00e0s defesas civis municipais, sempre com foco na preserva\u00e7\u00e3o da vida e na redu\u00e7\u00e3o de danos&#8221;, ressaltou o coronel Paulo Roberto Bermudes Rezende.<\/strong><\/h1>\n<\/td>\n<td><\/td>\n<\/tr>\n<tr>\n<td><\/td>\n<td><\/td>\n<\/tr>\n<tr>\n<td><\/td>\n<td><\/td>\n<\/tr>\n<tr>\n<td colspan=\"5\"><img decoding=\"async\" src=\"https:\/\/www.agenciaminas.mg.gov.br\/ckeditor_assets\/pictures\/20950\/content_2_olho_inferior.jpg\" alt=\"\" \/><\/td>\n<\/tr>\n<\/tbody>\n<\/table>\n<p>Fonte: Ag\u00eancia Minas<\/p>\n","protected":false},"excerpt":{"rendered":"<p>O\u00a0Governo de Minas\u00a0firmou, nesta ter\u00e7a-feira (8\/7), um Acordo de Coopera\u00e7\u00e3o T\u00e9cnica com o Conselho Regional de Engenharia e Agronomia de Minas Gerais (Crea-MG), voltado para o fortalecimento das a\u00e7\u00f5es de preven\u00e7\u00e3o, resposta e recupera\u00e7\u00e3o a desastres no estado. O governador Romeu Zema presidiu a solenidade da assinatura do acordo\u00a0entre o chefe do GMG e coordenador [&hellip;]<\/p>\n","protected":false},"author":246,"featured_media":229204,"comment_status":"closed","ping_status":"closed","sticky":false,"template":"","format":"standard","meta":{"footnotes":""},"categories":[436,440,261,254,439],"tags":[],"class_list":["post-229203","post","type-post","status-publish","format-standard","has-post-thumbnail","hentry","category-destaque-da-semana","category-destaques-do-dia","category-economia","category-politica","category-ultima-hora"],"_links":{"self":[{"href":"https:\/\/diarioregionaldigital.com.br\/index.php?rest_route=\/wp\/v2\/posts\/229203","targetHints":{"allow":["GET"]}}],"collection":[{"href":"https:\/\/diarioregionaldigital.com.br\/index.php?rest_route=\/wp\/v2\/posts"}],"about":[{"href":"https:\/\/diarioregionaldigital.com.br\/index.php?rest_route=\/wp\/v2\/types\/post"}],"author":[{"embeddable":true,"href":"https:\/\/diarioregionaldigital.com.br\/index.php?rest_route=\/wp\/v2\/users\/246"}],"replies":[{"embeddable":true,"href":"https:\/\/diarioregionaldigital.com.br\/index.php?rest_route=%2Fwp%2Fv2%2Fcomments&post=229203"}],"version-history":[{"count":1,"href":"https:\/\/diarioregionaldigital.com.br\/index.php?rest_route=\/wp\/v2\/posts\/229203\/revisions"}],"predecessor-version":[{"id":229205,"href":"https:\/\/diarioregionaldigital.com.br\/index.php?rest_route=\/wp\/v2\/posts\/229203\/revisions\/229205"}],"wp:featuredmedia":[{"embeddable":true,"href":"https:\/\/diarioregionaldigital.com.br\/index.php?rest_route=\/wp\/v2\/media\/229204"}],"wp:attachment":[{"href":"https:\/\/diarioregionaldigital.com.br\/index.php?rest_route=%2Fwp%2Fv2%2Fmedia&parent=229203"}],"wp:term":[{"taxonomy":"category","embeddable":true,"href":"https:\/\/diarioregionaldigital.com.br\/index.php?rest_route=%2Fwp%2Fv2%2Fcategories&post=229203"},{"taxonomy":"post_tag","embeddable":true,"href":"https:\/\/diarioregionaldigital.com.br\/index.php?rest_route=%2Fwp%2Fv2%2Ftags&post=229203"}],"curies":[{"name":"wp","href":"https:\/\/api.w.org\/{rel}","templated":true}]}}