{"id":229186,"date":"2025-07-07T18:38:40","date_gmt":"2025-07-07T21:38:40","guid":{"rendered":"https:\/\/diarioregionaldigital.com.br\/?p=229186"},"modified":"2025-07-07T18:38:40","modified_gmt":"2025-07-07T21:38:40","slug":"governo-de-minas-e-premiado-em-encontro-internacional-de-inovacao-publica-realizado-no-chile","status":"publish","type":"post","link":"https:\/\/diarioregionaldigital.com.br\/?p=229186","title":{"rendered":"Governo de Minas \u00e9 premiado em encontro internacional de inova\u00e7\u00e3o p\u00fablica realizado no Chile"},"content":{"rendered":"<p>O <a href=\"https:\/\/www.mg.gov.br\/\" target=\"_blank\" rel=\"noopener\">Governo de Minas<\/a> foi reconhecido internacionalmente pela atua\u00e7\u00e3o inovadora na transforma\u00e7\u00e3o digital do servi\u00e7o p\u00fablico. A ferramenta ProBPMS (Business Process Management System), desenvolvida pela <a href=\"https:\/\/www.mg.gov.br\/planejamento\" target=\"_blank\" rel=\"noopener\">Secretaria de Estado de Planejamento e Gest\u00e3o (Seplag-MG)<\/a> em parceria com a <a href=\"https:\/\/www.prodemge.gov.br\/\" target=\"_blank\" rel=\"noopener\">Companhia de Tecnologia da Informa\u00e7\u00e3o do Estado de Minas Gerais (Prodemge)<\/a>, foi uma das vencedoras do Encontro Ibero-Americano de Inova\u00e7\u00e3o P\u00fablica, realizado no Chile na \u00faltima semana.<\/p>\n<p>Minas Gerais recebeu o Pr\u00eamio Certificado de Boa Pr\u00e1tica de Inova\u00e7\u00e3o P\u00fablica 2025, na categoria \u201cDo prot\u00f3tipo \u00e0 pol\u00edtica p\u00fablica\u201d, concedido pela Secretaria-Geral Ibero-americana no dia 3\/7. J\u00e1 no dia 4\/7, a Seplag-MG apresentou o caso de sucesso e participou de conversa sobre inova\u00e7\u00e3o em escala, conceito que se refere \u00e0 capacidade de uma solu\u00e7\u00e3o ser replicada e integrada \u00e0 rotina de uma organiza\u00e7\u00e3o, com impacto ampliado e sustent\u00e1vel.<\/p>\n<p>Mais de 50 institui\u00e7\u00f5es p\u00fablicas participaram, com apenas cinco premiadas, sendo a iniciativa mineira a \u00fanica do Brasil.<\/p>\n<p><b>Transforma\u00e7\u00e3o digital<\/b><\/p>\n<p>O projeto mineiro foi reconhecido na categoria Inova\u00e7\u00e3o em Escala, pelo uso da ferramenta ProBPMS em mais de 30 servi\u00e7os nas \u00e1reas de educa\u00e7\u00e3o, sa\u00fade e tr\u00e2nsito. O ProBPMS \u00e9 uma plataforma de gerenciamento de processos que transforma fluxos manuais em digitais, padronizados e monitorados em tempo real. A tecnologia facilita a adapta\u00e7\u00e3o e proporciona mais seguran\u00e7a na gest\u00e3o das informa\u00e7\u00f5es.<\/p>\n<p>\u201cO objetivo \u00e9 expandir o uso do ProBPMS para novos servi\u00e7os e consolidar sua aplica\u00e7\u00e3o em todo o estado, refor\u00e7ando o compromisso do Governo de Minas com a moderniza\u00e7\u00e3o e com a excel\u00eancia no atendimento \u00e0 popula\u00e7\u00e3o\u201d, afirma a diretora Central de Governan\u00e7a de Tecnologia da Informa\u00e7\u00e3o e Comunica\u00e7\u00e3o da Seplag-MG, Mariana Villela.<\/p>\n<p>Um dos servi\u00e7os que utiliza o ProBPMS \u00e9 o fluxo de solicita\u00e7\u00e3o de imunobiol\u00f3gicos especiais pelo Centro de Refer\u00eancia para Imunobiol\u00f3gicos Especiais (Crie-MG), da Secretaria de Estado de Sa\u00fade (SES-MG). Antes da digitaliza\u00e7\u00e3o, o processo era burocr\u00e1tico e podia levar at\u00e9 seis meses para a efetiva\u00e7\u00e3o da vacina\u00e7\u00e3o.<\/p>\n<p>Com o ProBPMS, o servi\u00e7o foi redesenhado, testado em projeto-piloto em 455 munic\u00edpios e, atualmente, j\u00e1 alcan\u00e7a 13 regionais e nove macrorregionais, promovendo mais efici\u00eancia, amplia\u00e7\u00e3o da cobertura vacinal e redu\u00e7\u00e3o do abandono ao esquema de vacina\u00e7\u00e3o. A iniciativa contou tamb\u00e9m com o apoio do Laborat\u00f3rio de Inova\u00e7\u00e3o em Governo &#8211; LAB.mg.<\/p>\n<p>\u201cO reconhecimento do pr\u00eamio refor\u00e7a o compromisso da Prodemge de desenvolver sistemas que ampliam o alcance e a transpar\u00eancia das a\u00e7\u00f5es p\u00fablicas. Nosso objetivo \u00e9 apoiar as institui\u00e7\u00f5es do Estado a otimizar fluxos, acelerar processos e, sobretudo, melhorar a qualidade dos servi\u00e7os prestados \u00e0 popula\u00e7\u00e3o\u201d, destaca o Diretor-presidente da Prodemge, Roberto Reis.<\/p>\n<p>A iniciativa resulta de parceria com o Banco Nacional de Desenvolvimento Econ\u00f4mico e Social (BNDES), com intermedia\u00e7\u00e3o da <a href=\"https:\/\/www.casacivil.mg.gov.br\/\" target=\"_blank\" rel=\"noopener\">Secretaria de Estado de Casa Civil (SCC)<\/a>, e refor\u00e7a o compromisso do Estado com servi\u00e7os p\u00fablicos mais simples, \u00e1geis e eficientes.<\/p>\n<p>&nbsp;<\/p>\n<p>Fonte: Ag\u00eancia Minas<\/p>\n","protected":false},"excerpt":{"rendered":"<p>O Governo de Minas foi reconhecido internacionalmente pela atua\u00e7\u00e3o inovadora na transforma\u00e7\u00e3o digital do servi\u00e7o p\u00fablico. A ferramenta ProBPMS (Business Process Management System), desenvolvida pela Secretaria de Estado de Planejamento e Gest\u00e3o (Seplag-MG) em parceria com a Companhia de Tecnologia da Informa\u00e7\u00e3o do Estado de Minas Gerais (Prodemge), foi uma das vencedoras do Encontro Ibero-Americano [&hellip;]<\/p>\n","protected":false},"author":246,"featured_media":229187,"comment_status":"closed","ping_status":"closed","sticky":false,"template":"","format":"standard","meta":{"footnotes":""},"categories":[436,440,261,254,439],"tags":[],"class_list":["post-229186","post","type-post","status-publish","format-standard","has-post-thumbnail","hentry","category-destaque-da-semana","category-destaques-do-dia","category-economia","category-politica","category-ultima-hora"],"_links":{"self":[{"href":"https:\/\/diarioregionaldigital.com.br\/index.php?rest_route=\/wp\/v2\/posts\/229186","targetHints":{"allow":["GET"]}}],"collection":[{"href":"https:\/\/diarioregionaldigital.com.br\/index.php?rest_route=\/wp\/v2\/posts"}],"about":[{"href":"https:\/\/diarioregionaldigital.com.br\/index.php?rest_route=\/wp\/v2\/types\/post"}],"author":[{"embeddable":true,"href":"https:\/\/diarioregionaldigital.com.br\/index.php?rest_route=\/wp\/v2\/users\/246"}],"replies":[{"embeddable":true,"href":"https:\/\/diarioregionaldigital.com.br\/index.php?rest_route=%2Fwp%2Fv2%2Fcomments&post=229186"}],"version-history":[{"count":1,"href":"https:\/\/diarioregionaldigital.com.br\/index.php?rest_route=\/wp\/v2\/posts\/229186\/revisions"}],"predecessor-version":[{"id":229188,"href":"https:\/\/diarioregionaldigital.com.br\/index.php?rest_route=\/wp\/v2\/posts\/229186\/revisions\/229188"}],"wp:featuredmedia":[{"embeddable":true,"href":"https:\/\/diarioregionaldigital.com.br\/index.php?rest_route=\/wp\/v2\/media\/229187"}],"wp:attachment":[{"href":"https:\/\/diarioregionaldigital.com.br\/index.php?rest_route=%2Fwp%2Fv2%2Fmedia&parent=229186"}],"wp:term":[{"taxonomy":"category","embeddable":true,"href":"https:\/\/diarioregionaldigital.com.br\/index.php?rest_route=%2Fwp%2Fv2%2Fcategories&post=229186"},{"taxonomy":"post_tag","embeddable":true,"href":"https:\/\/diarioregionaldigital.com.br\/index.php?rest_route=%2Fwp%2Fv2%2Ftags&post=229186"}],"curies":[{"name":"wp","href":"https:\/\/api.w.org\/{rel}","templated":true}]}}