{"id":229182,"date":"2025-07-07T18:36:23","date_gmt":"2025-07-07T21:36:23","guid":{"rendered":"https:\/\/diarioregionaldigital.com.br\/?p=229182"},"modified":"2025-07-07T18:36:23","modified_gmt":"2025-07-07T21:36:23","slug":"secretaria-de-fazenda-aprofunda-no-tema-do-abono-permanencia-em-videocast-especial-sobre-previdencia-de-minas-gerais","status":"publish","type":"post","link":"https:\/\/diarioregionaldigital.com.br\/?p=229182","title":{"rendered":"Secretaria de Fazenda aprofunda no tema do abono perman\u00eancia em videocast especial sobre previd\u00eancia de Minas Gerais"},"content":{"rendered":"<p><main class=\"clear margin-md-bottom-3\"><\/p>\n<div class=\"clear col-md-10 col-md-offset-1 \">\n<p>Abrindo o \u00faltimo m\u00eas da s\u00e9rie especial de videocasts sobre a previd\u00eancia de Minas Gerais, o Fazenda em Not\u00edcia, programa da <a href=\"https:\/\/www.fazenda.mg.gov.br\/\" target=\"_blank\" rel=\"noopener\">Secretaria de Estado de Fazenda de Minas Gerais (SEF\/MG)<\/a>, trouxe uma conversa com o presidente do Comit\u00ea de Acompanhamento da Gest\u00e3o Previdenci\u00e1ria (Coprev) e o diretor central de Contagem de Tempo e Aposentadoria, da <a href=\"https:\/\/www.mg.gov.br\/planejamento\" target=\"_blank\" rel=\"noopener\">Secretaria de Estado de Planejamento e Gest\u00e3o de Minas Gerais\u00a0(Seplag-MG)<\/a>, Marcus Vinicius e Souza, sobre o abono perman\u00eancia, um dos principais temas\u00a0na vida funcional do servidor p\u00fablico.<\/p>\n<p>O abono perman\u00eancia \u00e9 a remunera\u00e7\u00e3o que o servidor recebe ao completar todos os requisitos para se aposentar, mas opta por continuar trabalhando. O epis\u00f3dio completo est\u00e1 dispon\u00edvel no canal da\u00a0SEF\/MG, no <a href=\"https:\/\/www.youtube.com\/watch?v=LP5LMfV4VD0\" target=\"_blank\" rel=\"noopener\">canal no\u00a0YouTube<\/a> da pasta.<\/p>\n<p>\u201c\u00c9 importante destacar a relev\u00e2ncia do abono de perman\u00eancia como uma ferramenta para estimular o servidor a continuar a trabalhar, mesmo ap\u00f3s completar os requisitos para se aposentar. Isso \u00e9 importante para ele e para o Estado tamb\u00e9m,\u201d afirmou o diretor.<\/p>\n<p>Durante o bate-papo com o presidente do Coprev e o chefe de gabinete da SEF, Reges Mois\u00e9s dos Santos, o diretor Marcus Vinicius enfatizou que requerer o benef\u00edcio \u00e9 um ato volunt\u00e1rio, que depende da manifesta\u00e7\u00e3o do servidor e n\u00e3o \u00e9 autom\u00e1tico.<\/p>\n<p><strong>Por dentro da SEF!<\/strong><\/p>\n<p>Para n\u00e3o perder nenhum conte\u00fado, inscreva-se no canal da SEF\/MG no <a href=\"https:\/\/www.youtube.com\/@sef_mg\" target=\"_blank\" rel=\"noopener\">Youtube<\/a>\u00a0e ative as notifica\u00e7\u00f5es. Al\u00e9m disso, siga a secretaria\u00a0no Instagram (@sef.mg).<\/p>\n<\/div>\n<p><\/main>Fonte: Ag\u00eancia Minas<\/p>\n","protected":false},"excerpt":{"rendered":"<p>Abrindo o \u00faltimo m\u00eas da s\u00e9rie especial de videocasts sobre a previd\u00eancia de Minas Gerais, o Fazenda em Not\u00edcia, programa da Secretaria de Estado de Fazenda de Minas Gerais (SEF\/MG), trouxe uma conversa com o presidente do Comit\u00ea de Acompanhamento da Gest\u00e3o Previdenci\u00e1ria (Coprev) e o diretor central de Contagem de Tempo e Aposentadoria, da [&hellip;]<\/p>\n","protected":false},"author":246,"featured_media":229183,"comment_status":"closed","ping_status":"closed","sticky":false,"template":"","format":"standard","meta":{"footnotes":""},"categories":[436,440,261,254,439],"tags":[],"class_list":["post-229182","post","type-post","status-publish","format-standard","has-post-thumbnail","hentry","category-destaque-da-semana","category-destaques-do-dia","category-economia","category-politica","category-ultima-hora"],"_links":{"self":[{"href":"https:\/\/diarioregionaldigital.com.br\/index.php?rest_route=\/wp\/v2\/posts\/229182","targetHints":{"allow":["GET"]}}],"collection":[{"href":"https:\/\/diarioregionaldigital.com.br\/index.php?rest_route=\/wp\/v2\/posts"}],"about":[{"href":"https:\/\/diarioregionaldigital.com.br\/index.php?rest_route=\/wp\/v2\/types\/post"}],"author":[{"embeddable":true,"href":"https:\/\/diarioregionaldigital.com.br\/index.php?rest_route=\/wp\/v2\/users\/246"}],"replies":[{"embeddable":true,"href":"https:\/\/diarioregionaldigital.com.br\/index.php?rest_route=%2Fwp%2Fv2%2Fcomments&post=229182"}],"version-history":[{"count":2,"href":"https:\/\/diarioregionaldigital.com.br\/index.php?rest_route=\/wp\/v2\/posts\/229182\/revisions"}],"predecessor-version":[{"id":229185,"href":"https:\/\/diarioregionaldigital.com.br\/index.php?rest_route=\/wp\/v2\/posts\/229182\/revisions\/229185"}],"wp:featuredmedia":[{"embeddable":true,"href":"https:\/\/diarioregionaldigital.com.br\/index.php?rest_route=\/wp\/v2\/media\/229183"}],"wp:attachment":[{"href":"https:\/\/diarioregionaldigital.com.br\/index.php?rest_route=%2Fwp%2Fv2%2Fmedia&parent=229182"}],"wp:term":[{"taxonomy":"category","embeddable":true,"href":"https:\/\/diarioregionaldigital.com.br\/index.php?rest_route=%2Fwp%2Fv2%2Fcategories&post=229182"},{"taxonomy":"post_tag","embeddable":true,"href":"https:\/\/diarioregionaldigital.com.br\/index.php?rest_route=%2Fwp%2Fv2%2Ftags&post=229182"}],"curies":[{"name":"wp","href":"https:\/\/api.w.org\/{rel}","templated":true}]}}