{"id":229176,"date":"2025-07-04T19:03:39","date_gmt":"2025-07-04T22:03:39","guid":{"rendered":"https:\/\/diarioregionaldigital.com.br\/?p=229176"},"modified":"2025-07-04T19:03:39","modified_gmt":"2025-07-04T22:03:39","slug":"wimbledon-joao-fonseca-cai-na-3a-rodada-brasil-segue-nas-duplas","status":"publish","type":"post","link":"https:\/\/diarioregionaldigital.com.br\/?p=229176","title":{"rendered":"Wimbledon: Jo\u00e3o Fonseca cai na 3\u00aa rodada; Brasil segue nas duplas"},"content":{"rendered":"<p>O jovem tenista carioca Jo\u00e3o Fonseca (54\u00ba no ranking mundial) se despediu da chave de simples do Torneio de Wimbledon ap\u00f3s rev\u00e9s na terceira rodada para o chileno Nicolas Jarry (143\u00ba) por 3 sets a 1, com parciais de 6\/3, 6\/4, 3\/6 e 7\/6(4). \u00a0Ap\u00f3s perder os primeiros dois sets para Jarry nesta sexta-feira (4), o brasileiro passou por atendimento m\u00e9dico em quadra por conta de dores no tornozelo.<img decoding=\"async\" src=\"https:\/\/agenciabrasil.ebc.com.br\/ebc.png?id=1649492&amp;o=node\" \/><img decoding=\"async\" src=\"https:\/\/agenciabrasil.ebc.com.br\/ebc.gif?id=1649492&amp;o=node\" \/><\/p>\n<p>De volta ao jogo, Fonseca logo quebrou o servi\u00e7o de Jarry e deslanchou at\u00e9 ganhar com vantagem o terceiro set. Na quarta parcial o brasileiro acumulou chances de quebra, mas o chileno acertou v\u00e1rios aces. O set foi definido em um emocionante<em> tie-break<\/em>, que foi parelho at\u00e9\u00a04 a 4, mas a partir da\u00ed o chileno foi dominante at\u00e9 fechar em 7\/4 e selar a classifica\u00e7\u00e3o \u00e0s oitavas de final.<\/p>\n<p>Com a queda do carioca e da paulista Beatriz Haddad Maia na \u00faltima quinta (3) , o Brasil n\u00e3o tem mais representantes na principal chave do Grand Slam londrino, mas segue firme na disputa de duplas.<\/p>\n<h2>Duplas brasileiras avan\u00e7am em Wimbledon<\/h2>\n<p>Diferentemente da chave de simples, o Brasil vem enfileirando vit\u00f3rias na competi\u00e7\u00e3o de duplas. Na disputa feminina, a parceria da paulista Luisa Stefani com a h\u00fangara Timea Babos assegurou a classifica\u00e7\u00e3o \u00e0s oitavas de final, ap\u00f3s arrancarem vit\u00f3ria suada sobre a dupla da russa Alexandra Panova com a chinesa Guo Kanyu. Com direito a dois tie-breaks. Stefani e Babos cravaram 2 sets a 1, com parciais de 7\/6 (7-3), 6\/7 (3-7) e 6\/3). As advers\u00e1rias nas oitavas ser\u00e3o as vencedoras da partida deste s\u00e1bado (5), a partir das 9h50, entre a dupla da australiana Ellen Perez com a ucraniana Lyudmyla Kichenok (cabe\u00e7as de chave 7) contra a parceria da norte-americana Bernarda Pera com a polonesa Magda Linette.<\/p>\n<p>&nbsp;<\/p>\n<p>tefani tem estreia neste s\u00e1bado (5) nas duplas mistas, ao lado do brit\u00e2nico Joe Slisbury. A partir das 10h50, eles enfrentar\u00e3o os australianos Erin Routlife e Michael Venus.<\/p>\n<p>Nas duplas masculinas, o mineiro Marcelo Melo e ga\u00facho Rafael Matos tamb\u00e9m travaram uma batalha para avan\u00e7ar \u00e0s oitavas de final. Nesta sexta (4), eles derrotaram a parceria do croata Nikola Mektic com o neozeland\u00eas Michael Venus por 2 sets a 1 &#8211; parciais de 7\/6 (3), 5\/7 e 7\/6 (10-6). Nas oitavas, Melo e Matos ter\u00e3o pela frente a dupla do austr\u00edaco Alexander Erler com o o alem\u00e3o Constantin Frantzen.<\/p>\n<p>No \u00fanico embate entre brasileiros, a dupla do ga\u00facho Marcelo Demoliner com o argentino Guido Andreozzi tamb\u00e9m avan\u00e7ou \u00e0s oitavas ap\u00f3s superar a parceria do carioca Fernando Romboli com o australiano John-Patrick Smith por 2 sets a 0 (6\/3 e 6\/4). \u00a0Nas oitavas, eles medir\u00e3o for\u00e7as com os vencedores do duelo entre os brit\u00e2nicos Julian Cash e Llyod Glasspool contra a dupla do alem\u00e3o Hendrik Jebens e o franc\u00eas Albano Olivetti. A partida est\u00e1 programada para \u00e0s 9h50.<\/p>\n<p>Hoje (4) tamb\u00e9m foi dia de estreia vitoriosa da dupla de Beatriz Haddad Maia com a alem\u00e3 Laura Siegemund. Ambas top 20 no ranking de simples, Bia e Laura derrotaram as norte-americanas Hailey Baptiste e Caty McNally por 2 sets a 1 (6\/1, 2\/6 e 6\/3).<\/p>\n<p><a href=\"https:\/\/agenciabrasil.ebc.com.br\/esportes\/noticia\/2025-06\/bia-haddad-conquista-titulo-de-duplas-femininas-no-wta-de-nottinhgam\"><strong>Campe\u00e3s no piso de grama do WTA 250 de Nottighan <\/strong><\/a>(Inglaterra) no \u00faltimo dia 22, a parceria Brasil-Alemanha volta \u00e0 quadra neste s\u00e1bado (5), a partir das 8h30 (hor\u00e1rio de Bras\u00edlia) contra as brit\u00e2nicas Jodie Burrage e Sonay Kartal.<\/p>\n<p>&nbsp;<\/p>\n<p>&nbsp;<\/p>\n<p>Fonte: Ag\u00eancia Brasil<\/p>\n","protected":false},"excerpt":{"rendered":"<p>O jovem tenista carioca Jo\u00e3o Fonseca (54\u00ba no ranking mundial) se despediu da chave de simples do Torneio de Wimbledon ap\u00f3s rev\u00e9s na terceira rodada para o chileno Nicolas Jarry (143\u00ba) por 3 sets a 1, com parciais de 6\/3, 6\/4, 3\/6 e 7\/6(4). \u00a0Ap\u00f3s perder os primeiros dois sets para Jarry nesta sexta-feira (4), [&hellip;]<\/p>\n","protected":false},"author":246,"featured_media":229177,"comment_status":"closed","ping_status":"closed","sticky":false,"template":"","format":"standard","meta":{"footnotes":""},"categories":[436,440,257,439],"tags":[],"class_list":["post-229176","post","type-post","status-publish","format-standard","has-post-thumbnail","hentry","category-destaque-da-semana","category-destaques-do-dia","category-esporte","category-ultima-hora"],"_links":{"self":[{"href":"https:\/\/diarioregionaldigital.com.br\/index.php?rest_route=\/wp\/v2\/posts\/229176","targetHints":{"allow":["GET"]}}],"collection":[{"href":"https:\/\/diarioregionaldigital.com.br\/index.php?rest_route=\/wp\/v2\/posts"}],"about":[{"href":"https:\/\/diarioregionaldigital.com.br\/index.php?rest_route=\/wp\/v2\/types\/post"}],"author":[{"embeddable":true,"href":"https:\/\/diarioregionaldigital.com.br\/index.php?rest_route=\/wp\/v2\/users\/246"}],"replies":[{"embeddable":true,"href":"https:\/\/diarioregionaldigital.com.br\/index.php?rest_route=%2Fwp%2Fv2%2Fcomments&post=229176"}],"version-history":[{"count":1,"href":"https:\/\/diarioregionaldigital.com.br\/index.php?rest_route=\/wp\/v2\/posts\/229176\/revisions"}],"predecessor-version":[{"id":229178,"href":"https:\/\/diarioregionaldigital.com.br\/index.php?rest_route=\/wp\/v2\/posts\/229176\/revisions\/229178"}],"wp:featuredmedia":[{"embeddable":true,"href":"https:\/\/diarioregionaldigital.com.br\/index.php?rest_route=\/wp\/v2\/media\/229177"}],"wp:attachment":[{"href":"https:\/\/diarioregionaldigital.com.br\/index.php?rest_route=%2Fwp%2Fv2%2Fmedia&parent=229176"}],"wp:term":[{"taxonomy":"category","embeddable":true,"href":"https:\/\/diarioregionaldigital.com.br\/index.php?rest_route=%2Fwp%2Fv2%2Fcategories&post=229176"},{"taxonomy":"post_tag","embeddable":true,"href":"https:\/\/diarioregionaldigital.com.br\/index.php?rest_route=%2Fwp%2Fv2%2Ftags&post=229176"}],"curies":[{"name":"wp","href":"https:\/\/api.w.org\/{rel}","templated":true}]}}