{"id":229165,"date":"2025-07-03T18:35:16","date_gmt":"2025-07-03T21:35:16","guid":{"rendered":"https:\/\/diarioregionaldigital.com.br\/?p=229165"},"modified":"2025-07-03T18:35:16","modified_gmt":"2025-07-03T21:35:16","slug":"shows-cavalgada-e-capacitacao-para-produtores-sao-atracoes-do-32o-do-torneio-leiteiro-e-mostra-de-bezerras-de-pires","status":"publish","type":"post","link":"https:\/\/diarioregionaldigital.com.br\/?p=229165","title":{"rendered":"Shows, cavalgada e capacita\u00e7\u00e3o para produtores s\u00e3o atra\u00e7\u00f5es do 32\u00ba do Torneio Leiteiro e Mostra de Bezerras de Pires"},"content":{"rendered":"<p>Segundo informa\u00e7\u00f5es do site da Prefeitura de Juiz de Fora (PJF), a\u00a032\u00aa edi\u00e7\u00e3o do Torneio Leiteiro e Mostra de Bezerras de Pires inicia nesta quinta-feira, 3, no campo da comunidade ao lado da associa\u00e7\u00e3o dos produtores. A abertura oficial do evento ser\u00e1 \u00e0s 20h30 seguida de show com a dupla Pedro Henrique e Nalbert.<\/p>\n<p>O evento segue at\u00e9 domingo, 6, com entrada gratuita todos os dias, com diversas atra\u00e7\u00f5es como, shows, a tradicional competi\u00e7\u00e3o leiteira, cavalgada e o Projeto JF Lazer que levar\u00e1 brincadeiras gratuitas para toda a comunidade no s\u00e1bado, 5, das 8h \u00e0s 12h.<\/p>\n<p>Al\u00e9m disso, ter\u00e1 capacita\u00e7\u00e3o para os produtores \u201cA vaca do futuro\u201d, que tratar\u00e1 sobre caracteriza\u00e7\u00e3o e sele\u00e7\u00e3o de bezerras e vacas\u00a0 leiteiras com a m\u00e9dica veterin\u00e1ria da Belgo Arames, Vanessa Teixeira.<\/p>\n<p>A Secretaria de Mobilidade Urbana tamb\u00e9m oferecer\u00e1 um esquema com \u00f4nibus extras para atender o p\u00fablico. Confira as informa\u00e7\u00f5es abaixo.<\/p>\n<p>Neste ano, ser\u00e3o realizados 11 Torneios Leiteiros e um Encontro de Cavaleiros e Amazonas. Os eventos acontecem todos os finais de semana at\u00e9 agosto. Confira o calend\u00e1rio de eventos\u00a0<a href=\"https:\/\/www.pjf.mg.gov.br\/noticias\/view.php?modo=link2&amp;idnoticia2=86275\">aqui<\/a>.<\/p>\n<p><strong>Confira a programa\u00e7\u00e3o completa:<\/strong><\/p>\n<p><strong>Quinta-feira (03\/07)<\/strong><\/p>\n<p>14h &#8211; Chegada dos animais<\/p>\n<p>18h &#8211; Esgota (retirada do leite) dos animais<\/p>\n<p>19h30 &#8211; Missa<\/p>\n<p>20h30 &#8211; Abertura oficial<\/p>\n<p>21h &#8211; Show com Pedro Henrique e Nalbert<\/p>\n<p>&nbsp;<\/p>\n<p><strong>Sexta-feira (04\/07)<\/strong><\/p>\n<p>8h &#8211; Primeira ordenha<\/p>\n<p>19h &#8211; Segunda ordenha<\/p>\n<p>21h &#8211; Show com Hugo e Alex<\/p>\n<p>00h &#8211;\u00a0 Show com Andr\u00e9 dos Teclados<\/p>\n<p>&nbsp;<\/p>\n<p><strong>S\u00e1bado (05\/07)<\/strong><\/p>\n<p>8h &#8211; Terceira ordenha<\/p>\n<p>8h &#8211; Projeto JF Lazer<\/p>\n<p>10h &#8211; Treinamento para produtores: A vaca do futuro<\/p>\n<p>11h &#8211; Julgamento das bezerras<\/p>\n<p>13h &#8211; 3\u00ba Encontro de Cavaleiros e Amazonas<\/p>\n<p>13h30 &#8211; Show com Alessandro Barbosa e Jo\u00e3o Ligeiro<\/p>\n<p>19h &#8211; Quarta ordenha<\/p>\n<p>21h30 &#8211; Show com Ricard\u00f5es do Forr\u00f3<\/p>\n<p>00h -Show com Forr\u00f3 Chapanejo<\/p>\n<p>&nbsp;<\/p>\n<p><strong>Domingo (06\/07)<\/strong><\/p>\n<p>8h &#8211; Quinta ordenha<\/p>\n<p>11h &#8211; Premia\u00e7\u00e3o dos produtores<\/p>\n<p>12h30 &#8211; Almo\u00e7o e confraterniza\u00e7\u00e3o<\/p>\n<p>13h &#8211; Show com o Trio GW2<\/p>\n<p>15h &#8211; Show de Pr\u00eamios<\/p>\n<p>&nbsp;<\/p>\n<p><strong>\u00d4nibus Extras<\/strong><\/p>\n<p>A Secretaria de Mobilidade Urbana (SMU) ir\u00e1 realizar um esquema especial. A linha 523 &#8211; Monte Verde ter\u00e1 atendimento extra. Na quinta-feira, 3, ao fim da festa, ser\u00e3o realizadas duas viagens saindo de Pires, uma \u00e0s 00h30 passando pelo Grot\u00e3o e Zilico, e \u00e0s 1h10 sentido Centro. Na sexta-feira, 4, as rotas s\u00e3o as mesmas, nos hor\u00e1rios de 1h e 2h.<\/p>\n<p>No s\u00e1bado, 5, o atendimento come\u00e7a com uma viagem saindo do Centro \u00e0s 19 horas e outra realizando o trajeto entre Pires, Grot\u00e3o, Zilico e Pires \u00e0s 20h30. J\u00e1 ao fim, os \u00f4nibus saem de Pires com sentido ao Centro \u00e0s 2h30 e 3h.<\/p>\n<p>No domingo, 6, um \u00f4nibus sai do Centro com destino a Pires \u00e0s 11h30 e outro realiza o trajeto entre Pires, Grot\u00e3o, Zilico e Pires \u00e0s 13h. Ao fim da festa, \u00e0s 19h um \u00f4nibus realiza o trajeto entre Pires, Grot\u00e3o, Zilico e Pires, e outro sai de Pires com destino ao Centro \u00e0s 19h30.<\/p>\n","protected":false},"excerpt":{"rendered":"<p>Segundo informa\u00e7\u00f5es do site da Prefeitura de Juiz de Fora (PJF), a\u00a032\u00aa edi\u00e7\u00e3o do Torneio Leiteiro e Mostra de Bezerras de Pires inicia nesta quinta-feira, 3, no campo da comunidade ao lado da associa\u00e7\u00e3o dos produtores. A abertura oficial do evento ser\u00e1 \u00e0s 20h30 seguida de show com a dupla Pedro Henrique e Nalbert. O [&hellip;]<\/p>\n","protected":false},"author":246,"featured_media":229166,"comment_status":"closed","ping_status":"closed","sticky":false,"template":"","format":"standard","meta":{"footnotes":""},"categories":[253,436,439],"tags":[],"class_list":["post-229165","post","type-post","status-publish","format-standard","has-post-thumbnail","hentry","category-cidade","category-destaque-da-semana","category-ultima-hora"],"_links":{"self":[{"href":"https:\/\/diarioregionaldigital.com.br\/index.php?rest_route=\/wp\/v2\/posts\/229165","targetHints":{"allow":["GET"]}}],"collection":[{"href":"https:\/\/diarioregionaldigital.com.br\/index.php?rest_route=\/wp\/v2\/posts"}],"about":[{"href":"https:\/\/diarioregionaldigital.com.br\/index.php?rest_route=\/wp\/v2\/types\/post"}],"author":[{"embeddable":true,"href":"https:\/\/diarioregionaldigital.com.br\/index.php?rest_route=\/wp\/v2\/users\/246"}],"replies":[{"embeddable":true,"href":"https:\/\/diarioregionaldigital.com.br\/index.php?rest_route=%2Fwp%2Fv2%2Fcomments&post=229165"}],"version-history":[{"count":1,"href":"https:\/\/diarioregionaldigital.com.br\/index.php?rest_route=\/wp\/v2\/posts\/229165\/revisions"}],"predecessor-version":[{"id":229167,"href":"https:\/\/diarioregionaldigital.com.br\/index.php?rest_route=\/wp\/v2\/posts\/229165\/revisions\/229167"}],"wp:featuredmedia":[{"embeddable":true,"href":"https:\/\/diarioregionaldigital.com.br\/index.php?rest_route=\/wp\/v2\/media\/229166"}],"wp:attachment":[{"href":"https:\/\/diarioregionaldigital.com.br\/index.php?rest_route=%2Fwp%2Fv2%2Fmedia&parent=229165"}],"wp:term":[{"taxonomy":"category","embeddable":true,"href":"https:\/\/diarioregionaldigital.com.br\/index.php?rest_route=%2Fwp%2Fv2%2Fcategories&post=229165"},{"taxonomy":"post_tag","embeddable":true,"href":"https:\/\/diarioregionaldigital.com.br\/index.php?rest_route=%2Fwp%2Fv2%2Ftags&post=229165"}],"curies":[{"name":"wp","href":"https:\/\/api.w.org\/{rel}","templated":true}]}}