{"id":229158,"date":"2025-07-03T18:32:33","date_gmt":"2025-07-03T21:32:33","guid":{"rendered":"https:\/\/diarioregionaldigital.com.br\/?p=229158"},"modified":"2025-07-03T18:32:33","modified_gmt":"2025-07-03T21:32:33","slug":"defesa-civil-emite-terceiro-alerta-de-onda-de-frio-do-ano","status":"publish","type":"post","link":"https:\/\/diarioregionaldigital.com.br\/?p=229158","title":{"rendered":"Defesa Civil emite terceiro alerta de onda de frio do ano"},"content":{"rendered":"<p>Segundo informa\u00e7\u00f5es do site da Prefeitura de Juiz de Fora (PJF), a Defesa Civil da Prefeitura de Juiz de Fora (PJF) alerta para a terceira onda de frio do ano de 2025. Este fen\u00f4meno de baixas temperaturas \u00e9 provocado por uma massa de ar frio que se encontra estacion\u00e1ria sobre a Zona da Mata, desde a quarta-feira, dia 2. O alerta inicia-se nesta quinta-feira, 3, e \u00e9 v\u00e1lido at\u00e9 \u00e0s 10h do dia 13 de julho.<\/p>\n<div>Diante deste cen\u00e1rio, a Defesa Civil reitera a recomenda\u00e7\u00e3o de cuidados especiais direcionados a idosos, crian\u00e7as e pessoas em situa\u00e7\u00e3o de rua. A popula\u00e7\u00e3o tamb\u00e9m \u00e9 orientada a n\u00e3o improvisar sistemas de aquecimento, como fogueiras, especialmente em ambientes fechados, devido ao risco de intoxica\u00e7\u00e3o.<\/div>\n<div><\/div>\n<p>Para receber alertas sobre o clima, a popula\u00e7\u00e3o pode se cadastrar gratuitamente, enviando o CEP por SMS para o n\u00famero 40199. O servi\u00e7o \u00e9 totalmente gratuito. Siga o\u00a0<a href=\"https:\/\/www.instagram.com\/defesaciviljf\/\" target=\"_blank\" rel=\"noopener\">instagram da Defesa Civil<\/a>\u00a0para acompanhar as emiss\u00f5es de alertas e orienta\u00e7\u00f5es.<\/p>\n","protected":false},"excerpt":{"rendered":"<p>Segundo informa\u00e7\u00f5es do site da Prefeitura de Juiz de Fora (PJF), a Defesa Civil da Prefeitura de Juiz de Fora (PJF) alerta para a terceira onda de frio do ano de 2025. Este fen\u00f4meno de baixas temperaturas \u00e9 provocado por uma massa de ar frio que se encontra estacion\u00e1ria sobre a Zona da Mata, desde [&hellip;]<\/p>\n","protected":false},"author":246,"featured_media":229159,"comment_status":"closed","ping_status":"closed","sticky":false,"template":"","format":"standard","meta":{"footnotes":""},"categories":[253,436,440,439],"tags":[],"class_list":["post-229158","post","type-post","status-publish","format-standard","has-post-thumbnail","hentry","category-cidade","category-destaque-da-semana","category-destaques-do-dia","category-ultima-hora"],"_links":{"self":[{"href":"https:\/\/diarioregionaldigital.com.br\/index.php?rest_route=\/wp\/v2\/posts\/229158","targetHints":{"allow":["GET"]}}],"collection":[{"href":"https:\/\/diarioregionaldigital.com.br\/index.php?rest_route=\/wp\/v2\/posts"}],"about":[{"href":"https:\/\/diarioregionaldigital.com.br\/index.php?rest_route=\/wp\/v2\/types\/post"}],"author":[{"embeddable":true,"href":"https:\/\/diarioregionaldigital.com.br\/index.php?rest_route=\/wp\/v2\/users\/246"}],"replies":[{"embeddable":true,"href":"https:\/\/diarioregionaldigital.com.br\/index.php?rest_route=%2Fwp%2Fv2%2Fcomments&post=229158"}],"version-history":[{"count":2,"href":"https:\/\/diarioregionaldigital.com.br\/index.php?rest_route=\/wp\/v2\/posts\/229158\/revisions"}],"predecessor-version":[{"id":229161,"href":"https:\/\/diarioregionaldigital.com.br\/index.php?rest_route=\/wp\/v2\/posts\/229158\/revisions\/229161"}],"wp:featuredmedia":[{"embeddable":true,"href":"https:\/\/diarioregionaldigital.com.br\/index.php?rest_route=\/wp\/v2\/media\/229159"}],"wp:attachment":[{"href":"https:\/\/diarioregionaldigital.com.br\/index.php?rest_route=%2Fwp%2Fv2%2Fmedia&parent=229158"}],"wp:term":[{"taxonomy":"category","embeddable":true,"href":"https:\/\/diarioregionaldigital.com.br\/index.php?rest_route=%2Fwp%2Fv2%2Fcategories&post=229158"},{"taxonomy":"post_tag","embeddable":true,"href":"https:\/\/diarioregionaldigital.com.br\/index.php?rest_route=%2Fwp%2Fv2%2Ftags&post=229158"}],"curies":[{"name":"wp","href":"https:\/\/api.w.org\/{rel}","templated":true}]}}