{"id":229149,"date":"2025-07-03T18:25:37","date_gmt":"2025-07-03T21:25:37","guid":{"rendered":"https:\/\/diarioregionaldigital.com.br\/?p=229149"},"modified":"2025-07-03T18:25:37","modified_gmt":"2025-07-03T21:25:37","slug":"idene-fecha-primeiro-semestre-de-2025-com-diversas-entregas-para-a-populacao-do-norte-e-nordeste-de-minas","status":"publish","type":"post","link":"https:\/\/diarioregionaldigital.com.br\/?p=229149","title":{"rendered":"Idene fecha primeiro semestre de 2025 com diversas entregas para a popula\u00e7\u00e3o do Norte e Nordeste de Minas"},"content":{"rendered":"<p>O balan\u00e7o de atividades do\u00a0<a href=\"http:\/\/www.idene.mg.gov.br\/site\/\" target=\"_blank\" rel=\"noopener\">Instituto de Desenvolvimento do Norte e Nordeste de Minas Gerais (Idene)<\/a>\u00a0nos primeiros seis meses de 2025 apresentou resultados positivos para a regi\u00e3o. Dentre eles,\u00a0a distribui\u00e7\u00e3o de cerca de 1,7 milh\u00e3o de litros de leite\u00a0para cerca de 35 mil fam\u00edlias em situa\u00e7\u00e3o de vulnerabilidade econ\u00f4mica e nutricional\u00a0foi um dos principais.<\/p>\n<p>Desse total, cerca de 1,6 milh\u00e3o de litros\u00a0foram distribu\u00eddos por meio do Programa de Aquisi\u00e7\u00e3o de Alimentos (PAA Leite), realizado em parceria com o Governo Federal. Outros 78 mil litros\u00a0foram destinados ao Programa Leite para a Primeira Inf\u00e2ncia, iniciativa do\u00a0<a href=\"https:\/\/www.mg.gov.br\/\" target=\"_blank\" rel=\"noopener\">Governo de Minas<\/a>\u00a0voltada ao atendimento de fam\u00edlias de m\u00e3es solo, com filhos entre 2 e 6 anos de idade, que estejam em situa\u00e7\u00e3o de vulnerabilidade econ\u00f4mica e nutricional.<\/p>\n<p>Aline de Paula Lima tem 42 anos e mora em Carbonita, no Vale do Jequitinhonha. M\u00e3e solo de Elo\u00e1, de 5 anos, ela est\u00e1 muito satisfeita com os tr\u00eas litros de leite que recebe semanalmente do programa Leite para a Primeira Inf\u00e2ncia. Ela diz que, como aut\u00f4noma, nem sempre pode comprar o produto, do qual a filha gosta muito.<\/p>\n<p>Com 14 quilos, Elo\u00e1 est\u00e1 com o peso m\u00ednimo, enquanto o recomendado \u00e9 de 24 quilos para a sua idade. Com o leite recebido do programa, Aline acredita que a situa\u00e7\u00e3o deve mudar, principalmente diante as propriedades nutritivas do alimento. \u201cEla toma puro, mas uso o leite tamb\u00e9m para fazer vitamina e iogurte. Assim, ela tem mais op\u00e7\u00f5es para consumir\u201d, relata.<\/p>\n<p><b>Acesso \u00e0 \u00e1gua<\/b><\/p>\n<p>O balan\u00e7o semestral de atividades tamb\u00e9m demonstrou que o Idene viabilizou o acesso \u00e0 \u00e1gua para diversas comunidades.\u00a0No per\u00edodo em quest\u00e3o, o instituto doou 595 caixas d\u2019\u00e1gua e 2,6 mil tubos para canaliza\u00e7\u00e3o da \u00e1gua at\u00e9 as resid\u00eancias, beneficiando moradores de 11 munic\u00edpios.<\/p>\n<p>A distribui\u00e7\u00e3o de kits fotovoltaicos integra as a\u00e7\u00f5es de melhoria no acesso \u00e0 \u00e1gua, pois energizam os po\u00e7os artesianos para o bombeamento da \u00e1gua at\u00e9 os reservat\u00f3rios, de onde \u00e9 disponibilizada \u00e0s fam\u00edlias. No per\u00edodo, foram instalados kits nos munic\u00edpios de Gr\u00e3o Mogol, V\u00e1rzea da Palma, Verdel\u00e2ndia e Gameleiras, beneficiando cerca de 100 fam\u00edlias, al\u00e9m de uma creche que atende a 80 crian\u00e7as.<\/p>\n<p>Em Itinga, no Vale do Jequitinhonha, as 116 caixas d\u2019\u00e1gua doadas est\u00e3o auxiliando 54 fam\u00edlias a armazenar de forma mais adequada a \u00e1gua que recebem do carro-pipa.\u00a0\u201cAt\u00e9 ent\u00e3o elas tinham dificuldade, pois usavam caixas menores\u201d, relata o secret\u00e1rio de Planejamento do munic\u00edpio, Pierry Augusto de Menezes.<\/p>\n<p><b>Ajuda na lavoura<\/b><\/p>\n<p>O Idene repassou, ainda, tr\u00eas tratores, tr\u00eas plantadeiras e uma ro\u00e7adeira para prefeituras, que administram o seu uso por pequenos produtores e agricultores familiares.<\/p>\n<p>Em Santa Maria do Sua\u00e7u\u00ed, no Vale do Rio Doce, o trator chegou em fevereiro deste ano. At\u00e9 junho, j\u00e1 tinha atendido a cerca de cem produtores, em forma de rod\u00edzio, principalmente na compacta\u00e7\u00e3o da silagem para alimenta\u00e7\u00e3o do gado.<\/p>\n<p>O secret\u00e1rio de Agricultura do munic\u00edpio, Wagner Eduardo da Silva, informa que, agora, a prefeitura trabalha\u00a0com o cronograma para uso do trator pelos produtores entre agosto e novembro, quando ser\u00e1 feita a aragem do solo e a semeadura. O uso do implemento trouxe economia para a prefeitura e para os produtores que, at\u00e9 ent\u00e3o, dividiam os custos. \u201cAgora, os produtores pagar\u00e3o somente pelo consumo do diesel ao utilizarem o trator\u201d, argumenta Silva.<\/p>\n<p>Al\u00e9m disso, o Idene doou\u00a020 barracas, 130 balan\u00e7as e 30 jalecos para feirantes, material que d\u00e1 suporte no momento da comercializa\u00e7\u00e3o nas feirinhas semanais. A doa\u00e7\u00e3o tamb\u00e9m favorece os pequenos e microempreendedores e artes\u00e3os, para que possam participar de exposi\u00e7\u00f5es vendendo\u00a0e divulgando seus produtos.<\/p>\n<p>O diretor-geral do Idene, Henrique Oliveira Carvalho, avalia que os resultados do primeiro semestre s\u00e3o positivos no atendimento de v\u00e1rias demandas da popula\u00e7\u00e3o do Norte e Nordeste de Minas. \u201cInvestimos cerca de R$ 9 milh\u00f5es nestes primeiros seis meses. Com essas a\u00e7\u00f5es, o Idene contribui para o desenvolvimento destas regi\u00f5es e consequente melhoria da qualidade de vida de seus moradores\u201d, diz.<\/p>\n<p>Fonte: Ag\u00eancia Minas<\/p>\n","protected":false},"excerpt":{"rendered":"<p>O balan\u00e7o de atividades do\u00a0Instituto de Desenvolvimento do Norte e Nordeste de Minas Gerais (Idene)\u00a0nos primeiros seis meses de 2025 apresentou resultados positivos para a regi\u00e3o. Dentre eles,\u00a0a distribui\u00e7\u00e3o de cerca de 1,7 milh\u00e3o de litros de leite\u00a0para cerca de 35 mil fam\u00edlias em situa\u00e7\u00e3o de vulnerabilidade econ\u00f4mica e nutricional\u00a0foi um dos principais. Desse total, [&hellip;]<\/p>\n","protected":false},"author":246,"featured_media":229150,"comment_status":"closed","ping_status":"closed","sticky":false,"template":"","format":"standard","meta":{"footnotes":""},"categories":[436,261,254,439],"tags":[],"class_list":["post-229149","post","type-post","status-publish","format-standard","has-post-thumbnail","hentry","category-destaque-da-semana","category-economia","category-politica","category-ultima-hora"],"_links":{"self":[{"href":"https:\/\/diarioregionaldigital.com.br\/index.php?rest_route=\/wp\/v2\/posts\/229149","targetHints":{"allow":["GET"]}}],"collection":[{"href":"https:\/\/diarioregionaldigital.com.br\/index.php?rest_route=\/wp\/v2\/posts"}],"about":[{"href":"https:\/\/diarioregionaldigital.com.br\/index.php?rest_route=\/wp\/v2\/types\/post"}],"author":[{"embeddable":true,"href":"https:\/\/diarioregionaldigital.com.br\/index.php?rest_route=\/wp\/v2\/users\/246"}],"replies":[{"embeddable":true,"href":"https:\/\/diarioregionaldigital.com.br\/index.php?rest_route=%2Fwp%2Fv2%2Fcomments&post=229149"}],"version-history":[{"count":1,"href":"https:\/\/diarioregionaldigital.com.br\/index.php?rest_route=\/wp\/v2\/posts\/229149\/revisions"}],"predecessor-version":[{"id":229151,"href":"https:\/\/diarioregionaldigital.com.br\/index.php?rest_route=\/wp\/v2\/posts\/229149\/revisions\/229151"}],"wp:featuredmedia":[{"embeddable":true,"href":"https:\/\/diarioregionaldigital.com.br\/index.php?rest_route=\/wp\/v2\/media\/229150"}],"wp:attachment":[{"href":"https:\/\/diarioregionaldigital.com.br\/index.php?rest_route=%2Fwp%2Fv2%2Fmedia&parent=229149"}],"wp:term":[{"taxonomy":"category","embeddable":true,"href":"https:\/\/diarioregionaldigital.com.br\/index.php?rest_route=%2Fwp%2Fv2%2Fcategories&post=229149"},{"taxonomy":"post_tag","embeddable":true,"href":"https:\/\/diarioregionaldigital.com.br\/index.php?rest_route=%2Fwp%2Fv2%2Ftags&post=229149"}],"curies":[{"name":"wp","href":"https:\/\/api.w.org\/{rel}","templated":true}]}}