{"id":229146,"date":"2025-07-03T18:23:58","date_gmt":"2025-07-03T21:23:58","guid":{"rendered":"https:\/\/diarioregionaldigital.com.br\/?p=229146"},"modified":"2025-07-03T18:23:58","modified_gmt":"2025-07-03T21:23:58","slug":"mgs-oferece-oportunidade-para-empregados-concluirem-o-ensino-fundamental-e-medio-gratuitamente","status":"publish","type":"post","link":"https:\/\/diarioregionaldigital.com.br\/?p=229146","title":{"rendered":"MGS oferece oportunidade para empregados conclu\u00edrem o ensino fundamental e m\u00e9dio gratuitamente"},"content":{"rendered":"<p>A empresa\u00a0<a href=\"https:\/\/www.mgs.srv.br\/\" target=\"_blank\" rel=\"noopener\">MGS \u2013 Minas Gerais Administra\u00e7\u00e3o e Servi\u00e7os S.A<\/a>., em parceria com o Sesi Minas, oferece, desde 2024, a oportunidade de os empregados conclu\u00edrem, gratuitamente, o ensino fundamental ou m\u00e9dio. A a\u00e7\u00e3o faz parte do programa Educa\u00e7\u00e3o para o Futuro, que tem como objetivo ampliar o acesso \u00e0 educa\u00e7\u00e3o e contribuir para o crescimento pessoal e profissional dos colaboradores da empresa.<\/p>\n<p>O curso \u00e9 destinado aos empregados que n\u00e3o conclu\u00edram alguma das etapas da educa\u00e7\u00e3o b\u00e1sica e \u00e9 realizado em formato semipresencial, com 80% das aulas on-line e 20% presenciais.<\/p>\n<p>De acordo com o coordenador de Desenvolvimento de Pessoas da MGS, William Ant\u00f4nio Junqueira Fiorini, \u201ca a\u00e7\u00e3o refor\u00e7a o compromisso da empresa com a educa\u00e7\u00e3o e o desenvolvimento social, oferecendo uma nova chance a quem n\u00e3o teve a oportunidade de concluir os estudos no passado\u201d, destaca.<\/p>\n<p>As aulas acontecem fora do hor\u00e1rio de trabalho e o curso tem dura\u00e7\u00e3o de um ano e seis meses. Ao final, o participante recebe um diploma reconhecido pelo Minist\u00e9rio da Educa\u00e7\u00e3o (MEC), com validade em todo o territ\u00f3rio nacional.<\/p>\n<p><strong>Como se inscrever?<\/strong><\/p>\n<p>Para participar, o interessado deve acessar a\u00a0\u00c1rea do Empregado, pelo\u00a0<a href=\"http:\/\/www.mgs.srv.br\/\" target=\"_blank\" rel=\"noopener\">site da MGS<\/a>\u00a0e preencher seus dados para que a empresa possa identific\u00e1-lo. Ap\u00f3s o levantamento das informa\u00e7\u00f5es, o setor respons\u00e1vel da MGS entrar\u00e1 em contato. Os documentos necess\u00e1rios para matr\u00edcula s\u00e3o: RG, CPF, Carteira de Trabalho, Certid\u00e3o de Nascimento ou Casamento, Comprovante de Endere\u00e7o, Certificado de reservista (para homens menores de 45 anos).<\/p>\n<p>Acesse a \u00c1rea do Empregado &gt; Minha \u00c1rea &gt; Informa\u00e7\u00f5es Gerais &gt; Educa\u00e7\u00e3o para Jovens e Adultos \u2013 EJA<\/p>\n<p>Necess\u00e1rio entregar pessoalmente na MGS, aos cuidados da Coordenadoria de Desenvolvimento de Pessoas (Codep) um dos seguintes documentos escolares:\u00a0 certificado, declara\u00e7\u00e3o ou hist\u00f3rico escolar, comprovando at\u00e9 qual s\u00e9rie foi cursada.<\/p>\n<p>Fonte: Ag\u00eancia Minas<\/p>\n","protected":false},"excerpt":{"rendered":"<p>A empresa\u00a0MGS \u2013 Minas Gerais Administra\u00e7\u00e3o e Servi\u00e7os S.A., em parceria com o Sesi Minas, oferece, desde 2024, a oportunidade de os empregados conclu\u00edrem, gratuitamente, o ensino fundamental ou m\u00e9dio. A a\u00e7\u00e3o faz parte do programa Educa\u00e7\u00e3o para o Futuro, que tem como objetivo ampliar o acesso \u00e0 educa\u00e7\u00e3o e contribuir para o crescimento pessoal [&hellip;]<\/p>\n","protected":false},"author":246,"featured_media":229147,"comment_status":"closed","ping_status":"closed","sticky":false,"template":"","format":"standard","meta":{"footnotes":""},"categories":[436,261,254,439],"tags":[],"class_list":["post-229146","post","type-post","status-publish","format-standard","has-post-thumbnail","hentry","category-destaque-da-semana","category-economia","category-politica","category-ultima-hora"],"_links":{"self":[{"href":"https:\/\/diarioregionaldigital.com.br\/index.php?rest_route=\/wp\/v2\/posts\/229146","targetHints":{"allow":["GET"]}}],"collection":[{"href":"https:\/\/diarioregionaldigital.com.br\/index.php?rest_route=\/wp\/v2\/posts"}],"about":[{"href":"https:\/\/diarioregionaldigital.com.br\/index.php?rest_route=\/wp\/v2\/types\/post"}],"author":[{"embeddable":true,"href":"https:\/\/diarioregionaldigital.com.br\/index.php?rest_route=\/wp\/v2\/users\/246"}],"replies":[{"embeddable":true,"href":"https:\/\/diarioregionaldigital.com.br\/index.php?rest_route=%2Fwp%2Fv2%2Fcomments&post=229146"}],"version-history":[{"count":1,"href":"https:\/\/diarioregionaldigital.com.br\/index.php?rest_route=\/wp\/v2\/posts\/229146\/revisions"}],"predecessor-version":[{"id":229148,"href":"https:\/\/diarioregionaldigital.com.br\/index.php?rest_route=\/wp\/v2\/posts\/229146\/revisions\/229148"}],"wp:featuredmedia":[{"embeddable":true,"href":"https:\/\/diarioregionaldigital.com.br\/index.php?rest_route=\/wp\/v2\/media\/229147"}],"wp:attachment":[{"href":"https:\/\/diarioregionaldigital.com.br\/index.php?rest_route=%2Fwp%2Fv2%2Fmedia&parent=229146"}],"wp:term":[{"taxonomy":"category","embeddable":true,"href":"https:\/\/diarioregionaldigital.com.br\/index.php?rest_route=%2Fwp%2Fv2%2Fcategories&post=229146"},{"taxonomy":"post_tag","embeddable":true,"href":"https:\/\/diarioregionaldigital.com.br\/index.php?rest_route=%2Fwp%2Fv2%2Ftags&post=229146"}],"curies":[{"name":"wp","href":"https:\/\/api.w.org\/{rel}","templated":true}]}}