{"id":229143,"date":"2025-07-03T18:22:22","date_gmt":"2025-07-03T21:22:22","guid":{"rendered":"https:\/\/diarioregionaldigital.com.br\/?p=229143"},"modified":"2025-07-03T18:22:22","modified_gmt":"2025-07-03T21:22:22","slug":"governo-de-minas-digitaliza-mais-uma-etapa-da-transferencia-de-veiculos-para-simplificar-a-regularizacao-de-pendencias","status":"publish","type":"post","link":"https:\/\/diarioregionaldigital.com.br\/?p=229143","title":{"rendered":"Governo de Minas digitaliza mais uma etapa da transfer\u00eancia de ve\u00edculos para simplificar a regulariza\u00e7\u00e3o de pend\u00eancias"},"content":{"rendered":"<p><main class=\"clear margin-md-bottom-3\"><\/p>\n<div class=\"clear \">\n<p>A transfer\u00eancia digital de ve\u00edculos em Minas Gerais agora conta com uma funcionalidade que permite ao novo propriet\u00e1rio verificar e resolver pend\u00eancias relacionadas ao ve\u00edculo de forma totalmente digital, sem precisar se deslocar at\u00e9 um local para ser atendido.<\/p>\n<p>A iniciativa da\u00a0<a href=\"https:\/\/www.mg.gov.br\/planejamento\" target=\"_blank\" rel=\"noopener\">Secretaria de Estado de Planejamento e Gest\u00e3o (Seplag)<\/a>, por meio da\u00a0<a href=\"https:\/\/www.transito.mg.gov.br\/\" target=\"_blank\" rel=\"noopener\">Coordenadoria Estadual de Gest\u00e3o de Tr\u00e2nsito (CET-MG)<\/a>, \u00e9 mais uma medida do\u00a0<a href=\"https:\/\/www.mg.gov.br\/\" target=\"_blank\" rel=\"noopener\">Governo de Minas<\/a>\u00a0para ampliar a digitaliza\u00e7\u00e3o dos servi\u00e7os de tr\u00e2nsito e implementar inova\u00e7\u00f5es que ofere\u00e7am mais praticidade ao cidad\u00e3o.<\/p>\n<p>Antes, era necess\u00e1rio ir presencialmente a alguma Unidade de Atendimento Integrado (UAI) ou em uma Circunscri\u00e7\u00e3o Regional de Tr\u00e2nsito (Ciretran) durante o processo de transfer\u00eancia digital de propriedade de ve\u00edculo, quando o sistema identificava pend\u00eancias que exigiam an\u00e1lise documental. Esse atendimento no local era necess\u00e1rio em situa\u00e7\u00f5es como altera\u00e7\u00f5es de caracter\u00edsticas do automotor, impedimentos administrativos e d\u00e9bitos relacionados ao ve\u00edculo.<\/p>\n<p>&#8220;Essa inova\u00e7\u00e3o reflete o compromisso do Governo de Minas de modernizar os servi\u00e7os de tr\u00e2nsito e facilitar a vida dos cidad\u00e3os, dando mais autonomia a eles&#8221;, diz Silvia Listgarten, secret\u00e1ria de Estado de Planejamento e Gest\u00e3o de Minas Gerais.<\/p>\n<p>Com a novidade, o cidad\u00e3o tem acesso a todas as pend\u00eancias no site\u00a0<a href=\"http:\/\/www.transito.mg.gov.br\/\" target=\"_blank\" rel=\"noopener\">www.transito.mg.gov.br<\/a>\u00a0ou no aplicativo MG App, mostradas na tela de forma pr\u00e1tica e organizada. Ap\u00f3s consultar as pend\u00eancias, o propriet\u00e1rio pode anexar os documentos exigidos para regulariz\u00e1-las, de forma r\u00e1pida e segura, com poucos cliques.<\/p>\n<table border=\"0\" cellspacing=\"1\" cellpadding=\"1\" align=\"center\">\n<tbody>\n<tr>\n<td colspan=\"5\"><img decoding=\"async\" src=\"https:\/\/www.agenciaminas.mg.gov.br\/ckeditor_assets\/pictures\/20949\/content_2_olho_topo.jpg\" alt=\"\" \/><\/td>\n<\/tr>\n<tr>\n<td><\/td>\n<td colspan=\"3\" rowspan=\"3\">\n<h1><strong>&#8220;Com a transfer\u00eancia digital de ve\u00edculos, tornamos o processo mais \u00e1gil, seguro e acess\u00edvel para comprador e vendedor. Agora, demos mais um passo, implementando a regulariza\u00e7\u00e3o remota de pend\u00eancias&#8221;, afirma Silvia Listgarten.<\/strong><\/h1>\n<\/td>\n<td><\/td>\n<\/tr>\n<tr>\n<td><\/td>\n<td><\/td>\n<\/tr>\n<tr>\n<td><\/td>\n<td><\/td>\n<\/tr>\n<tr>\n<td colspan=\"5\"><img decoding=\"async\" src=\"https:\/\/www.agenciaminas.mg.gov.br\/ckeditor_assets\/pictures\/20950\/content_2_olho_inferior.jpg\" alt=\"\" \/><\/td>\n<\/tr>\n<\/tbody>\n<\/table>\n<p>A transfer\u00eancia digital de ve\u00edculos est\u00e1 dispon\u00edvel em Minas Gerais desde novembro de 2024 e j\u00e1 alcan\u00e7ou mais de 55 mil transa\u00e7\u00f5es conclu\u00eddas de forma totalmente on-line. Com o servi\u00e7o, compra e venda podem ser realizadas a qualquer momento do dia e em qualquer lugar, bastando ter acesso \u00e0 internet.<\/p>\n<p><strong>Como solicitar a transfer\u00eancia digital<\/strong><\/p>\n<p>Para realizar o servi\u00e7o, comprador e vendedor devem acessar o aplicativo da Carteira Digital de Tr\u00e2nsito (CDT) com o cadastro GOV.BR, no n\u00edvel prata ou ouro. \u00c9 necess\u00e1rio tamb\u00e9m que o ve\u00edculo possua o Certificado de Registro de Ve\u00edculo Eletr\u00f4nico (CRV-e) emitido a partir de 2021.<\/p>\n<p>O vendedor formaliza a transa\u00e7\u00e3o no momento da venda e as informa\u00e7\u00f5es s\u00e3o registradas instantaneamente nas bases estaduais. Assim, o servi\u00e7o elimina o reconhecimento de firma em cart\u00f3rio e a ida \u00e0 uma UAI ou Ciretran para concluir a transfer\u00eancia.<\/p>\n<p>O comprador dever\u00e1 apenas levar o ve\u00edculo ao ponto de vistoria para que, ap\u00f3s a inspe\u00e7\u00e3o, a transfer\u00eancia de propriedade seja finalizada. Caso o sistema identifique pend\u00eancias, o cidad\u00e3o poder\u00e1 verificar quais s\u00e3o elas no Portal ou no MG App e solucion\u00e1-las de forma totalmente digital.<br \/>\n&nbsp;<\/p>\n<p><img decoding=\"async\" src=\"https:\/\/www.agenciaminas.mg.gov.br\/ckeditor_assets\/pictures\/23131\/content_infografico_transdigital_veiculos_03072025.png\" alt=\"\" \/><\/p>\n<p>&nbsp;<\/p>\n<p>Fonte: Ag\u00eancia Minas<\/p>\n<\/div>\n<p><\/main><\/p>\n","protected":false},"excerpt":{"rendered":"<p>A transfer\u00eancia digital de ve\u00edculos em Minas Gerais agora conta com uma funcionalidade que permite ao novo propriet\u00e1rio verificar e resolver pend\u00eancias relacionadas ao ve\u00edculo de forma totalmente digital, sem precisar se deslocar at\u00e9 um local para ser atendido. A iniciativa da\u00a0Secretaria de Estado de Planejamento e Gest\u00e3o (Seplag), por meio da\u00a0Coordenadoria Estadual de Gest\u00e3o [&hellip;]<\/p>\n","protected":false},"author":246,"featured_media":229144,"comment_status":"closed","ping_status":"closed","sticky":false,"template":"","format":"standard","meta":{"footnotes":""},"categories":[436,440,261,254,439],"tags":[],"class_list":["post-229143","post","type-post","status-publish","format-standard","has-post-thumbnail","hentry","category-destaque-da-semana","category-destaques-do-dia","category-economia","category-politica","category-ultima-hora"],"_links":{"self":[{"href":"https:\/\/diarioregionaldigital.com.br\/index.php?rest_route=\/wp\/v2\/posts\/229143","targetHints":{"allow":["GET"]}}],"collection":[{"href":"https:\/\/diarioregionaldigital.com.br\/index.php?rest_route=\/wp\/v2\/posts"}],"about":[{"href":"https:\/\/diarioregionaldigital.com.br\/index.php?rest_route=\/wp\/v2\/types\/post"}],"author":[{"embeddable":true,"href":"https:\/\/diarioregionaldigital.com.br\/index.php?rest_route=\/wp\/v2\/users\/246"}],"replies":[{"embeddable":true,"href":"https:\/\/diarioregionaldigital.com.br\/index.php?rest_route=%2Fwp%2Fv2%2Fcomments&post=229143"}],"version-history":[{"count":1,"href":"https:\/\/diarioregionaldigital.com.br\/index.php?rest_route=\/wp\/v2\/posts\/229143\/revisions"}],"predecessor-version":[{"id":229145,"href":"https:\/\/diarioregionaldigital.com.br\/index.php?rest_route=\/wp\/v2\/posts\/229143\/revisions\/229145"}],"wp:featuredmedia":[{"embeddable":true,"href":"https:\/\/diarioregionaldigital.com.br\/index.php?rest_route=\/wp\/v2\/media\/229144"}],"wp:attachment":[{"href":"https:\/\/diarioregionaldigital.com.br\/index.php?rest_route=%2Fwp%2Fv2%2Fmedia&parent=229143"}],"wp:term":[{"taxonomy":"category","embeddable":true,"href":"https:\/\/diarioregionaldigital.com.br\/index.php?rest_route=%2Fwp%2Fv2%2Fcategories&post=229143"},{"taxonomy":"post_tag","embeddable":true,"href":"https:\/\/diarioregionaldigital.com.br\/index.php?rest_route=%2Fwp%2Fv2%2Ftags&post=229143"}],"curies":[{"name":"wp","href":"https:\/\/api.w.org\/{rel}","templated":true}]}}