{"id":229140,"date":"2025-07-03T18:20:58","date_gmt":"2025-07-03T21:20:58","guid":{"rendered":"https:\/\/diarioregionaldigital.com.br\/?p=229140"},"modified":"2025-07-03T18:20:58","modified_gmt":"2025-07-03T21:20:58","slug":"minas-gerais-adota-inteligencia-artificial-para-agilizar-e-modernizar-o-licenciamento-ambiental","status":"publish","type":"post","link":"https:\/\/diarioregionaldigital.com.br\/?p=229140","title":{"rendered":"Minas Gerais adota intelig\u00eancia artificial para agilizar e modernizar o licenciamento ambiental"},"content":{"rendered":"<p>A\u00a0<a href=\"https:\/\/feam.br\/\" target=\"_blank\" rel=\"noopener\">Funda\u00e7\u00e3o Estadual do Meio Ambiente (Feam)<\/a>\u00a0est\u00e1 desenvolvendo uma solu\u00e7\u00e3o com intelig\u00eancia artificial para agilizar e melhorar o licenciamento ambiental em Minas Gerais. A tecnologia ser\u00e1 integrada ao Sistema de Licenciamento Ambiental (SLA) e a proposta \u00e9 apoiar o trabalho das equipes, tornando as an\u00e1lises mais \u00e1geis e precisas.<\/p>\n<p>Com base no Vertex AI, plataforma de solu\u00e7\u00f5es de IA do Google Cloud, a Xertica &#8211; parceira do Google Cloud no projeto &#8211; ir\u00e1 desenvolver uma IA com a finalidade de ajudar a Feam a organizar melhor os dados, validar informa\u00e7\u00f5es e documentos antes mesmo da formaliza\u00e7\u00e3o dos pedidos e fornecer sugest\u00f5es t\u00e9cnicas que contribuam para o trabalho dos analistas ambientais. A decis\u00e3o final, no entanto, continuar\u00e1 sendo responsabilidade exclusiva das equipes t\u00e9cnicas, que utilizar\u00e3o a tecnologia como apoio \u2013 e n\u00e3o substitui\u00e7\u00e3o \u2013 \u00e0 an\u00e1lise humana.<\/p>\n<p>Com a moderniza\u00e7\u00e3o, o tempo m\u00e9dio de resposta pode cair de 30 para apenas 5 dias \u00fateis, uma redu\u00e7\u00e3o de cerca de 83%. A expectativa \u00e9 tamb\u00e9m diminuir o passivo da fiscaliza\u00e7\u00e3o ambiental, garantindo mais fluidez nas an\u00e1lises.<\/p>\n<p>Al\u00e9m da agilidade, a proposta oferece mais consist\u00eancia e previsibilidade aos processos. Essas melhorias impactam diretamente empreendedores, consultores e cidad\u00e3os, com respostas mais r\u00e1pidas e confi\u00e1veis do poder p\u00fablico.<\/p>\n<p>A secret\u00e1ria de Estado de\u00a0<a href=\"https:\/\/meioambiente.mg.gov.br\/\" target=\"_blank\" rel=\"noopener\">Meio Ambiente e Desenvolvimento Sustent\u00e1vel<\/a>, Mar\u00edlia Melo, explicou que a IA j\u00e1 \u00e9 aplicada com sucesso na Semad, no sistema de Gest\u00e3o de Autos de Infra\u00e7\u00e3o Ambiental (Gaia), e agora chega ao licenciamento. O objetivo \u00e9 acelerar a tramita\u00e7\u00e3o e dar mais qualidade \u00e0s decis\u00f5es.<\/p>\n<p>\u201cEstamos iniciando, agora, um novo projeto ao lado da Feam\u201d, afirmou a secret\u00e1ria. \u201c\u00c9 voltado ao licenciamento ambiental e busca dar mais agilidade aos processos\u201d. Ela tamb\u00e9m destacou o papel da inova\u00e7\u00e3o na melhoria dos servi\u00e7os p\u00fablicos.<\/p>\n<p>O projeto prev\u00ea a cria\u00e7\u00e3o de um banco de dados robusto e integrado, reunindo informa\u00e7\u00f5es de diferentes \u00f3rg\u00e3os do Sisema. Ser\u00e3o utilizadas ferramentas automatizadas, como bots e aceleradores, para agilizar o tratamento das informa\u00e7\u00f5es.<\/p>\n<p>Esses recursos v\u00e3o auxiliar na triagem e categoriza\u00e7\u00e3o dos dados recebidos, permitindo que os analistas se concentrem nos casos que exigem maior aprofundamento. Isso melhora a gest\u00e3o do tempo e qualifica ainda mais as entregas.<\/p>\n<p>Outro diferencial \u00e9 a padroniza\u00e7\u00e3o das etapas do licenciamento, reduzindo diverg\u00eancias de interpreta\u00e7\u00e3o e fortalecendo a seguran\u00e7a jur\u00eddica. A ideia \u00e9 tornar os processos mais coerentes, confi\u00e1veis e alinhados \u00e0s normas vigentes.<\/p>\n<p>\u201cO que conseguimos alcan\u00e7ar na primeira fase do projeto foi significativo\u201d, afirmou Roberto Ponte, gestor de Customer Success da Xertica, empresa especializada em solu\u00e7\u00f5es de tecnologia e parceira do Google Cloud. \u201cAgora, estamos entusiasmados em entregar essa nova etapa ao lado da Feam\u201d.<\/p>\n<p>A aplica\u00e7\u00e3o da IA n\u00e3o apenas acelera as an\u00e1lises como contribui para decis\u00f5es mais estrat\u00e9gicas e articuladas. O avan\u00e7o vai al\u00e9m da velocidade: traz intelig\u00eancia, previsibilidade e mais transpar\u00eancia ao servi\u00e7o p\u00fablico.<\/p>\n<p>Com a nova iniciativa, Minas reafirma seu compromisso com a inova\u00e7\u00e3o e a moderniza\u00e7\u00e3o da gest\u00e3o ambiental. A ado\u00e7\u00e3o de tecnologia de ponta fortalece o papel do Estado como refer\u00eancia nacional em efici\u00eancia e transforma\u00e7\u00e3o digital no setor p\u00fablico.<\/p>\n<p>Foto: Ag\u00eancia Minas<\/p>\n","protected":false},"excerpt":{"rendered":"<p>A\u00a0Funda\u00e7\u00e3o Estadual do Meio Ambiente (Feam)\u00a0est\u00e1 desenvolvendo uma solu\u00e7\u00e3o com intelig\u00eancia artificial para agilizar e melhorar o licenciamento ambiental em Minas Gerais. A tecnologia ser\u00e1 integrada ao Sistema de Licenciamento Ambiental (SLA) e a proposta \u00e9 apoiar o trabalho das equipes, tornando as an\u00e1lises mais \u00e1geis e precisas. Com base no Vertex AI, plataforma de [&hellip;]<\/p>\n","protected":false},"author":246,"featured_media":229141,"comment_status":"closed","ping_status":"closed","sticky":false,"template":"","format":"standard","meta":{"footnotes":""},"categories":[436,440,261,254,439],"tags":[],"class_list":["post-229140","post","type-post","status-publish","format-standard","has-post-thumbnail","hentry","category-destaque-da-semana","category-destaques-do-dia","category-economia","category-politica","category-ultima-hora"],"_links":{"self":[{"href":"https:\/\/diarioregionaldigital.com.br\/index.php?rest_route=\/wp\/v2\/posts\/229140","targetHints":{"allow":["GET"]}}],"collection":[{"href":"https:\/\/diarioregionaldigital.com.br\/index.php?rest_route=\/wp\/v2\/posts"}],"about":[{"href":"https:\/\/diarioregionaldigital.com.br\/index.php?rest_route=\/wp\/v2\/types\/post"}],"author":[{"embeddable":true,"href":"https:\/\/diarioregionaldigital.com.br\/index.php?rest_route=\/wp\/v2\/users\/246"}],"replies":[{"embeddable":true,"href":"https:\/\/diarioregionaldigital.com.br\/index.php?rest_route=%2Fwp%2Fv2%2Fcomments&post=229140"}],"version-history":[{"count":1,"href":"https:\/\/diarioregionaldigital.com.br\/index.php?rest_route=\/wp\/v2\/posts\/229140\/revisions"}],"predecessor-version":[{"id":229142,"href":"https:\/\/diarioregionaldigital.com.br\/index.php?rest_route=\/wp\/v2\/posts\/229140\/revisions\/229142"}],"wp:featuredmedia":[{"embeddable":true,"href":"https:\/\/diarioregionaldigital.com.br\/index.php?rest_route=\/wp\/v2\/media\/229141"}],"wp:attachment":[{"href":"https:\/\/diarioregionaldigital.com.br\/index.php?rest_route=%2Fwp%2Fv2%2Fmedia&parent=229140"}],"wp:term":[{"taxonomy":"category","embeddable":true,"href":"https:\/\/diarioregionaldigital.com.br\/index.php?rest_route=%2Fwp%2Fv2%2Fcategories&post=229140"},{"taxonomy":"post_tag","embeddable":true,"href":"https:\/\/diarioregionaldigital.com.br\/index.php?rest_route=%2Fwp%2Fv2%2Ftags&post=229140"}],"curies":[{"name":"wp","href":"https:\/\/api.w.org\/{rel}","templated":true}]}}