{"id":229138,"date":"2025-07-03T14:22:55","date_gmt":"2025-07-03T17:22:55","guid":{"rendered":"https:\/\/diarioregionaldigital.com.br\/?p=229138"},"modified":"2025-07-03T14:22:55","modified_gmt":"2025-07-03T17:22:55","slug":"extrato-de-contrato-044-2025-03-07-2025","status":"publish","type":"post","link":"https:\/\/diarioregionaldigital.com.br\/?p=229138","title":{"rendered":"EXTRATO DE CONTRATO 044\/2025 &#8211; 03\/07\/2025"},"content":{"rendered":"<p class=\"s4\"><span class=\"s3\"><span class=\"bumpedFont17\">EXTRATO DE CONTRATO<\/span><\/span><span class=\"s3\"><span class=\"bumpedFont17\"> 0<\/span><\/span><span class=\"s3\"><span class=\"bumpedFont17\">4<\/span><\/span><span class=\"s3\"><span class=\"bumpedFont17\">4<\/span><\/span><span class=\"s3\"><span class=\"bumpedFont17\">\/2025<\/span><\/span><\/p>\n<p class=\"s4\">\n<p class=\"s5\"><span class=\"s3\"><span class=\"bumpedFont17\">Pref<\/span><\/span><span class=\"s3\"><span class=\"bumpedFont17\">eitura<\/span><\/span><span class=\"s3\"><span class=\"bumpedFont17\"> Municipal de Descoberto x<\/span><\/span> <span class=\"s3\"><span class=\"bumpedFont17\">ELISABETH DO CARMO FURIATTI MARTINS 77797825653<\/span><\/span> <span class=\"s3\"><span class=\"bumpedFont17\">&#8211; <\/span><\/span><span class=\"s3\"><span class=\"bumpedFont17\">Objeto: <\/span><\/span><span class=\"s3\"><span class=\"bumpedFont17\">Contrata\u00e7\u00e3o de empresa <\/span><\/span><a name=\"_Hlk192507559\"><\/a><span class=\"s3\"><span class=\"bumpedFont17\">especializada para presta\u00e7\u00e3o de servi\u00e7o de buffet, cortinado e decora\u00e7\u00e3o total, necess\u00e1rios para a realiza\u00e7\u00e3o da 13\u00aa Confer\u00eancia Municipal de Assist\u00eancia Social de Descoberto, atendendo ao Departamento Municipal de <\/span><\/span><span class=\"s3\"><span class=\"bumpedFont17\">Assist\u00eancia Social<\/span><\/span><span class=\"s3\"><span class=\"bumpedFont17\">&#8211;<\/span><\/span> <span class=\"s3\"><span class=\"bumpedFont17\">Fundamento:<\/span><\/span><span class=\"s3\"><span class=\"bumpedFont17\">Dispensa Presencial<\/span><\/span> <span class=\"s3\"><span class=\"bumpedFont17\">0<\/span><\/span><span class=\"s3\"><span class=\"bumpedFont17\">1<\/span><\/span><span class=\"s3\"><span class=\"bumpedFont17\">5<\/span><\/span><span class=\"s3\"><span class=\"bumpedFont17\">\/2025<\/span><\/span> <span class=\"s3\"><span class=\"bumpedFont17\">&#8211; <\/span><\/span><span class=\"s3\"><span class=\"bumpedFont17\">Valor: <\/span><\/span><span class=\"s3\"><span class=\"bumpedFont17\">R<\/span><\/span><span class=\"s3\"><span class=\"bumpedFont17\">$<\/span><\/span><span class=\"s3\"><span class=\"bumpedFont17\">8.900,00 <\/span><\/span><span class=\"s3\"><span class=\"bumpedFont17\">&#8211; <\/span><\/span><span class=\"s3\"><span class=\"bumpedFont17\">Vig\u00eancia:<\/span><\/span><span class=\"s3\"><span class=\"bumpedFont17\"> 01 (m\u00eas)<\/span><\/span><span class=\"s3\"><span class=\"bumpedFont17\">&#8211; <\/span><\/span><span class=\"s3\"><span class=\"bumpedFont17\">Dot<\/span><\/span> <span class=\"s3\"><span class=\"bumpedFont17\">or\u00e7<\/span><\/span><span class=\"s3\"><span class=\"bumpedFont17\">:<\/span><\/span><span class=\"s3\"><span class=\"bumpedFont17\">02.008.000.08.244.0011.2131.000035.339039.00\/1500<\/span><\/span><span class=\"s3\"><span class=\"bumpedFont17\"> &#8211; <\/span><\/span><span class=\"s3\"><span class=\"bumpedFont17\">Ass<\/span><\/span><span class=\"s3\"><span class=\"bumpedFont17\">:<\/span><\/span><span class=\"s3\"><span class=\"bumpedFont17\">02\/07\/2025<\/span><\/span> <span class=\"s3\"><span class=\"bumpedFont17\">&#8211; Foro: S\u00e3o Jo\u00e3o Nepomuceno\/MG.<\/span><\/span><\/p>\n<p class=\"s5\">\n<p class=\"s5\">\n<p class=\"s5\">\n<p class=\"s4\">\n<p class=\"s4\"><span class=\"s3\"><span class=\"bumpedFont17\">Lu\u00eds Fernando de Oliveira<\/span><\/span><\/p>\n<p class=\"s4\"><span class=\"s3\"><span class=\"bumpedFont17\">Prefeito <\/span><\/span><span class=\"s3\"><span class=\"bumpedFont17\">Municipal<\/span><\/span><\/p>\n<p class=\"s4\">\n<p class=\"s4\">\n","protected":false},"excerpt":{"rendered":"<p>EXTRATO DE CONTRATO 044\/2025 Prefeitura Municipal de Descoberto x ELISABETH DO CARMO FURIATTI MARTINS 77797825653 &#8211; Objeto: Contrata\u00e7\u00e3o de empresa especializada para presta\u00e7\u00e3o de servi\u00e7o de buffet, cortinado e decora\u00e7\u00e3o total, necess\u00e1rios para a realiza\u00e7\u00e3o da 13\u00aa Confer\u00eancia Municipal de Assist\u00eancia Social de Descoberto, atendendo ao Departamento Municipal de Assist\u00eancia Social&#8211; Fundamento:Dispensa Presencial 015\/2025 &#8211; [&hellip;]<\/p>\n","protected":false},"author":246,"featured_media":0,"comment_status":"closed","ping_status":"closed","sticky":false,"template":"","format":"standard","meta":{"footnotes":""},"categories":[307],"tags":[],"class_list":["post-229138","post","type-post","status-publish","format-standard","hentry","category-editais"],"_links":{"self":[{"href":"https:\/\/diarioregionaldigital.com.br\/index.php?rest_route=\/wp\/v2\/posts\/229138","targetHints":{"allow":["GET"]}}],"collection":[{"href":"https:\/\/diarioregionaldigital.com.br\/index.php?rest_route=\/wp\/v2\/posts"}],"about":[{"href":"https:\/\/diarioregionaldigital.com.br\/index.php?rest_route=\/wp\/v2\/types\/post"}],"author":[{"embeddable":true,"href":"https:\/\/diarioregionaldigital.com.br\/index.php?rest_route=\/wp\/v2\/users\/246"}],"replies":[{"embeddable":true,"href":"https:\/\/diarioregionaldigital.com.br\/index.php?rest_route=%2Fwp%2Fv2%2Fcomments&post=229138"}],"version-history":[{"count":1,"href":"https:\/\/diarioregionaldigital.com.br\/index.php?rest_route=\/wp\/v2\/posts\/229138\/revisions"}],"predecessor-version":[{"id":229139,"href":"https:\/\/diarioregionaldigital.com.br\/index.php?rest_route=\/wp\/v2\/posts\/229138\/revisions\/229139"}],"wp:attachment":[{"href":"https:\/\/diarioregionaldigital.com.br\/index.php?rest_route=%2Fwp%2Fv2%2Fmedia&parent=229138"}],"wp:term":[{"taxonomy":"category","embeddable":true,"href":"https:\/\/diarioregionaldigital.com.br\/index.php?rest_route=%2Fwp%2Fv2%2Fcategories&post=229138"},{"taxonomy":"post_tag","embeddable":true,"href":"https:\/\/diarioregionaldigital.com.br\/index.php?rest_route=%2Fwp%2Fv2%2Ftags&post=229138"}],"curies":[{"name":"wp","href":"https:\/\/api.w.org\/{rel}","templated":true}]}}