{"id":229133,"date":"2025-07-02T19:29:32","date_gmt":"2025-07-02T22:29:32","guid":{"rendered":"https:\/\/diarioregionaldigital.com.br\/?p=229133"},"modified":"2025-07-02T19:29:32","modified_gmt":"2025-07-02T22:29:32","slug":"pjf-recebe-visita-de-representantes-da-embaixada-da-franca-no-brasil","status":"publish","type":"post","link":"https:\/\/diarioregionaldigital.com.br\/?p=229133","title":{"rendered":"PJF recebe visita de representantes da Embaixada da Fran\u00e7a no Brasil"},"content":{"rendered":"<p>Segundo informa\u00e7\u00f5es do site da Prefeitura de Juiz de Fora (PJF), Juiz de Fora recebeu nesta quarta-feira (2) a visita de dois representantes da Embaixada da Fran\u00e7a no Brasil: Vincent N\u00e9d\u00e9lec, adido de Coopera\u00e7\u00e3o e de A\u00e7\u00e3o Cultural para o Estado de Minas Gerais, e Nicolas Piccato, adido audiovisual, que atua no consulado do Rio de Janeiro. A visita incluiu passagens pela sede da Funda\u00e7\u00e3o Cultural Alfredo Ferreira Lage (Funalfa), pelo Parque Cient\u00edfico e Tecnol\u00f3gico (Partec), pelo Mercado Municipal e pelo Cine-Theatro Central e teve como foco o fortalecimento das rela\u00e7\u00f5es culturais e institucionais entre o munic\u00edpio e o governo franc\u00eas.<\/p>\n<p>A visita come\u00e7ou com reuni\u00e3o na sede da Funalfa, da qual participaram: o diretor-geral da Funda\u00e7\u00e3o, Rog\u00e9rio Freitas; o assessor especial para o desenvolvimento do Polo Audiovisual de Juiz de Fora, Cesar Piva; o secret\u00e1rio de Turismo, Eduardo Crochet; e o secret\u00e1rio do Desenvolvimento Sustent\u00e1vel e Inclusivo, da Inova\u00e7\u00e3o e Competitividade, Ignacio Delgado, al\u00e9m de outros representantes de cada pasta.<\/p>\n<p>Durante o encontro, foi discutida a possibilidade de firmar um acordo de coopera\u00e7\u00e3o entre Juiz de Fora e a Embaixada da Fran\u00e7a, com foco em projetos culturais, audiovisuais, ambientais e de inova\u00e7\u00e3o. A visita ocorre no contexto do Ano Cultural Brasil-Fran\u00e7a 2025, iniciativa acordada em 2023 pelos presidentes Luiz In\u00e1cio Lula da Silva e Emmanuel Macron, que retoma os exitosos interc\u00e2mbios culturais de 2005 (Ano do Brasil na Fran\u00e7a) e 2009 (Ano da Fran\u00e7a no Brasil). O objetivo \u00e9 fortalecer os la\u00e7os entre os dois pa\u00edses, promovendo a diversidade cultural e o desenvolvimento conjunto em diversas frentes.<\/p>\n<p>\u201cA vantagem de Juiz de Fora \u00e9 estar num circuito interessante entre Belo Horizonte e Rio de Janeiro. Aqui tamb\u00e9m existe uma rede industrial importante. A ideia da nossa coopera\u00e7\u00e3o \u00e9 de fato estreitar rela\u00e7\u00f5es e construir possibilidades de coprodu\u00e7\u00e3o\u201d, destacou Vincent N\u00e9d\u00e9lec.<\/p>\n<p>Os representantes franceses ressaltaram ainda as semelhan\u00e7as topogr\u00e1ficas, industriais, ambientais e culturais entre Juiz de Fora e a cidade francesa de Grenoble, sugerindo a pertin\u00eancia de uma miss\u00e3o t\u00e9cnica da Prefeitura de Juiz de Fora \u00e0 Fran\u00e7a em 2026, como forma de aprofundar o interc\u00e2mbio institucional.<\/p>\n<p>A visita refor\u00e7a o papel estrat\u00e9gico de Juiz de Fora como cidade com potencial para integrar a agenda de coopera\u00e7\u00e3o internacional e contribuir com iniciativas transformadoras no \u00e2mbito do Ano Brasil-Fran\u00e7a 2025<\/p>\n","protected":false},"excerpt":{"rendered":"<p>Segundo informa\u00e7\u00f5es do site da Prefeitura de Juiz de Fora (PJF), Juiz de Fora recebeu nesta quarta-feira (2) a visita de dois representantes da Embaixada da Fran\u00e7a no Brasil: Vincent N\u00e9d\u00e9lec, adido de Coopera\u00e7\u00e3o e de A\u00e7\u00e3o Cultural para o Estado de Minas Gerais, e Nicolas Piccato, adido audiovisual, que atua no consulado do Rio [&hellip;]<\/p>\n","protected":false},"author":246,"featured_media":229134,"comment_status":"closed","ping_status":"closed","sticky":false,"template":"","format":"standard","meta":{"footnotes":""},"categories":[253,436,439],"tags":[],"class_list":["post-229133","post","type-post","status-publish","format-standard","has-post-thumbnail","hentry","category-cidade","category-destaque-da-semana","category-ultima-hora"],"_links":{"self":[{"href":"https:\/\/diarioregionaldigital.com.br\/index.php?rest_route=\/wp\/v2\/posts\/229133","targetHints":{"allow":["GET"]}}],"collection":[{"href":"https:\/\/diarioregionaldigital.com.br\/index.php?rest_route=\/wp\/v2\/posts"}],"about":[{"href":"https:\/\/diarioregionaldigital.com.br\/index.php?rest_route=\/wp\/v2\/types\/post"}],"author":[{"embeddable":true,"href":"https:\/\/diarioregionaldigital.com.br\/index.php?rest_route=\/wp\/v2\/users\/246"}],"replies":[{"embeddable":true,"href":"https:\/\/diarioregionaldigital.com.br\/index.php?rest_route=%2Fwp%2Fv2%2Fcomments&post=229133"}],"version-history":[{"count":1,"href":"https:\/\/diarioregionaldigital.com.br\/index.php?rest_route=\/wp\/v2\/posts\/229133\/revisions"}],"predecessor-version":[{"id":229135,"href":"https:\/\/diarioregionaldigital.com.br\/index.php?rest_route=\/wp\/v2\/posts\/229133\/revisions\/229135"}],"wp:featuredmedia":[{"embeddable":true,"href":"https:\/\/diarioregionaldigital.com.br\/index.php?rest_route=\/wp\/v2\/media\/229134"}],"wp:attachment":[{"href":"https:\/\/diarioregionaldigital.com.br\/index.php?rest_route=%2Fwp%2Fv2%2Fmedia&parent=229133"}],"wp:term":[{"taxonomy":"category","embeddable":true,"href":"https:\/\/diarioregionaldigital.com.br\/index.php?rest_route=%2Fwp%2Fv2%2Fcategories&post=229133"},{"taxonomy":"post_tag","embeddable":true,"href":"https:\/\/diarioregionaldigital.com.br\/index.php?rest_route=%2Fwp%2Fv2%2Ftags&post=229133"}],"curies":[{"name":"wp","href":"https:\/\/api.w.org\/{rel}","templated":true}]}}