{"id":229130,"date":"2025-07-02T19:19:54","date_gmt":"2025-07-02T22:19:54","guid":{"rendered":"https:\/\/diarioregionaldigital.com.br\/?p=229130"},"modified":"2025-07-02T19:19:54","modified_gmt":"2025-07-02T22:19:54","slug":"fiscalizacao-realiza-apreensao-de-mais-de-200-materiais-irregulares-com-a-operacao-comercio-legal","status":"publish","type":"post","link":"https:\/\/diarioregionaldigital.com.br\/?p=229130","title":{"rendered":"Fiscaliza\u00e7\u00e3o realiza apreens\u00e3o de mais de 200 materiais irregulares com a opera\u00e7\u00e3o \u201cCom\u00e9rcio Legal\u201d"},"content":{"rendered":"<p>Segundo informa\u00e7\u00f5es do site da Prefeitura de Juiz de Fora (PJF), nesta ter\u00e7a-feira, 1\u00ba, a Prefeitura de Juiz de Fora (PJF), por meio da Fiscaliza\u00e7\u00e3o de Posturas da Secretaria de Desenvolvimento Urbano com Participa\u00e7\u00e3o Popular (SEDUPP) em conjunto com a Guarda Municipal, realizou a apreens\u00e3o de mais de 200 materiais que seriam vendidos irregularmente. \u00c9 uma edi\u00e7\u00e3o da opera\u00e7\u00e3o \u201cCom\u00e9rcio Legal\u201d.<\/p>\n<p>Tr\u00eas abordagens foram feitas, uma na Rua Halfeld, uma na Rua Marechal Deodoro e outra na Avenida Get\u00falio Vargas, resultando em 229 materiais irregulares apreendidos. Entre os itens apreendidos est\u00e3o 216 pares de meias, um carrinho de supermercado, acess\u00f3rios, alimentos, carrinhos e expositores. Os alimentos apreendidos foram encaminhados para uma institui\u00e7\u00e3o parceira da Secretaria de Assist\u00eancia Social (SAS).<\/p>\n<p>Caso o vendedor irregular queira reaver a mercadoria apreendida, \u00e9 preciso, no prazo de 15 dias da apreens\u00e3o, protocolar pedido atrav\u00e9s do Prefeitura \u00c1gil e efetuar o pagamento de multa e taxa de apreens\u00e3o.<\/p>\n<p>\u00c9 necess\u00e1rio apresentar algum documento que comprove a propriedade da mercadoria, como a nota fiscal. Caso n\u00e3o realize esse procedimento, como previsto no C\u00f3digo de Posturas do Munic\u00edpio, os materiais apreendidos devem ser doados. J\u00e1 os produtos perec\u00edveis, em boas condi\u00e7\u00f5es sanit\u00e1rias, s\u00e3o imediatamente encaminhados \u00e0s institui\u00e7\u00f5es cadastradas. G\u00eaneros aliment\u00edcios e produtos de proced\u00eancia duvidosa n\u00e3o s\u00e3o pass\u00edveis de devolu\u00e7\u00e3o ao ambulante irregular.<\/p>\n","protected":false},"excerpt":{"rendered":"<p>Segundo informa\u00e7\u00f5es do site da Prefeitura de Juiz de Fora (PJF), nesta ter\u00e7a-feira, 1\u00ba, a Prefeitura de Juiz de Fora (PJF), por meio da Fiscaliza\u00e7\u00e3o de Posturas da Secretaria de Desenvolvimento Urbano com Participa\u00e7\u00e3o Popular (SEDUPP) em conjunto com a Guarda Municipal, realizou a apreens\u00e3o de mais de 200 materiais que seriam vendidos irregularmente. \u00c9 [&hellip;]<\/p>\n","protected":false},"author":246,"featured_media":229131,"comment_status":"closed","ping_status":"closed","sticky":false,"template":"","format":"standard","meta":{"footnotes":""},"categories":[253,436,440,439],"tags":[],"class_list":["post-229130","post","type-post","status-publish","format-standard","has-post-thumbnail","hentry","category-cidade","category-destaque-da-semana","category-destaques-do-dia","category-ultima-hora"],"_links":{"self":[{"href":"https:\/\/diarioregionaldigital.com.br\/index.php?rest_route=\/wp\/v2\/posts\/229130","targetHints":{"allow":["GET"]}}],"collection":[{"href":"https:\/\/diarioregionaldigital.com.br\/index.php?rest_route=\/wp\/v2\/posts"}],"about":[{"href":"https:\/\/diarioregionaldigital.com.br\/index.php?rest_route=\/wp\/v2\/types\/post"}],"author":[{"embeddable":true,"href":"https:\/\/diarioregionaldigital.com.br\/index.php?rest_route=\/wp\/v2\/users\/246"}],"replies":[{"embeddable":true,"href":"https:\/\/diarioregionaldigital.com.br\/index.php?rest_route=%2Fwp%2Fv2%2Fcomments&post=229130"}],"version-history":[{"count":1,"href":"https:\/\/diarioregionaldigital.com.br\/index.php?rest_route=\/wp\/v2\/posts\/229130\/revisions"}],"predecessor-version":[{"id":229132,"href":"https:\/\/diarioregionaldigital.com.br\/index.php?rest_route=\/wp\/v2\/posts\/229130\/revisions\/229132"}],"wp:featuredmedia":[{"embeddable":true,"href":"https:\/\/diarioregionaldigital.com.br\/index.php?rest_route=\/wp\/v2\/media\/229131"}],"wp:attachment":[{"href":"https:\/\/diarioregionaldigital.com.br\/index.php?rest_route=%2Fwp%2Fv2%2Fmedia&parent=229130"}],"wp:term":[{"taxonomy":"category","embeddable":true,"href":"https:\/\/diarioregionaldigital.com.br\/index.php?rest_route=%2Fwp%2Fv2%2Fcategories&post=229130"},{"taxonomy":"post_tag","embeddable":true,"href":"https:\/\/diarioregionaldigital.com.br\/index.php?rest_route=%2Fwp%2Fv2%2Ftags&post=229130"}],"curies":[{"name":"wp","href":"https:\/\/api.w.org\/{rel}","templated":true}]}}