{"id":229124,"date":"2025-07-02T18:49:44","date_gmt":"2025-07-02T21:49:44","guid":{"rendered":"https:\/\/diarioregionaldigital.com.br\/?p=229124"},"modified":"2025-07-02T18:49:44","modified_gmt":"2025-07-02T21:49:44","slug":"compete-minas-tem-prazo-de-submissao-prorrogado","status":"publish","type":"post","link":"https:\/\/diarioregionaldigital.com.br\/?p=229124","title":{"rendered":"Compete Minas tem prazo de submiss\u00e3o prorrogado"},"content":{"rendered":"<p>Os prazos para submiss\u00e3o de projetos na \u00faltima chamada do Compete Minas, lan\u00e7ada em maio, foram prorrogados. A<a id=\"OWA6f4c7505-d14e-a4b6-1b98-adb1c96b5124\" title=\"http:\/\/www.fapemig.br\/pt\/\" href=\"http:\/\/www.fapemig.br\/pt\/\" target=\"_blank\" rel=\"noopener noreferrer\" data-auth=\"NotApplicable\">\u00a0<\/a><a id=\"OWA6f4c7505-d14e-a4b6-1b98-adb1c96b5124\" title=\"http:\/\/www.fapemig.br\/pt\/\" href=\"http:\/\/www.fapemig.br\/pt\/\" target=\"_blank\" rel=\"noopener noreferrer\" data-auth=\"NotApplicable\">Funda\u00e7\u00e3o de Amparo \u00e0 Pesquisa do Estado de Minas Gerais (Fapemig)<\/a>\u00a0divulgou, nesta quarta-feira (2\/7), um ato de retifica\u00e7\u00e3o da Chamada 08\/2025, parceria com a<a id=\"OWA93378c67-cfa2-f87d-1028-49d716171f4e\" title=\"https:\/\/desenvolvimento.mg.gov.br\/\" href=\"https:\/\/desenvolvimento.mg.gov.br\/\" target=\"_blank\" rel=\"noopener noreferrer\" data-auth=\"NotApplicable\">\u00a0<\/a><a id=\"OWA93378c67-cfa2-f87d-1028-49d716171f4e\" title=\"https:\/\/desenvolvimento.mg.gov.br\/\" href=\"https:\/\/desenvolvimento.mg.gov.br\/\" target=\"_blank\" rel=\"noopener noreferrer\" data-auth=\"NotApplicable\">Secretaria de Estado de Desenvolvimento Econ\u00f4mico (Sede-MG)<\/a>.<\/p>\n<p>O documento prorroga o prazo de submiss\u00e3o de projetos e abre a possibilidade de envio de projetos j\u00e1 em desenvolvimento no momento da contrata\u00e7\u00e3o. Os interessados em enviar propostas de pesquisa poder\u00e3o enviar seus projetos via\u00a0<a id=\"OWA6cfbaf94-ea14-c870-c3dc-806ce76c97c0\" title=\"https:\/\/everest.fapemig.br\/Home\/login\" href=\"https:\/\/everest.fapemig.br\/Home\/login\" target=\"_blank\" rel=\"noopener noreferrer\" data-auth=\"NotApplicable\">Sistema Everest<\/a>\u00a0at\u00e9 o dia 31\/7\u00a0de 2025.<\/p>\n<p>A previs\u00e3o da divulga\u00e7\u00e3o dos resultados tamb\u00e9m foi prorrogada e est\u00e1 prevista a partir de 28\/10\u00a0de 2025.<\/p>\n<p>Outra retifica\u00e7\u00e3o diz respeito \u00e0 submiss\u00e3o de propostas ainda vigentes. No caso, empresas ou cooperativas que tenham participado de edi\u00e7\u00f5es anteriores do Compete Minas podem submeter projetos que representem a continuidade de uma solu\u00e7\u00e3o anteriormente apoiada. Por\u00e9m, o projeto anterior deve se encerrar no momento\u00a0da contrata\u00e7\u00e3o da nova proposta.<\/p>\n<p>O ato de retifica\u00e7\u00e3o tamb\u00e9m apresenta algumas atualiza\u00e7\u00f5es textuais na chamada.\u00a0<a id=\"OWAca081504-c22c-b7cc-810d-8147403049ba\" title=\"http:\/\/www.fapemig.br\/media\/SEI_116960893_Ato_58.pdf\" href=\"http:\/\/www.fapemig.br\/media\/SEI_116960893_Ato_58.pdf\" target=\"_blank\" rel=\"noopener noreferrer\" data-auth=\"NotApplicable\">Clique aqui e confira o documento completo<\/a>.<\/p>\n<p><strong>Novidades da chamada<\/strong><\/p>\n<p>Lan\u00e7ada<a id=\"OWAfc1d9593-b302-0d70-b270-8e79abfbc03b\" title=\"https:\/\/desenvolvimento.mg.gov.br\/inicio\/noticias\/noticia\/2964\/nova-rodada-do-compete-minas-destina-r$-50-milhoes-para-impulsionar-o-setor-produtivo-mineiro\" href=\"https:\/\/desenvolvimento.mg.gov.br\/inicio\/noticias\/noticia\/2964\/nova-rodada-do-compete-minas-destina-r$-50-milhoes-para-impulsionar-o-setor-produtivo-mineiro\" target=\"_blank\" rel=\"noopener noreferrer\" data-auth=\"NotApplicable\">\u00a0<\/a><a id=\"OWAfc1d9593-b302-0d70-b270-8e79abfbc03b\" title=\"https:\/\/desenvolvimento.mg.gov.br\/inicio\/noticias\/noticia\/2964\/nova-rodada-do-compete-minas-destina-r$-50-milhoes-para-impulsionar-o-setor-produtivo-mineiro\" href=\"https:\/\/desenvolvimento.mg.gov.br\/inicio\/noticias\/noticia\/2964\/nova-rodada-do-compete-minas-destina-r$-50-milhoes-para-impulsionar-o-setor-produtivo-mineiro\" target=\"_blank\" rel=\"noopener noreferrer\" data-auth=\"NotApplicable\">no fim de maio<\/a>, a quarta chamada do Compete Minas trouxe como novidade a unifica\u00e7\u00e3o das linhas \u201cTr\u00edplice H\u00e9lice\u201d e &#8220;Empresas, Cooperativas e Startups&#8221;. Al\u00e9m disso, nessa edi\u00e7\u00e3o, as micro e pequenas empresas podem participar com o apoio do Sebrae.<\/p>\n<p>A chamada apoia projetos de pesquisa, desenvolvimento tecnol\u00f3gico e inova\u00e7\u00e3o propostos por empresas, startups e cooperativas com atua\u00e7\u00e3o em Minas Gerais. Existe ainda a possibilidade de participa\u00e7\u00e3o de Institui\u00e7\u00f5es Cient\u00edficas, Tecnol\u00f3gicas e de Inova\u00e7\u00e3o de Minas Gerais (ICTs-MG) como parceiras.<\/p>\n<p>As propostas podem abranger desde setores tradicionais e produtores de commodities at\u00e9 empresas de base tecnol\u00f3gica, fomentando o desenvolvimento de produtos, bens, servi\u00e7os e processos inovadores que agreguem valor, ampliem a competitividade e contribuam para o fortalecimento da economia mineira.<\/p>\n<p><strong>Compete Minas<\/strong><\/p>\n<p>O Compete Minas \u00e9 um programa de fomento \u00e0 competitividade e inova\u00e7\u00e3o em empresas do<a id=\"OWA9e65d31c-fac3-958f-4eb9-f73ddaff0743\" title=\"https:\/\/www.mg.gov.br\/\" href=\"https:\/\/www.mg.gov.br\/\" target=\"_blank\" rel=\"noopener noreferrer\" data-auth=\"NotApplicable\">\u00a0<\/a><a id=\"OWA9e65d31c-fac3-958f-4eb9-f73ddaff0743\" title=\"https:\/\/www.mg.gov.br\/\" href=\"https:\/\/www.mg.gov.br\/\" target=\"_blank\" rel=\"noopener noreferrer\" data-auth=\"NotApplicable\">Governo de Minas<\/a>, coordenado em parceria entre a Fapemig e a Sede-MG. Os recursos, concedidos por meio de subven\u00e7\u00e3o econ\u00f4mica (recursos n\u00e3o reembols\u00e1veis), s\u00e3o destinados a projetos de inova\u00e7\u00e3o tecnol\u00f3gica que beneficiem o setor empresarial de Minas.<\/p>\n<p>Desde a primeira rodada, em 2022, por meio do Compete Minas, j\u00e1 foram empenhados mais de R$ 67,8 milh\u00f5es em quase 200 projetos aprovados no estado.<\/p>\n<p>&nbsp;<\/p>\n<p>Fonte: Ag\u00eancia Minas<\/p>\n","protected":false},"excerpt":{"rendered":"<p>Os prazos para submiss\u00e3o de projetos na \u00faltima chamada do Compete Minas, lan\u00e7ada em maio, foram prorrogados. A\u00a0Funda\u00e7\u00e3o de Amparo \u00e0 Pesquisa do Estado de Minas Gerais (Fapemig)\u00a0divulgou, nesta quarta-feira (2\/7), um ato de retifica\u00e7\u00e3o da Chamada 08\/2025, parceria com a\u00a0Secretaria de Estado de Desenvolvimento Econ\u00f4mico (Sede-MG). O documento prorroga o prazo de submiss\u00e3o de [&hellip;]<\/p>\n","protected":false},"author":246,"featured_media":229125,"comment_status":"closed","ping_status":"closed","sticky":false,"template":"","format":"standard","meta":{"footnotes":""},"categories":[436,261,254,439],"tags":[],"class_list":["post-229124","post","type-post","status-publish","format-standard","has-post-thumbnail","hentry","category-destaque-da-semana","category-economia","category-politica","category-ultima-hora"],"_links":{"self":[{"href":"https:\/\/diarioregionaldigital.com.br\/index.php?rest_route=\/wp\/v2\/posts\/229124","targetHints":{"allow":["GET"]}}],"collection":[{"href":"https:\/\/diarioregionaldigital.com.br\/index.php?rest_route=\/wp\/v2\/posts"}],"about":[{"href":"https:\/\/diarioregionaldigital.com.br\/index.php?rest_route=\/wp\/v2\/types\/post"}],"author":[{"embeddable":true,"href":"https:\/\/diarioregionaldigital.com.br\/index.php?rest_route=\/wp\/v2\/users\/246"}],"replies":[{"embeddable":true,"href":"https:\/\/diarioregionaldigital.com.br\/index.php?rest_route=%2Fwp%2Fv2%2Fcomments&post=229124"}],"version-history":[{"count":1,"href":"https:\/\/diarioregionaldigital.com.br\/index.php?rest_route=\/wp\/v2\/posts\/229124\/revisions"}],"predecessor-version":[{"id":229126,"href":"https:\/\/diarioregionaldigital.com.br\/index.php?rest_route=\/wp\/v2\/posts\/229124\/revisions\/229126"}],"wp:featuredmedia":[{"embeddable":true,"href":"https:\/\/diarioregionaldigital.com.br\/index.php?rest_route=\/wp\/v2\/media\/229125"}],"wp:attachment":[{"href":"https:\/\/diarioregionaldigital.com.br\/index.php?rest_route=%2Fwp%2Fv2%2Fmedia&parent=229124"}],"wp:term":[{"taxonomy":"category","embeddable":true,"href":"https:\/\/diarioregionaldigital.com.br\/index.php?rest_route=%2Fwp%2Fv2%2Fcategories&post=229124"},{"taxonomy":"post_tag","embeddable":true,"href":"https:\/\/diarioregionaldigital.com.br\/index.php?rest_route=%2Fwp%2Fv2%2Ftags&post=229124"}],"curies":[{"name":"wp","href":"https:\/\/api.w.org\/{rel}","templated":true}]}}