{"id":229120,"date":"2025-07-02T18:48:12","date_gmt":"2025-07-02T21:48:12","guid":{"rendered":"https:\/\/diarioregionaldigital.com.br\/?p=229120"},"modified":"2025-07-02T18:48:12","modified_gmt":"2025-07-02T21:48:12","slug":"governo-de-minas-celebra-o-dia-nacional-do-bombeiro-com-solenidade-para-a-corporacao-no-estado","status":"publish","type":"post","link":"https:\/\/diarioregionaldigital.com.br\/?p=229120","title":{"rendered":"Governo de Minas celebra o Dia Nacional do Bombeiro com solenidade para a corpora\u00e7\u00e3o no estado"},"content":{"rendered":"<p>O <a href=\"https:\/\/www.mg.gov.br\/\" target=\"_blank\" rel=\"noopener\">Governo de Minas<\/a> comemorou, nesta quarta-feira (2\/7), o Dia Nacional do\u00a0Bombeiro, reconhecendo o trabalho do <a href=\"https:\/\/www.bombeiros.mg.gov.br\/\" target=\"_blank\" rel=\"noopener\">Corpo de Bombeiros Militar de Minas Gerais (CBMMG)<\/a> no estado. O governador Romeu Zema e o vice-governador Mateus Sim\u00f5es participaram da cerim\u00f4nia no Audit\u00f3rio JK, na Cidade Administrativa, em Belo Horizonte.<\/p>\n<table border=\"0\" cellspacing=\"1\" cellpadding=\"1\" align=\"center\">\n<tbody>\n<tr>\n<td colspan=\"5\"><img decoding=\"async\" src=\"https:\/\/www.agenciaminas.mg.gov.br\/ckeditor_assets\/pictures\/20949\/content_2_olho_topo.jpg\" alt=\"\" \/><\/td>\n<\/tr>\n<tr>\n<td><\/td>\n<td colspan=\"3\" rowspan=\"3\">\n<h1><strong>&#8220;Quero dar os parab\u00e9ns a todos os militares do Corpo de Bombeiros pelo seu dia. Essa corpora\u00e7\u00e3o tem sido motivo de grande orgulho para todos os mineiros pelo trabalho que faz e pela forma de atua\u00e7\u00e3o em todo o estado&#8221;, afirmou Romeu Zema.<\/strong><\/h1>\n<\/td>\n<td><\/td>\n<\/tr>\n<tr>\n<td><\/td>\n<td><\/td>\n<\/tr>\n<tr>\n<td><\/td>\n<td><\/td>\n<\/tr>\n<tr>\n<td colspan=\"5\"><img decoding=\"async\" src=\"https:\/\/www.agenciaminas.mg.gov.br\/ckeditor_assets\/pictures\/20950\/content_2_olho_inferior.jpg\" alt=\"\" \/><\/td>\n<\/tr>\n<\/tbody>\n<\/table>\n<p>&#8220;Al\u00e9m de reconhecer e agradecer, quero lembrar que na minha gest\u00e3o n\u00f3s temos feito tudo aquilo que est\u00e1 ao nosso alcance por essa institui\u00e7\u00e3o&#8221;, destacou o governador de Minas Gerais, ao lado da comandante-geral do CBMMG, coronel Jordana de Oliveira Filgueiras Daldegan, e do subcomandante e chefe do Estado-Maior, coronel Mois\u00e9s Magalh\u00e3es de Sousa.<\/p>\n<p>Durante a solenidade, o CBMMG agraciou 32 autoridades civis, personalidades e militares, al\u00e9m de 57 militares da corpora\u00e7\u00e3o, com a Medalha da Ordem ao M\u00e9rito Imperador Dom Pedro II, a maior honraria da institui\u00e7\u00e3o, entregue a quem se dedica e apoia a corpora\u00e7\u00e3o.<\/p>\n<blockquote><p><a href=\"https:\/\/www.agenciaminas.mg.gov.br\/ckeditor_assets\/attachments\/23124\/medalha_da_ordem_ao_merito_imperador_dom_pedro_ii_-_2025.pdf\" target=\"_blank\" rel=\"noopener\"><strong>Confira aqui a lista dos agraciados<\/strong><\/a><\/p><\/blockquote>\n<p>&nbsp;<\/p>\n<table border=\"0\" cellspacing=\"1\" cellpadding=\"1\" align=\"center\">\n<tbody>\n<tr>\n<td colspan=\"5\"><img decoding=\"async\" src=\"https:\/\/www.agenciaminas.mg.gov.br\/ckeditor_assets\/pictures\/20949\/content_2_olho_topo.jpg\" alt=\"\" \/><\/td>\n<\/tr>\n<tr>\n<td><\/td>\n<td colspan=\"3\" rowspan=\"3\">\n<h1><strong>&#8220;Essa cerim\u00f4nia tem um brilho muito especial, porque ao mesmo tempo em que celebramos a data m\u00e1xima da profiss\u00e3o, prestamos justa homenagem \u00e0queles que se destacaram na miss\u00e3o de servir. Cada um dos agraciados hoje representa a for\u00e7a de uma rede de cuidado, compromisso e solidariedade&#8221;, registrou a coronel Jordana de Oliveira Filgueiras Daldegan.<\/strong><\/h1>\n<\/td>\n<td><\/td>\n<\/tr>\n<tr>\n<td><\/td>\n<td><\/td>\n<\/tr>\n<tr>\n<td><\/td>\n<td><\/td>\n<\/tr>\n<tr>\n<td colspan=\"5\"><img decoding=\"async\" src=\"https:\/\/www.agenciaminas.mg.gov.br\/ckeditor_assets\/pictures\/20950\/content_2_olho_inferior.jpg\" alt=\"\" \/><\/td>\n<\/tr>\n<\/tbody>\n<\/table>\n<p><strong>Fortalecimento<\/strong><\/p>\n<p>O Corpo de Bombeiros atendeu mais de 470 mil ocorr\u00eancias em todo o estado no \u00faltimo ano, per\u00edodo em que a capacidade de atendimento foi colocada \u00e0 prova, com mais de 29 mil registros de inc\u00eandio em vegeta\u00e7\u00e3o, agravados pela falta de chuvas e pelas altas temperaturas.<\/p>\n<p>O Governo de Minas tem atuado para assegurar que o CBMMG tenha todos os aparatos de equipamentos, pessoal e infraestrutura para garantir a seguran\u00e7a dos mineiros em todo o estado. Entre 2019 e 2024, foram adquiridos mais de mais de 1 milh\u00e3o de itens entre bens de capital e de custeio, de mais 400 tipos de materiais e equipamentos operacionais para a corpora\u00e7\u00e3o, totalizando um investimento de mais de R$ 120 milh\u00f5es.<\/p>\n<figure class=\"image\"><img decoding=\"async\" src=\"https:\/\/www.agenciaminas.mg.gov.br\/ckeditor_assets\/pictures\/23123\/content_gill5266.jpg\" alt=\"\" \/><figcaption><sub><em>Vice-governador Mateus Sim\u00f5es (Gil Leonardi \/ Imprensa MG)<\/em><\/sub><\/figcaption><\/figure>\n<p>Desde 2019, a frota foi refor\u00e7ada com 568 novas viaturas de bombeiros, como parte de um esfor\u00e7o cont\u00ednuo de atualiza\u00e7\u00e3o e moderniza\u00e7\u00e3o dos recursos dispon\u00edveis. Em fevereiro de 2025, o CBMMG recebeu dois helic\u00f3pteros para fortalecer a capacidade de resposta em situa\u00e7\u00f5es de urg\u00eancia e emerg\u00eancia, garantindo mais agilidade no transporte de pacientes e em opera\u00e7\u00f5es de resgate e salvamento, adquiridos por R$ 164 milh\u00f5es, com recursos do Fundo Estadual de Sa\u00fade (FES).<\/p>\n<p>A amplia\u00e7\u00e3o e renova\u00e7\u00e3o da frota, a revitaliza\u00e7\u00e3o de quart\u00e9is, os avan\u00e7os por meio de novos parceiros para a capta\u00e7\u00e3o de recursos alternativos e os investimentos nas \u00e1reas de pesquisa e inova\u00e7\u00e3o cient\u00edfica t\u00eam elevado o potencial de atendimento. O CBMMG segue em busca de solu\u00e7\u00f5es para refor\u00e7ar os trabalhos, com concursos internos para progress\u00e3o de carreira, a\u00e7\u00f5es de promo\u00e7\u00e3o \u00e0 sa\u00fade, amplia\u00e7\u00e3o da articula\u00e7\u00e3o operacional com a instala\u00e7\u00e3o de brigadas de inc\u00eandio treinadas pela corpora\u00e7\u00e3o e a renova\u00e7\u00e3o da frota por meio de parcerias.<\/p>\n<table border=\"0\" cellspacing=\"1\" cellpadding=\"1\" align=\"center\">\n<tbody>\n<tr>\n<td colspan=\"5\"><img decoding=\"async\" src=\"https:\/\/www.agenciaminas.mg.gov.br\/ckeditor_assets\/pictures\/20949\/content_2_olho_topo.jpg\" alt=\"\" \/><\/td>\n<\/tr>\n<tr>\n<td><\/td>\n<td colspan=\"3\" rowspan=\"3\">\n<h1><strong>&#8220;Tivemos diversos avan\u00e7os na infraestrutura e tecnologia para melhorar o trabalho de cada um dos militares mineiros, mas todos n\u00f3s sabemos que somos continuamente devedores daqueles que se disp\u00f5em a sair de casa todos os dias, colocando a pr\u00f3pria vida em risco para o salvamento da vida dos outros&#8221;, observou o vice-governador Mateus Sim\u00f5es.<\/strong><\/h1>\n<\/td>\n<td><\/td>\n<\/tr>\n<tr>\n<td><\/td>\n<td><\/td>\n<\/tr>\n<tr>\n<td><\/td>\n<td><\/td>\n<\/tr>\n<tr>\n<td colspan=\"5\"><img decoding=\"async\" src=\"https:\/\/www.agenciaminas.mg.gov.br\/ckeditor_assets\/pictures\/20950\/content_2_olho_inferior.jpg\" alt=\"\" \/><\/td>\n<\/tr>\n<\/tbody>\n<\/table>\n<p><strong>Dia Nacional<\/strong><\/p>\n<p>Comemorado em todo o pa\u00eds desde 1954, o Dia Nacional dos Bombeiros representa um marco na hist\u00f3ria da sociedade e no servi\u00e7o de combate a inc\u00eandios no Brasil. Em 2\/7\/1856, Dom Pedro II assinou o decreto que criava o Corpo de Bombeiros Provis\u00f3rio da Corte. Em Minas, o CBMMG foi criado em 1911.<\/p>\n<p>Em 2025, o dia \u00e9 lembrado com o tema \u201cAl\u00e9m da farda, existem hist\u00f3rias de coragem e supera\u00e7\u00e3o di\u00e1ria\u201d, que ajuda a refletir sobre a miss\u00e3o do bombeiro militar, que transcende a farda e o transforma em um agente com a responsabilidade de salvar em qualquer lugar ou circunst\u00e2ncia.<\/p>\n<p>Fonte: Ag\u00eancia Minas<\/p>\n","protected":false},"excerpt":{"rendered":"<p>O Governo de Minas comemorou, nesta quarta-feira (2\/7), o Dia Nacional do\u00a0Bombeiro, reconhecendo o trabalho do Corpo de Bombeiros Militar de Minas Gerais (CBMMG) no estado. O governador Romeu Zema e o vice-governador Mateus Sim\u00f5es participaram da cerim\u00f4nia no Audit\u00f3rio JK, na Cidade Administrativa, em Belo Horizonte. &#8220;Quero dar os parab\u00e9ns a todos os militares [&hellip;]<\/p>\n","protected":false},"author":246,"featured_media":229122,"comment_status":"closed","ping_status":"closed","sticky":false,"template":"","format":"standard","meta":{"footnotes":""},"categories":[436,440,261,254,252,1,439],"tags":[],"class_list":["post-229120","post","type-post","status-publish","format-standard","has-post-thumbnail","hentry","category-destaque-da-semana","category-destaques-do-dia","category-economia","category-politica","category-regiao","category-sem-categoria","category-ultima-hora"],"_links":{"self":[{"href":"https:\/\/diarioregionaldigital.com.br\/index.php?rest_route=\/wp\/v2\/posts\/229120","targetHints":{"allow":["GET"]}}],"collection":[{"href":"https:\/\/diarioregionaldigital.com.br\/index.php?rest_route=\/wp\/v2\/posts"}],"about":[{"href":"https:\/\/diarioregionaldigital.com.br\/index.php?rest_route=\/wp\/v2\/types\/post"}],"author":[{"embeddable":true,"href":"https:\/\/diarioregionaldigital.com.br\/index.php?rest_route=\/wp\/v2\/users\/246"}],"replies":[{"embeddable":true,"href":"https:\/\/diarioregionaldigital.com.br\/index.php?rest_route=%2Fwp%2Fv2%2Fcomments&post=229120"}],"version-history":[{"count":1,"href":"https:\/\/diarioregionaldigital.com.br\/index.php?rest_route=\/wp\/v2\/posts\/229120\/revisions"}],"predecessor-version":[{"id":229123,"href":"https:\/\/diarioregionaldigital.com.br\/index.php?rest_route=\/wp\/v2\/posts\/229120\/revisions\/229123"}],"wp:featuredmedia":[{"embeddable":true,"href":"https:\/\/diarioregionaldigital.com.br\/index.php?rest_route=\/wp\/v2\/media\/229122"}],"wp:attachment":[{"href":"https:\/\/diarioregionaldigital.com.br\/index.php?rest_route=%2Fwp%2Fv2%2Fmedia&parent=229120"}],"wp:term":[{"taxonomy":"category","embeddable":true,"href":"https:\/\/diarioregionaldigital.com.br\/index.php?rest_route=%2Fwp%2Fv2%2Fcategories&post=229120"},{"taxonomy":"post_tag","embeddable":true,"href":"https:\/\/diarioregionaldigital.com.br\/index.php?rest_route=%2Fwp%2Fv2%2Ftags&post=229120"}],"curies":[{"name":"wp","href":"https:\/\/api.w.org\/{rel}","templated":true}]}}