{"id":229104,"date":"2025-07-01T18:08:53","date_gmt":"2025-07-01T21:08:53","guid":{"rendered":"https:\/\/diarioregionaldigital.com.br\/?p=229104"},"modified":"2025-07-01T18:08:53","modified_gmt":"2025-07-01T21:08:53","slug":"juiz-de-fora-cria-1-299-empregos-em-maio-e-alcanca-o-melhor-saldo-anual-da-serie-historica-do-caged","status":"publish","type":"post","link":"https:\/\/diarioregionaldigital.com.br\/?p=229104","title":{"rendered":"Juiz de Fora cria 1.299 empregos em maio e alcan\u00e7a o melhor saldo anual da s\u00e9rie hist\u00f3rica do Caged"},"content":{"rendered":"<p>Segundo informa\u00e7\u00f5es do site da Prefeitura de Juiz de Fora (PJF), JF gerou 1.299 postos de trabalho em maio de 2025. O saldo \u00e9 resultado da diferen\u00e7a entre 7.081 admiss\u00f5es e 5.782 desligamentos realizados no per\u00edodo, conforme o Cadastro Geral de Empregados e Desempregados (Caged), divulgado nesta segunda-feira, 30, pelo Minist\u00e9rio do Trabalho e Emprego (MTE).<\/p>\n<p>O saldo acumulado de 2025, 6.476, representa um recorde anual desde o in\u00edcio da s\u00e9rie hist\u00f3rica do Novo CAGED (iniciada em janeiro de 2020), mesmo antes do fim do ano. Os resultados anuais de 2020 a 2024 foram, respectivamente, -5.220, 6.441, 3.685, 3.837 e 4.782.<\/p>\n<p>O resultado mensal representa o melhor saldo para o m\u00eas de maio desde de 2020. No mesmo m\u00eas do ano passado, 1.072 empregos formais foram criados.<\/p>\n<p>A cidade criou, proporcionalmente, mais empregos que o pa\u00eds e o estado em maio. O Estoque (total de v\u00ednculos celetistas) em Juiz de Fora cresceu 0,85%, Minas Gerais cresceu 0,40% e Brasil, 0,31%. Ao todo, existem 154.206 trabalhadores empregados formalmente na cidade<\/p>\n<p>Al\u00e9m disso, Juiz de Fora \u00e9 a segunda cidade que mais gerou empregos em Minas Gerais no ano. Na lista dos munic\u00edpios mineiros que mais criaram postos de trabalho, Belo Horizonte apresentou o melhor saldo, 17.932. Ap\u00f3s Juiz de Fora, Contagem, 4.843; Betim, 2.927; e Nova Serrana, 2.794.<\/p>\n<p>O setor que mais contribuiu para o resultado mensal foi Servi\u00e7os, com saldo positivo de 1.066 empregos formais criados; seguido da Ind\u00fastria, com 137; Constru\u00e7\u00e3o, 130; Agropecu\u00e1ria, 11. No Com\u00e9rcio, as demiss\u00f5es superaram as contrata\u00e7\u00f5es em 45 postos.<\/p>\n<p>Para o secret\u00e1rio de Desenvolvimento Sustent\u00e1vel e Inclusivo, da Inova\u00e7\u00e3o e Competitividade (SEDIC), Ignacio Delgado, \u201co desempenho de Juiz de Fora evidencia um movimento cont\u00ednuo de melhoria do ambiente de neg\u00f3cios, que envolve a simplifica\u00e7\u00e3o de procedimentos, que permite mais agilidade e confian\u00e7a na abertura e expans\u00e3o de empreendimentos na cidade; a\u00e7\u00f5es na infraestrutura, que valorizam o espa\u00e7o urbano e um constante di\u00e1logo entre o poder p\u00fablico e o os empreendedores, criando um clima de colabora\u00e7\u00e3o em favor do desenvolvimento da cidade<\/p>\n","protected":false},"excerpt":{"rendered":"<p>Segundo informa\u00e7\u00f5es do site da Prefeitura de Juiz de Fora (PJF), JF gerou 1.299 postos de trabalho em maio de 2025. O saldo \u00e9 resultado da diferen\u00e7a entre 7.081 admiss\u00f5es e 5.782 desligamentos realizados no per\u00edodo, conforme o Cadastro Geral de Empregados e Desempregados (Caged), divulgado nesta segunda-feira, 30, pelo Minist\u00e9rio do Trabalho e Emprego [&hellip;]<\/p>\n","protected":false},"author":246,"featured_media":229105,"comment_status":"closed","ping_status":"closed","sticky":false,"template":"","format":"standard","meta":{"footnotes":""},"categories":[253,436,440,439],"tags":[],"class_list":["post-229104","post","type-post","status-publish","format-standard","has-post-thumbnail","hentry","category-cidade","category-destaque-da-semana","category-destaques-do-dia","category-ultima-hora"],"_links":{"self":[{"href":"https:\/\/diarioregionaldigital.com.br\/index.php?rest_route=\/wp\/v2\/posts\/229104","targetHints":{"allow":["GET"]}}],"collection":[{"href":"https:\/\/diarioregionaldigital.com.br\/index.php?rest_route=\/wp\/v2\/posts"}],"about":[{"href":"https:\/\/diarioregionaldigital.com.br\/index.php?rest_route=\/wp\/v2\/types\/post"}],"author":[{"embeddable":true,"href":"https:\/\/diarioregionaldigital.com.br\/index.php?rest_route=\/wp\/v2\/users\/246"}],"replies":[{"embeddable":true,"href":"https:\/\/diarioregionaldigital.com.br\/index.php?rest_route=%2Fwp%2Fv2%2Fcomments&post=229104"}],"version-history":[{"count":1,"href":"https:\/\/diarioregionaldigital.com.br\/index.php?rest_route=\/wp\/v2\/posts\/229104\/revisions"}],"predecessor-version":[{"id":229106,"href":"https:\/\/diarioregionaldigital.com.br\/index.php?rest_route=\/wp\/v2\/posts\/229104\/revisions\/229106"}],"wp:featuredmedia":[{"embeddable":true,"href":"https:\/\/diarioregionaldigital.com.br\/index.php?rest_route=\/wp\/v2\/media\/229105"}],"wp:attachment":[{"href":"https:\/\/diarioregionaldigital.com.br\/index.php?rest_route=%2Fwp%2Fv2%2Fmedia&parent=229104"}],"wp:term":[{"taxonomy":"category","embeddable":true,"href":"https:\/\/diarioregionaldigital.com.br\/index.php?rest_route=%2Fwp%2Fv2%2Fcategories&post=229104"},{"taxonomy":"post_tag","embeddable":true,"href":"https:\/\/diarioregionaldigital.com.br\/index.php?rest_route=%2Fwp%2Fv2%2Ftags&post=229104"}],"curies":[{"name":"wp","href":"https:\/\/api.w.org\/{rel}","templated":true}]}}