{"id":229092,"date":"2025-07-01T17:03:09","date_gmt":"2025-07-01T20:03:09","guid":{"rendered":"https:\/\/diarioregionaldigital.com.br\/?p=229092"},"modified":"2025-07-01T17:03:09","modified_gmt":"2025-07-01T20:03:09","slug":"onde-estao-os-fosseis-de-transicao","status":"publish","type":"post","link":"https:\/\/diarioregionaldigital.com.br\/?p=229092","title":{"rendered":"Onde est\u00e3o os F\u00f3sseis de Transi\u00e7\u00e3o?!"},"content":{"rendered":"<p class=\"s3\">\n<p class=\"s4\">Por mais de um s\u00e9culo e meio, a teoria da evolu\u00e7\u00e3o tem sido apresentada como um fato incontest\u00e1vel, uma esp\u00e9cie de dogma moderno intoc\u00e1vel que n\u00e3o deve ser questionado. Contudo, ao observamos seus fundamentos de maneira cr\u00edtica, encontramos um castelo de cartas baseado em premissas fr\u00e1geis. Uma de suas maiores fraudes intelectuais \u00e9 a suposta exist\u00eancia de f\u00f3sseis de transi\u00e7\u00e3o, os quais, at\u00e9 hoje, continuam notoriamente ausentes, apesar de todas as promessas e esfor\u00e7os gigantescos para encontr\u00e1-los.<\/p>\n<p class=\"s4\">Charles Darwin, em 1859, reconheceu que sua teoria enfrentava s\u00e9rios obst\u00e1culos no que diz respeito ao registro f\u00f3ssil. Ele admitiu que, se a evolu\u00e7\u00e3o fosse verdade, seria natural encontrar nos f\u00f3sseis incont\u00e1veis formas de transi\u00e7\u00e3o demonstrando claramente a lenta transforma\u00e7\u00e3o entre as esp\u00e9cies. Darwin sabia que isso n\u00e3o acontecia e, ainda assim, lan\u00e7ou o desafio: mais f\u00f3sseis seriam descobertos no futuro, preenchendo essas lacunas \u00f3bvias.<\/p>\n<p class=\"s4\">Essa muleta ideol\u00f3gica foi suficiente para sustentar a teoria por algum tempo, mas j\u00e1 se passaram 160 anos desde ent\u00e3o, com avan\u00e7os tecnol\u00f3gicos e explora\u00e7\u00e3o paleontol\u00f3gica em escala global. O resultado? As lacunas continuam. A promessa de Darwin nunca se cumpriu.<\/p>\n<p class=\"s4\">Embora bilh\u00f5es de f\u00f3sseis tenham sido encontrados e catalogados em todas as partes do mundo, a tal transi\u00e7\u00e3o gradual entre as esp\u00e9cies \u00e9, na melhor das hip\u00f3teses, um del\u00edrio. O que vemos no registro f\u00f3ssil \u00e9 um padr\u00e3o de surgimento s\u00fabito de novas esp\u00e9cies, totalmente formadas, e longos per\u00edodos de estagna\u00e7\u00e3o sem qualquer mudan\u00e7a morfol\u00f3gica significativa. Ou seja, os fatos do registro f\u00f3ssil n\u00e3o apoiam a evolu\u00e7\u00e3o, n\u00e3o se verifica na evid\u00eancia encontrada qualquer processo gradual tal como imaginado pelos darwinistas.<\/p>\n<p class=\"s4\">Os poucos exemplos frequentemente citados como \u201cf\u00f3sseis de transi\u00e7\u00e3o\u201d s\u00e3o fr\u00e1geis e altamente contest\u00e1veis. As caracter\u00edsticas supostamente intermedi\u00e1rias s\u00e3o muitas vezes interpreta\u00e7\u00f5es for\u00e7adas, baseadas mais em desejos ideol\u00f3gicos do que em evid\u00eancias cient\u00edficas s\u00f3lidas. Muitas dessas evid\u00eancias materiais acabam sendo descartadas ou reclassificadas ap\u00f3s an\u00e1lises mais profundas, mas isso raramente \u00e9 mencionado nos pronunciamentos p\u00fablicos, onde a narrativa evolucionista deve ser mantida a todo custo.<\/p>\n<p class=\"s5\">Al\u00e9m disso, o pr\u00f3prio fen\u00f4meno que os evolucionistas chamam de \u201cEquil\u00edbrio Pontuado\u201d \u00e9 uma tentativa desesperada de explicar o \u00f3bvio fracasso da teoria em fornecer registros cont\u00ednuos de transi\u00e7\u00e3o. Em vez de comprovar o gradualismo, esse conceito s\u00f3 evidencia a incapacidade da evolu\u00e7\u00e3o de se sustentar diante dos fatos f\u00f3sseis.<\/p>\n<p class=\"s4\">O caso humano, em particular, se revela um dos maiores absurdos dentro dessa narrativa pseudocient\u00edfica.<\/p>\n<p class=\"s4\">Desde que foi sugerido que os seres humanos compartilham um ancestral comum com os primatas, iniciou-se uma verdadeira ca\u00e7a aos f\u00f3sseis que provassem essa transi\u00e7\u00e3o. D\u00e9cadas e mais d\u00e9cadas de escava\u00e7\u00f5es resultaram em um punhado de f\u00f3sseis vagos que, com frequ\u00eancia, se tornam objeto de controv\u00e9rsias ferozes entre os pr\u00f3prios evolucionistas.<\/p>\n<p class=\"s4\">A linha evolutiva do homem moderno, que deveria estar bem estabelecida, \u00e9 na verdade uma colcha de retalhos cheia de hip\u00f3teses descartadas e especula\u00e7\u00f5es. Figuras como o <span class=\"s6\">Homo habilis<\/span>, o <span class=\"s6\">Homo erectus<\/span> e outros frequentemente ocorrem em narrativas conflitantes, for\u00e7ando a revis\u00e3o constante da \u201c\u00e1rvore evolutiva\u201d humana. O t\u00e3o procurado \u201celo perdido\u201d entre humanos e primatas ainda est\u00e1, ironicamente, perdido. Isso porque, na realidade, nunca existiu.<\/p>\n<p class=\"s4\">A cada ano, surgem manchetes alardeando a descoberta de um novo antecessor humano que \u201cmuda completamente o entendimento sobre a evolu\u00e7\u00e3o\u201d. Pouco depois, essas descobertas caem no esquecimento ou s\u00e3o desmentidas, mas o estrago na percep\u00e7\u00e3o p\u00fablica j\u00e1 foi feito. \u00c9 uma estrat\u00e9gia de manipula\u00e7\u00e3o, n\u00e3o de ci\u00eancia.<\/p>\n<p class=\"s4\">Como \u00e9 poss\u00edvel que uma teoria t\u00e3o cheia de falhas permanecesse como narrativa dominante durante tanto tempo? Talvez porque transcendeu o campo da ci\u00eancia e tornou-se um dogma, um pretexto para fundamentar uma vis\u00e3o ate\u00edsta de mundo. A evolu\u00e7\u00e3o resiste n\u00e3o por evid\u00eancias cient\u00edficas, mas por necessidade dogm\u00e1tica.<\/p>\n<p class=\"s4\">Os fatos s\u00e3o claros: se a evolu\u00e7\u00e3o fosse verdadeira, o registro f\u00f3ssil deveria estar repleto de formas intermedi\u00e1rias. A aus\u00eancia dessas evid\u00eancias n\u00e3o \u00e9 um simples detalhe t\u00e9cnico; \u00e9 a fal\u00eancia da pr\u00f3pria teoria. Insistir na evolu\u00e7\u00e3o diante de tamanhas inconsist\u00eancias \u00e9 intelectualmente desonesto. N\u00e3o estamos falando de ci\u00eancia; estamos falando de um conto de fadas moderno que se nega a morrer.<\/p>\n<p class=\"s7\">\n","protected":false},"excerpt":{"rendered":"<p>Por mais de um s\u00e9culo e meio, a teoria da evolu\u00e7\u00e3o tem sido apresentada como um fato incontest\u00e1vel, uma esp\u00e9cie de dogma moderno intoc\u00e1vel que n\u00e3o deve ser questionado. Contudo, ao observamos seus fundamentos de maneira cr\u00edtica, encontramos um castelo de cartas baseado em premissas fr\u00e1geis. Uma de suas maiores fraudes intelectuais \u00e9 a suposta [&hellip;]<\/p>\n","protected":false},"author":246,"featured_media":0,"comment_status":"closed","ping_status":"closed","sticky":false,"template":"","format":"standard","meta":{"footnotes":""},"categories":[1244],"tags":[],"class_list":["post-229092","post","type-post","status-publish","format-standard","hentry","category-oleg-abramov"],"_links":{"self":[{"href":"https:\/\/diarioregionaldigital.com.br\/index.php?rest_route=\/wp\/v2\/posts\/229092","targetHints":{"allow":["GET"]}}],"collection":[{"href":"https:\/\/diarioregionaldigital.com.br\/index.php?rest_route=\/wp\/v2\/posts"}],"about":[{"href":"https:\/\/diarioregionaldigital.com.br\/index.php?rest_route=\/wp\/v2\/types\/post"}],"author":[{"embeddable":true,"href":"https:\/\/diarioregionaldigital.com.br\/index.php?rest_route=\/wp\/v2\/users\/246"}],"replies":[{"embeddable":true,"href":"https:\/\/diarioregionaldigital.com.br\/index.php?rest_route=%2Fwp%2Fv2%2Fcomments&post=229092"}],"version-history":[{"count":1,"href":"https:\/\/diarioregionaldigital.com.br\/index.php?rest_route=\/wp\/v2\/posts\/229092\/revisions"}],"predecessor-version":[{"id":229093,"href":"https:\/\/diarioregionaldigital.com.br\/index.php?rest_route=\/wp\/v2\/posts\/229092\/revisions\/229093"}],"wp:attachment":[{"href":"https:\/\/diarioregionaldigital.com.br\/index.php?rest_route=%2Fwp%2Fv2%2Fmedia&parent=229092"}],"wp:term":[{"taxonomy":"category","embeddable":true,"href":"https:\/\/diarioregionaldigital.com.br\/index.php?rest_route=%2Fwp%2Fv2%2Fcategories&post=229092"},{"taxonomy":"post_tag","embeddable":true,"href":"https:\/\/diarioregionaldigital.com.br\/index.php?rest_route=%2Fwp%2Fv2%2Ftags&post=229092"}],"curies":[{"name":"wp","href":"https:\/\/api.w.org\/{rel}","templated":true}]}}