{"id":229077,"date":"2025-06-30T00:27:15","date_gmt":"2025-06-30T03:27:15","guid":{"rendered":"https:\/\/diarioregionaldigital.com.br\/?p=229077"},"modified":"2025-06-30T00:27:15","modified_gmt":"2025-06-30T03:27:15","slug":"mudanca-de-data-inauguracao-ubs-milho-branco-terca-feira-1o-de-julho-10h","status":"publish","type":"post","link":"https:\/\/diarioregionaldigital.com.br\/?p=229077","title":{"rendered":"Mudan\u00e7a de data &#8211; inaugura\u00e7\u00e3o UBS Milho Branco ter\u00e7a-feira, 1\u00ba de julho &#8211; 10h"},"content":{"rendered":"<p>Segundo informa\u00e7\u00f5es do site da Prefeitura de Juiz de Fora (PJF), a Prefeitura de Juiz de Fora informa que a inaugura\u00e7\u00e3o da Unidade B\u00e1sica de Sa\u00fade do bairro Milho Branco ser\u00e1 realizada na pr\u00f3xima ter\u00e7a-feira, 1\u00ba de julho, \u00e0s 10h, em fun\u00e7\u00e3o da necessidade da finaliza\u00e7\u00e3o da limpeza do local.<\/p>\n","protected":false},"excerpt":{"rendered":"<p>Segundo informa\u00e7\u00f5es do site da Prefeitura de Juiz de Fora (PJF), a Prefeitura de Juiz de Fora informa que a inaugura\u00e7\u00e3o da Unidade B\u00e1sica de Sa\u00fade do bairro Milho Branco ser\u00e1 realizada na pr\u00f3xima ter\u00e7a-feira, 1\u00ba de julho, \u00e0s 10h, em fun\u00e7\u00e3o da necessidade da finaliza\u00e7\u00e3o da limpeza do local.<\/p>\n","protected":false},"author":246,"featured_media":229078,"comment_status":"closed","ping_status":"closed","sticky":false,"template":"","format":"standard","meta":{"footnotes":""},"categories":[253,436,439],"tags":[],"class_list":["post-229077","post","type-post","status-publish","format-standard","has-post-thumbnail","hentry","category-cidade","category-destaque-da-semana","category-ultima-hora"],"_links":{"self":[{"href":"https:\/\/diarioregionaldigital.com.br\/index.php?rest_route=\/wp\/v2\/posts\/229077","targetHints":{"allow":["GET"]}}],"collection":[{"href":"https:\/\/diarioregionaldigital.com.br\/index.php?rest_route=\/wp\/v2\/posts"}],"about":[{"href":"https:\/\/diarioregionaldigital.com.br\/index.php?rest_route=\/wp\/v2\/types\/post"}],"author":[{"embeddable":true,"href":"https:\/\/diarioregionaldigital.com.br\/index.php?rest_route=\/wp\/v2\/users\/246"}],"replies":[{"embeddable":true,"href":"https:\/\/diarioregionaldigital.com.br\/index.php?rest_route=%2Fwp%2Fv2%2Fcomments&post=229077"}],"version-history":[{"count":1,"href":"https:\/\/diarioregionaldigital.com.br\/index.php?rest_route=\/wp\/v2\/posts\/229077\/revisions"}],"predecessor-version":[{"id":229079,"href":"https:\/\/diarioregionaldigital.com.br\/index.php?rest_route=\/wp\/v2\/posts\/229077\/revisions\/229079"}],"wp:featuredmedia":[{"embeddable":true,"href":"https:\/\/diarioregionaldigital.com.br\/index.php?rest_route=\/wp\/v2\/media\/229078"}],"wp:attachment":[{"href":"https:\/\/diarioregionaldigital.com.br\/index.php?rest_route=%2Fwp%2Fv2%2Fmedia&parent=229077"}],"wp:term":[{"taxonomy":"category","embeddable":true,"href":"https:\/\/diarioregionaldigital.com.br\/index.php?rest_route=%2Fwp%2Fv2%2Fcategories&post=229077"},{"taxonomy":"post_tag","embeddable":true,"href":"https:\/\/diarioregionaldigital.com.br\/index.php?rest_route=%2Fwp%2Fv2%2Ftags&post=229077"}],"curies":[{"name":"wp","href":"https:\/\/api.w.org\/{rel}","templated":true}]}}