{"id":229066,"date":"2025-06-30T00:24:05","date_gmt":"2025-06-30T03:24:05","guid":{"rendered":"https:\/\/diarioregionaldigital.com.br\/?p=229066"},"modified":"2025-06-30T00:24:05","modified_gmt":"2025-06-30T03:24:05","slug":"governo-de-minas-apresenta-canal-para-desburocratizacao-de-servicos-na-expoqueijo","status":"publish","type":"post","link":"https:\/\/diarioregionaldigital.com.br\/?p=229066","title":{"rendered":"Governo de Minas apresenta canal para desburocratiza\u00e7\u00e3o de servi\u00e7os na ExpoQueijo"},"content":{"rendered":"<p>O\u00a0<a href=\"https:\/\/www.mg.gov.br\/\" target=\"_blank\" rel=\"noopener\">Governo de Minas<\/a>, por meio da\u00a0<a href=\"https:\/\/www.ouvidoriageral.mg.gov.br\/\" target=\"_blank\" rel=\"noopener\">Ouvidoria-Geral do Estado (OGE\/MG)<\/a>, esteve presente na ExpoQueijo Brasil 2025, com o programa Ouvidoria M\u00f3vel, nos dias 26 e 27 de junho, no Grande Hotel e Termas de Arax\u00e1. A a\u00e7\u00e3o teve como foco a divulga\u00e7\u00e3o dos canais de atendimento para recebimento de manifesta\u00e7\u00f5es, especialmente o Canal Simplifique, que recebe sugest\u00f5es para desburocratiza\u00e7\u00e3o de processos e servi\u00e7os p\u00fablicos estaduais.<\/p>\n<p>\u201cA participa\u00e7\u00e3o da Ouvidoria M\u00f3vel em eventos estrat\u00e9gicos como a ExpoQueijo refor\u00e7a nosso compromisso de escutar a popula\u00e7\u00e3o e fomentar um ambiente mais eficiente e acess\u00edvel para todos, em especial para os produtores rurais e os representantes da cadeia agroalimentar. Queremos sempre fortalecer esse di\u00e1logo para tornar a gest\u00e3o p\u00fablica mais eficiente, acess\u00edvel e alinhada \u00e0s necessidades reais das pessoas\u201d, afirmou a ouvidora-geral do Estado, Gabriela Siqueira.<\/p>\n<p>Durante o evento, que celebra o reconhecimento dos Modos de Fazer do Queijo Minas Artesanal (QMA) como Patrim\u00f4nio Imaterial da Humanidade pela Unesco, o ouvidor Ambiental e Agropecu\u00e1rio da OGE\/MG, Evandro Neiva, atendeu produtores, t\u00e9cnicos, especialistas e visitantes interessados em contribuir com a melhoria da gest\u00e3o p\u00fablica. \u201cEsta \u00e9 uma oportunidade \u00fanica para aproximar o Governo de Minas do p\u00fablico-alvo do evento. Todos puderam esclarecer d\u00favidas, registrar sugest\u00f5es e entender como a sociedade pode interagir de forma simples e direta com o governo,\u201d, declarou Neiva.<\/p>\n<p><strong>Canal Simplifique<\/strong><\/p>\n<p>Por meio do Canal Simplifique, qualquer cidad\u00e3o pode sugerir melhorias para tornar servi\u00e7os e processos p\u00fablicos mais \u00e1geis e menos burocr\u00e1ticos, contribuindo para um ambiente mais favor\u00e1vel aos neg\u00f3cios e \u00e0 popula\u00e7\u00e3o mineira em geral.<\/p>\n<p>Para participar, basta acessar os canais de atendimento da OGE\/MG, indicar o servi\u00e7o que deseja simplificar e enviar a sugest\u00e3o. A colabora\u00e7\u00e3o da sociedade \u00e9 essencial para tornar os servi\u00e7os p\u00fablicos de Minas Gerais mais acess\u00edveis e eficientes.<\/p>\n<p>Fonte: Ag\u00eancia Minas<\/p>\n","protected":false},"excerpt":{"rendered":"<p>O\u00a0Governo de Minas, por meio da\u00a0Ouvidoria-Geral do Estado (OGE\/MG), esteve presente na ExpoQueijo Brasil 2025, com o programa Ouvidoria M\u00f3vel, nos dias 26 e 27 de junho, no Grande Hotel e Termas de Arax\u00e1. A a\u00e7\u00e3o teve como foco a divulga\u00e7\u00e3o dos canais de atendimento para recebimento de manifesta\u00e7\u00f5es, especialmente o Canal Simplifique, que recebe [&hellip;]<\/p>\n","protected":false},"author":246,"featured_media":229067,"comment_status":"closed","ping_status":"closed","sticky":false,"template":"","format":"standard","meta":{"footnotes":""},"categories":[436,261,254,439],"tags":[],"class_list":["post-229066","post","type-post","status-publish","format-standard","has-post-thumbnail","hentry","category-destaque-da-semana","category-economia","category-politica","category-ultima-hora"],"_links":{"self":[{"href":"https:\/\/diarioregionaldigital.com.br\/index.php?rest_route=\/wp\/v2\/posts\/229066","targetHints":{"allow":["GET"]}}],"collection":[{"href":"https:\/\/diarioregionaldigital.com.br\/index.php?rest_route=\/wp\/v2\/posts"}],"about":[{"href":"https:\/\/diarioregionaldigital.com.br\/index.php?rest_route=\/wp\/v2\/types\/post"}],"author":[{"embeddable":true,"href":"https:\/\/diarioregionaldigital.com.br\/index.php?rest_route=\/wp\/v2\/users\/246"}],"replies":[{"embeddable":true,"href":"https:\/\/diarioregionaldigital.com.br\/index.php?rest_route=%2Fwp%2Fv2%2Fcomments&post=229066"}],"version-history":[{"count":1,"href":"https:\/\/diarioregionaldigital.com.br\/index.php?rest_route=\/wp\/v2\/posts\/229066\/revisions"}],"predecessor-version":[{"id":229068,"href":"https:\/\/diarioregionaldigital.com.br\/index.php?rest_route=\/wp\/v2\/posts\/229066\/revisions\/229068"}],"wp:featuredmedia":[{"embeddable":true,"href":"https:\/\/diarioregionaldigital.com.br\/index.php?rest_route=\/wp\/v2\/media\/229067"}],"wp:attachment":[{"href":"https:\/\/diarioregionaldigital.com.br\/index.php?rest_route=%2Fwp%2Fv2%2Fmedia&parent=229066"}],"wp:term":[{"taxonomy":"category","embeddable":true,"href":"https:\/\/diarioregionaldigital.com.br\/index.php?rest_route=%2Fwp%2Fv2%2Fcategories&post=229066"},{"taxonomy":"post_tag","embeddable":true,"href":"https:\/\/diarioregionaldigital.com.br\/index.php?rest_route=%2Fwp%2Fv2%2Ftags&post=229066"}],"curies":[{"name":"wp","href":"https:\/\/api.w.org\/{rel}","templated":true}]}}