{"id":229060,"date":"2025-06-30T00:21:48","date_gmt":"2025-06-30T03:21:48","guid":{"rendered":"https:\/\/diarioregionaldigital.com.br\/?p=229060"},"modified":"2025-06-30T00:21:48","modified_gmt":"2025-06-30T03:21:48","slug":"governo-de-minas-investe-r-43-milhoes-para-garantir-moradia-digna-a-mil-familias","status":"publish","type":"post","link":"https:\/\/diarioregionaldigital.com.br\/?p=229060","title":{"rendered":"Governo de Minas investe R$ 43 milh\u00f5es para garantir moradia digna a mil fam\u00edlias"},"content":{"rendered":"<p>\u201cMeu filho \u00e9 transplantado do f\u00edgado e n\u00e3o pode com poeira, mofo. Quando chove l\u00e1 em casa, molha bastante. Ent\u00e3o, o programa vai ser muito bom porque vai melhorar minha sala, cozinha, banheiro e toda fia\u00e7\u00e3o tamb\u00e9m\u201d, conta emocionada Marcela dos Santos, moradora do Novo Lajedo, atendida pelo programa Moradas Gerais.<\/p>\n<p>&nbsp;<\/p>\n<p>Assim como a Marcela, outras mil fam\u00edlias da comunidade na\u00a0regi\u00e3o Norte de Belo Horizonte v\u00e3o receber melhorias em suas casas. O programa do Governo de Minas tem investimento de R$ 43 milh\u00f5es para pequenas interven\u00e7\u00f5es nos im\u00f3veis, o que vai garantir moradia digna para as fam\u00edlias. As diretrizes foram apresentadas neste s\u00e1bado (28\/6) durante o lan\u00e7amento do programa.<\/p>\n<p>&nbsp;<\/p>\n<p>Coordenado pela\u00a0<a href=\"https:\/\/social.mg.gov.br\/\">Secretaria de Estado de Desenvolvimento Social (Sedese),\u00a0<\/a>o\u00a0Moradas Gerais busca combater as necessidades habitacionais de fam\u00edlias em situa\u00e7\u00e3o de vulnerabilidade. Cada habita\u00e7\u00e3o selecionada ter\u00e1 R$ 35 mil para diversas adequa\u00e7\u00f5es, como reparo em telhados e pisos, instala\u00e7\u00e3o de revestimentos, impermeabiliza\u00e7\u00e3o e pintura, assim como melhoria na parte el\u00e9trica, dentre outros servi\u00e7os.<\/p>\n<p>&nbsp;<\/p>\n<p>O governador Romeu Zema destaca o impacto social da medida: &#8220;Nosso governo trabalha para levar dignidade a todos os mineiros. O Moradas Gerais vem para dar esperan\u00e7a e oferecer um ambiente seguro para que as fam\u00edlias possam prosperar. Come\u00e7amos por Belo Horizonte, mas nosso objetivo \u00e9 ampliar essa transforma\u00e7\u00e3o para outras regi\u00f5es do estado&#8221;, afirma o governador.<\/p>\n<p>&nbsp;<\/p>\n<p>Para a secret\u00e1ria de Estado de Desenvolvimento Social, Al\u00ea Portela, o programa \u00e9 um marco na pol\u00edtica habitacional de Minas Gerais. &#8220;Este \u00e9 um primeiro passo de uma caminhada muito maior, porque acreditamos que habita\u00e7\u00e3o digna \u00e9 um direito e uma prioridade. O Moradas Gerais \u00e9 realmente um compromisso do Governo de Minas com o presente e o futuro das fam\u00edlias mineiras&#8221;, declara a secret\u00e1ria.<\/p>\n<p>&nbsp;<\/p>\n<p>Iniciando no bairro do Novo Lajedo, os servi\u00e7os de adequa\u00e7\u00e3o, nesta primeira etapa, ser\u00e3o realizados em at\u00e9 mil casas e as interven\u00e7\u00f5es nos im\u00f3veis selecionados t\u00eam previs\u00e3o de in\u00edcio j\u00e1 agora, em julho. O desenvolvimento do programa vai servir como teste para entender como pode ser ampliado para outras regi\u00f5es e o que ainda precisa ser melhorado.<\/p>\n<p>&nbsp;<\/p>\n<p>As necessidades de melhorias ser\u00e3o avaliadas por um profissional t\u00e9cnico em conjunto com os moradores, assegurando que as obras atendam \u00e0s demandas mais urgentes em cada lar.<\/p>\n<p>&nbsp;<\/p>\n<p>A not\u00edcia foi recebida com muito entusiasmo pelos moradores. Dona Maria Aparecida dos Santos \u00e9 um exemplo. \u201c\u00c9 uma maravilha, isso beneficia muito a gente porque n\u00e3o temos condi\u00e7\u00f5es de arrumar nossa casa. Eles v\u00e3o rebocar minhas paredes, colocar cer\u00e2mica, v\u00e3o pintar, colocar porta, arrumar meu telhado. Vai mudar muito a minha vida\u201d, conta bastante animada a moradora do bairro Novo Lajedo.<\/p>\n<p>&nbsp;<\/p>\n<p><strong>Foco em quem mais precisa<\/strong><\/p>\n<p>&nbsp;<\/p>\n<p>Para participar do programa, as fam\u00edlias devem estar inscritas no Cadastro \u00danico (Cad\u00danico), possuir renda per capita inferior a meio sal\u00e1rio-m\u00ednimo e residir em im\u00f3veis pr\u00f3prios que necessitem de melhorias. O Moradas Gerais dar\u00e1 prioridade a fam\u00edlias chefiadas por mulheres e \u00e0quelas que possuam entre seus membros crian\u00e7as, adolescentes, idosos ou pessoas com defici\u00eancia.<\/p>\n<p>&nbsp;<\/p>\n<p>A escolha do Novo Lajedo para o in\u00edcio do programa foi baseada em crit\u00e9rios t\u00e9cnicos. A regi\u00e3o \u00e9 classificada como \u00c1rea Especial de Interesse Social e possui um Plano Global Espec\u00edfico (PGE) &#8211; instrumento de planejamento urbano que orienta as interven\u00e7\u00f5es &#8211; e, segundo a Funda\u00e7\u00e3o Jo\u00e3o Pinheiro (FJP), o bairro est\u00e1 em uma \u00e1rea com altos \u00edndices de moradias sem condi\u00e7\u00f5es adequadas de habita\u00e7\u00e3o.<\/p>\n<p>&nbsp;<\/p>\n<p>Fonte: Ag\u00eancia Minas<\/p>\n","protected":false},"excerpt":{"rendered":"<p>\u201cMeu filho \u00e9 transplantado do f\u00edgado e n\u00e3o pode com poeira, mofo. Quando chove l\u00e1 em casa, molha bastante. Ent\u00e3o, o programa vai ser muito bom porque vai melhorar minha sala, cozinha, banheiro e toda fia\u00e7\u00e3o tamb\u00e9m\u201d, conta emocionada Marcela dos Santos, moradora do Novo Lajedo, atendida pelo programa Moradas Gerais. &nbsp; Assim como a [&hellip;]<\/p>\n","protected":false},"author":246,"featured_media":229061,"comment_status":"closed","ping_status":"closed","sticky":false,"template":"","format":"standard","meta":{"footnotes":""},"categories":[436,440,261,254,439],"tags":[],"class_list":["post-229060","post","type-post","status-publish","format-standard","has-post-thumbnail","hentry","category-destaque-da-semana","category-destaques-do-dia","category-economia","category-politica","category-ultima-hora"],"_links":{"self":[{"href":"https:\/\/diarioregionaldigital.com.br\/index.php?rest_route=\/wp\/v2\/posts\/229060","targetHints":{"allow":["GET"]}}],"collection":[{"href":"https:\/\/diarioregionaldigital.com.br\/index.php?rest_route=\/wp\/v2\/posts"}],"about":[{"href":"https:\/\/diarioregionaldigital.com.br\/index.php?rest_route=\/wp\/v2\/types\/post"}],"author":[{"embeddable":true,"href":"https:\/\/diarioregionaldigital.com.br\/index.php?rest_route=\/wp\/v2\/users\/246"}],"replies":[{"embeddable":true,"href":"https:\/\/diarioregionaldigital.com.br\/index.php?rest_route=%2Fwp%2Fv2%2Fcomments&post=229060"}],"version-history":[{"count":1,"href":"https:\/\/diarioregionaldigital.com.br\/index.php?rest_route=\/wp\/v2\/posts\/229060\/revisions"}],"predecessor-version":[{"id":229062,"href":"https:\/\/diarioregionaldigital.com.br\/index.php?rest_route=\/wp\/v2\/posts\/229060\/revisions\/229062"}],"wp:featuredmedia":[{"embeddable":true,"href":"https:\/\/diarioregionaldigital.com.br\/index.php?rest_route=\/wp\/v2\/media\/229061"}],"wp:attachment":[{"href":"https:\/\/diarioregionaldigital.com.br\/index.php?rest_route=%2Fwp%2Fv2%2Fmedia&parent=229060"}],"wp:term":[{"taxonomy":"category","embeddable":true,"href":"https:\/\/diarioregionaldigital.com.br\/index.php?rest_route=%2Fwp%2Fv2%2Fcategories&post=229060"},{"taxonomy":"post_tag","embeddable":true,"href":"https:\/\/diarioregionaldigital.com.br\/index.php?rest_route=%2Fwp%2Fv2%2Ftags&post=229060"}],"curies":[{"name":"wp","href":"https:\/\/api.w.org\/{rel}","templated":true}]}}