{"id":229056,"date":"2025-06-30T00:20:33","date_gmt":"2025-06-30T03:20:33","guid":{"rendered":"https:\/\/diarioregionaldigital.com.br\/?p=229056"},"modified":"2025-06-30T00:20:33","modified_gmt":"2025-06-30T03:20:33","slug":"governo-de-minas-entrega-medalha-ministro-alysson-paolinelli-a-personalidades-e-instituicoes-do-setor-agropecuario","status":"publish","type":"post","link":"https:\/\/diarioregionaldigital.com.br\/?p=229056","title":{"rendered":"Governo de Minas entrega Medalha Ministro Alysson Paolinelli a personalidades e institui\u00e7\u00f5es do setor agropecu\u00e1rio"},"content":{"rendered":"<p>O Governo de Minas homenageou, neste domingo (29\/6), com a entrega da Medalha de Honra Ministro Alysson Paolinelli, dez personalidades e institui\u00e7\u00f5es que prestaram relevantes servi\u00e7os \u00e0 agropecu\u00e1ria, ao setor produtivo e ao desenvolvimento sustent\u00e1vel.<\/p>\n<p>&nbsp;<\/p>\n<p>\u201cHoje, entregamos a primeira edi\u00e7\u00e3o da medalha Alysson Paolinelli para empresas, entidades e pessoas que t\u00eam se destacado no agro mineiro. Nosso agro que tem sido uma das principais economias do estado, com a contribui\u00e7\u00e3o dessas entidades que foram agraciadas com a medalha e levam todo o legado do doutor Alysson Paolinellii, que realmente foi um homem que mudou o agro, n\u00e3o s\u00f3 em Minas Gerais, mas no Brasil e no mundo\u201d, destacou o titular da\u00a0<a href=\"https:\/\/www.mg.gov.br\/agricultura\">Secret\u00e1ria de Estado de Agricultura, Pecu\u00e1ria e Abastecimento (Seapa),<\/a>\u00a0Thales Fernandes.<\/p>\n<p>&nbsp;<\/p>\n<p>A solenidade ocorreu na Pra\u00e7a Rui Santos, no centro do munic\u00edpio de Bambu\u00ed, no Centro-Oeste mineiro, cidade onde nasceu o ex-ministro e ex-secret\u00e1rio de Estado de Agricultura de Minas, que incentivou a pesquisa, a ci\u00eancia e tecnologia no pa\u00eds.<\/p>\n<p>&nbsp;<\/p>\n<p>A honraria foi criada em 2023 pelo Governo de Minas, por meio da Lei 24.582, e regulamentada no ano passado pelo Decreto n\u00ba 48.859, contemplando dez categorias. A medalha \u00e9 concedida a personalidades e institui\u00e7\u00f5es sempre no dia 29 de junho, data do falecimento, em 2023, de Paolinelli.<\/p>\n<p>&nbsp;<\/p>\n<p>Anualmente, no dia 10 de maio, o Conselho Permanente da Medalha Ministro Alysson Paolinelli se re\u00fane para a escolha dos agraciados, a partir de listas tr\u00edplices elaboradas pelo presidente do Conselho para cada uma das categorias estabelecidas.<\/p>\n<p>&nbsp;<\/p>\n<p>A solenidade de entrega da medalha ser\u00e1 feita, anualmente, de forma itinerante, em um dos 853 munic\u00edpios do Estado que se destaque pela sua expressividade no setor agropecu\u00e1rio ou por ser refer\u00eancia na trajet\u00f3ria de vida e trabalho do ex-ministro Alysson Paolinelli.<\/p>\n<p>&nbsp;<\/p>\n<p><strong>Homenageados<\/strong><\/p>\n<p>&nbsp;<\/p>\n<p>Neste ano, foram homenageadas as seguintes personalidades e institui\u00e7\u00f5es:<\/p>\n<p>&nbsp;<\/p>\n<p><strong>Pequeno produtor<\/strong><\/p>\n<p>&nbsp;<\/p>\n<p>&#8211; Rubnei Santos Gomes, produtora rural (Rubi Queijaria)<\/p>\n<p>&nbsp;<\/p>\n<p><strong>M\u00e9dio produtor<\/strong><\/p>\n<p>&nbsp;<\/p>\n<p>&#8211; C\u00e9zar Ramos J\u00fanior, produtor rural (Empresa Natucentro)<\/p>\n<p>&nbsp;<\/p>\n<p><strong>Grande produtor<\/strong><\/p>\n<p>&nbsp;<\/p>\n<p>&#8211; Jos\u00e9 Maria de Oliveira, produtor rural (Caf\u00e9 Campos Altos)<\/p>\n<p>&nbsp;<\/p>\n<p><strong>Universidades, empresas de pesquisa e inova\u00e7\u00e3o p\u00fablicas e privadas<\/strong><\/p>\n<p>&nbsp;<\/p>\n<p>&#8211; Empresa de Pesquisa Agropecu\u00e1ria de Minas Gerais (Epamig)<\/p>\n<p>&nbsp;<\/p>\n<p><strong>Jornalismo e comunica\u00e7\u00e3o agro<\/strong><\/p>\n<p>&nbsp;<\/p>\n<p>&#8211; Programa Globo Rural<\/p>\n<p>&nbsp;<\/p>\n<p><strong>Entidades, associa\u00e7\u00f5es, cooperativas e empreendimentos agropecu\u00e1rios<\/strong><\/p>\n<p>&nbsp;<\/p>\n<p>&#8211; Cooxup\u00e9 &#8211; Cooperativa Regional de Cafeicultores em Guaxup\u00e9 Ltda.<\/p>\n<p>&nbsp;<\/p>\n<p><strong>Pesquisadores e profissionais das diversas ci\u00eancias que impactam resultados e a\u00e7\u00f5es positivas para a agropecu\u00e1ria<\/strong><\/p>\n<p>&nbsp;<\/p>\n<p>&#8211; Lu\u00eds Roberto Batista, professor da Universidade Federal de Lavras (UFLA)<\/p>\n<p>&nbsp;<\/p>\n<p><strong>Pessoas p\u00fablicas e de governo<\/strong><\/p>\n<p>&nbsp;<\/p>\n<p>&#8211; Ant\u00f4nio Carlos Arantes, deputado estadual<\/p>\n<p>&nbsp;<\/p>\n<p><strong>Empresas agropecu\u00e1rias e agroind\u00fastrias<\/strong><\/p>\n<p>&nbsp;<\/p>\n<p>&#8211; Rocca &#8211; Doce de Leite<\/p>\n<p>&nbsp;<\/p>\n<p><strong>Jovem produtor<\/strong><\/p>\n<p>&nbsp;<\/p>\n<p>&#8211; Hugo Faria Leite, produtor rural (Queijaria Ro\u00e7a da Cidade)<\/p>\n<p>&nbsp;<\/p>\n<p><strong>Legado do mineiro de Bambu\u00ed<\/strong><\/p>\n<p>&nbsp;<\/p>\n<p>Engenheiro agr\u00f4nomo e pol\u00edtico, Alysson Paolinelli desempenhou um papel fundamental no desenvolvimento da agricultura brasileira. Ministro da Agricultura de 1974 a 1979, promoveu a chamada &#8220;Revolu\u00e7\u00e3o Verde&#8221; no Brasil, transformando o at\u00e9 ent\u00e3o improdutivo Cerrado brasileiro em um dos principais polos de produ\u00e7\u00e3o de alimentos.<\/p>\n<p>&nbsp;<\/p>\n<p>Promoveu, ainda, a moderniza\u00e7\u00e3o da agricultura brasileira, incentivando a pesquisa, a ci\u00eancia, a tecnologia e implantando pol\u00edticas de cr\u00e9dito estimuladoras de moderniza\u00e7\u00e3o. Exerceu tamb\u00e9m papel fundamental na cria\u00e7\u00e3o e estrutura\u00e7\u00e3o da Empresa Brasileira de Pesquisa Agropecu\u00e1ria (Embrapa), onde implementou um amplo programa de bolsas de estudo para pesquisadores e criou a Embrapa Cerrrados. Foi ainda presidente da Confedera\u00e7\u00e3o Nacional da Agricultura (CNA) e presidente executivo da Associa\u00e7\u00e3o Brasileira dos Produtores de Milho (Abramilho).<\/p>\n<p>&nbsp;<\/p>\n<p>Alysson Paolinelli exerceu o cargo de secret\u00e1rio de Estado de Agricultura de Minas Gerais por tr\u00eas per\u00edodos. De 1971 a 1974, apoiou as diretrizes do Programa Integrado de Pesquisa Agropecu\u00e1ria do Estado de Minas Gerais (Pipaemg) e a consequente cria\u00e7\u00e3o da<a href=\"https:\/\/www.epamig.br\/\">\u00a0Epamig<\/a>, em 1974. J\u00e1 de 1991 a 1994 e de 1995 a 1998, idealizou e coordenou a implementa\u00e7\u00e3o de nova matriz produtiva baseada no modelo sustent\u00e1vel, colocando novas tecnologias junto a incentivos e pol\u00edticas de cr\u00e9dito para estimular a moderniza\u00e7\u00e3o da agricultura mineira. Teve tamb\u00e9m papel fundamental na cria\u00e7\u00e3o e implementa\u00e7\u00e3o do\u00a0<a href=\"https:\/\/www.ima.mg.gov.br\/\">Instituto Mineiro de Agropecu\u00e1ria (IMA)<\/a>.<\/p>\n<p>&nbsp;<\/p>\n<p>O trabalho de Alysson Paolinelli em prol da agricultura brasileira lhe rendeu tamb\u00e9m, em 2021 e 2022, a indica\u00e7\u00e3o ao Pr\u00eamio de Nobel da Paz.<\/p>\n<p>Fonte: Ag\u00eancia Minas<\/p>\n","protected":false},"excerpt":{"rendered":"<p>O Governo de Minas homenageou, neste domingo (29\/6), com a entrega da Medalha de Honra Ministro Alysson Paolinelli, dez personalidades e institui\u00e7\u00f5es que prestaram relevantes servi\u00e7os \u00e0 agropecu\u00e1ria, ao setor produtivo e ao desenvolvimento sustent\u00e1vel. &nbsp; \u201cHoje, entregamos a primeira edi\u00e7\u00e3o da medalha Alysson Paolinelli para empresas, entidades e pessoas que t\u00eam se destacado no [&hellip;]<\/p>\n","protected":false},"author":246,"featured_media":229057,"comment_status":"closed","ping_status":"closed","sticky":false,"template":"","format":"standard","meta":{"footnotes":""},"categories":[436,440,261,254,439],"tags":[],"class_list":["post-229056","post","type-post","status-publish","format-standard","has-post-thumbnail","hentry","category-destaque-da-semana","category-destaques-do-dia","category-economia","category-politica","category-ultima-hora"],"_links":{"self":[{"href":"https:\/\/diarioregionaldigital.com.br\/index.php?rest_route=\/wp\/v2\/posts\/229056","targetHints":{"allow":["GET"]}}],"collection":[{"href":"https:\/\/diarioregionaldigital.com.br\/index.php?rest_route=\/wp\/v2\/posts"}],"about":[{"href":"https:\/\/diarioregionaldigital.com.br\/index.php?rest_route=\/wp\/v2\/types\/post"}],"author":[{"embeddable":true,"href":"https:\/\/diarioregionaldigital.com.br\/index.php?rest_route=\/wp\/v2\/users\/246"}],"replies":[{"embeddable":true,"href":"https:\/\/diarioregionaldigital.com.br\/index.php?rest_route=%2Fwp%2Fv2%2Fcomments&post=229056"}],"version-history":[{"count":2,"href":"https:\/\/diarioregionaldigital.com.br\/index.php?rest_route=\/wp\/v2\/posts\/229056\/revisions"}],"predecessor-version":[{"id":229059,"href":"https:\/\/diarioregionaldigital.com.br\/index.php?rest_route=\/wp\/v2\/posts\/229056\/revisions\/229059"}],"wp:featuredmedia":[{"embeddable":true,"href":"https:\/\/diarioregionaldigital.com.br\/index.php?rest_route=\/wp\/v2\/media\/229057"}],"wp:attachment":[{"href":"https:\/\/diarioregionaldigital.com.br\/index.php?rest_route=%2Fwp%2Fv2%2Fmedia&parent=229056"}],"wp:term":[{"taxonomy":"category","embeddable":true,"href":"https:\/\/diarioregionaldigital.com.br\/index.php?rest_route=%2Fwp%2Fv2%2Fcategories&post=229056"},{"taxonomy":"post_tag","embeddable":true,"href":"https:\/\/diarioregionaldigital.com.br\/index.php?rest_route=%2Fwp%2Fv2%2Ftags&post=229056"}],"curies":[{"name":"wp","href":"https:\/\/api.w.org\/{rel}","templated":true}]}}