{"id":229052,"date":"2025-06-27T19:12:29","date_gmt":"2025-06-27T22:12:29","guid":{"rendered":"https:\/\/diarioregionaldigital.com.br\/?p=229052"},"modified":"2025-06-27T19:12:29","modified_gmt":"2025-06-27T22:12:29","slug":"guarda-municipal-festeja-com-o-4o-arraia-do-projeto-jf-esporte-e-cidadania","status":"publish","type":"post","link":"https:\/\/diarioregionaldigital.com.br\/?p=229052","title":{"rendered":"Guarda Municipal festeja com o 4\u00ba Arrai\u00e1 do projeto JF Esporte e Cidadania"},"content":{"rendered":"<p>Segundo informa\u00e7\u00f5es do site da Prefeitura de Juiz de Fora (PJF), pelo quarto ano seguido, a Guarda Municipal sedia o Arrai\u00e1 do projeto JF Esporte e Cidadania. O p\u00e1tio da sede foi decorado pelas pr\u00f3prias alunas, frequentadoras de aulas na unidade. Bandeiras e adere\u00e7os juninos deram o tom da festa, que agitou a tarde desta quinta-feira, 26, comemorando tamb\u00e9m o Dia Municipal do Guarda Municipal dentro das instala\u00e7\u00f5es da Guarda.<\/p>\n<p>O tradicional arrai\u00e1 contou com a presen\u00e7a dos mascotes da Guarda, GMs Gil e Lara, vestidos a car\u00e1ter. O baile levou as participantes \u00e0 pr\u00e1tica de atividade f\u00edsica espont\u00e2nea, queimando calorias e aquecendo o corpo, antes das comidas t\u00edpicas.<\/p>\n<p>Mais de cem mulheres moradoras das imedia\u00e7\u00f5es da Guarda Municipal, no Bairro S\u00e3o Bernardo, est\u00e3o inscritas no projeto JF Esporte e Cidadania e frequentam regularmente a academia da Guarda. Atividade possibilitada pela abertura do espa\u00e7o \u00e0 comunidade.<\/p>\n<p>Essa perspectiva de intera\u00e7\u00e3o com o territ\u00f3rio foi colocada em funcionamento, no ano de 2022, a partir da decis\u00e3o da Guarda de abrir os port\u00f5es da institui\u00e7\u00e3o para pessoas de fora por meio da estrat\u00e9gia \u201cVem pra Guarda\u201d. Uma parceria com a Secretaria de Esporte e Lazer (SEL) possibilitou a implanta\u00e7\u00e3o do n\u00facleo de gin\u00e1stica, pilates e alongamento que trabalha a sa\u00fade f\u00edsica e dinamiza as rela\u00e7\u00f5es sociais das alunas.<\/p>\n<p>O Projeto \u201cVem pra Guarda\u201d se inscreve dentro do conjunto de pol\u00edticas de preven\u00e7\u00e3o \u00e0 viol\u00eancia e fortalecimento da cidadania, implementadas pela Secretaria de Seguran\u00e7a Urbana e Cidadania (Sesuc), com o objetivo de aproximar e incluir pessoas, por meio da disponibiliza\u00e7\u00e3o de instala\u00e7\u00f5es dos servi\u00e7os p\u00fablicos municipais.<\/p>\n","protected":false},"excerpt":{"rendered":"<p>Segundo informa\u00e7\u00f5es do site da Prefeitura de Juiz de Fora (PJF), pelo quarto ano seguido, a Guarda Municipal sedia o Arrai\u00e1 do projeto JF Esporte e Cidadania. O p\u00e1tio da sede foi decorado pelas pr\u00f3prias alunas, frequentadoras de aulas na unidade. Bandeiras e adere\u00e7os juninos deram o tom da festa, que agitou a tarde desta [&hellip;]<\/p>\n","protected":false},"author":246,"featured_media":229053,"comment_status":"closed","ping_status":"closed","sticky":false,"template":"","format":"standard","meta":{"footnotes":""},"categories":[253,436,439],"tags":[],"class_list":["post-229052","post","type-post","status-publish","format-standard","has-post-thumbnail","hentry","category-cidade","category-destaque-da-semana","category-ultima-hora"],"_links":{"self":[{"href":"https:\/\/diarioregionaldigital.com.br\/index.php?rest_route=\/wp\/v2\/posts\/229052","targetHints":{"allow":["GET"]}}],"collection":[{"href":"https:\/\/diarioregionaldigital.com.br\/index.php?rest_route=\/wp\/v2\/posts"}],"about":[{"href":"https:\/\/diarioregionaldigital.com.br\/index.php?rest_route=\/wp\/v2\/types\/post"}],"author":[{"embeddable":true,"href":"https:\/\/diarioregionaldigital.com.br\/index.php?rest_route=\/wp\/v2\/users\/246"}],"replies":[{"embeddable":true,"href":"https:\/\/diarioregionaldigital.com.br\/index.php?rest_route=%2Fwp%2Fv2%2Fcomments&post=229052"}],"version-history":[{"count":1,"href":"https:\/\/diarioregionaldigital.com.br\/index.php?rest_route=\/wp\/v2\/posts\/229052\/revisions"}],"predecessor-version":[{"id":229054,"href":"https:\/\/diarioregionaldigital.com.br\/index.php?rest_route=\/wp\/v2\/posts\/229052\/revisions\/229054"}],"wp:featuredmedia":[{"embeddable":true,"href":"https:\/\/diarioregionaldigital.com.br\/index.php?rest_route=\/wp\/v2\/media\/229053"}],"wp:attachment":[{"href":"https:\/\/diarioregionaldigital.com.br\/index.php?rest_route=%2Fwp%2Fv2%2Fmedia&parent=229052"}],"wp:term":[{"taxonomy":"category","embeddable":true,"href":"https:\/\/diarioregionaldigital.com.br\/index.php?rest_route=%2Fwp%2Fv2%2Fcategories&post=229052"},{"taxonomy":"post_tag","embeddable":true,"href":"https:\/\/diarioregionaldigital.com.br\/index.php?rest_route=%2Fwp%2Fv2%2Ftags&post=229052"}],"curies":[{"name":"wp","href":"https:\/\/api.w.org\/{rel}","templated":true}]}}