{"id":229049,"date":"2025-06-27T19:11:33","date_gmt":"2025-06-27T22:11:33","guid":{"rendered":"https:\/\/diarioregionaldigital.com.br\/?p=229049"},"modified":"2025-06-27T19:11:33","modified_gmt":"2025-06-27T22:11:33","slug":"teatro-de-quintal-celebra-46-anos-com-lancamento-do-livro-isso-e-tq-no-mercado-cultural-aice","status":"publish","type":"post","link":"https:\/\/diarioregionaldigital.com.br\/?p=229049","title":{"rendered":"Teatro de Quintal celebra 46 anos com lan\u00e7amento do livro \u201cIsso \u00e9 TQ!\u201d no Mercado Cultural AICE"},"content":{"rendered":"<p>Segundo informa\u00e7\u00f5es do site da Prefeitura de Juiz de Fora (PJF), o\u00a0grupo Teatro de Quintal (TQ), uma das companhias teatrais mais longevas e marcantes da cena cultural de Juiz de Fora, lan\u00e7a no dia 1\u00ba de julho, \u00e0s 19h, no Mercado Cultural AICE, o livro \u201cIsso \u00e9 TQ!\u201d. A publica\u00e7\u00e3o celebra os 46 anos de trajet\u00f3ria do grupo, reconhecido por sua produ\u00e7\u00e3o art\u00edstica independente, engajada e profundamente conectada \u00e0 vida da cidade.<\/p>\n<p>Reunindo textos, imagens e depoimentos, o livro tra\u00e7a um percurso afetivo e documental desde a funda\u00e7\u00e3o do TQ, em 1979, at\u00e9 os dias atuais. Ao longo dessas mais de quatro d\u00e9cadas, o grupo construiu uma est\u00e9tica pr\u00f3pria, desenvolveu projetos formativos e comunit\u00e1rios, e atuou com um forte compromisso com a arte como instrumento de transforma\u00e7\u00e3o social.<\/p>\n<p>Organizado a partir de arquivos, mem\u00f3rias e registros afetivos de integrantes, parceiros e admiradores, \u201cIsso \u00e9 TQ!\u201d oferece ao p\u00fablico um mergulho \u00edntimo na hist\u00f3ria de resist\u00eancia e inven\u00e7\u00e3o do grupo. Mais do que uma colet\u00e2nea de lembran\u00e7as, a obra \u00e9 tamb\u00e9m um testemunho sobre a cultura de Juiz de Fora e sobre a for\u00e7a da arte feita com paix\u00e3o, cr\u00edtica e v\u00ednculo com o territ\u00f3rio.<\/p>\n<p>Para Gueminho Bernardes,\u00a0gerente do Departamento de Articula\u00e7\u00e3o e Inova\u00e7\u00e3o\u00a0(Diae) da Funda\u00e7\u00e3o Cultural Alfredo Ferreira Lage (Funalfa), e\u00a0fundador e diretor do TQ, o livro marca n\u00e3o apenas uma trajet\u00f3ria longeva, mas uma forma singular de exist\u00eancia art\u00edstica. \u201cS\u00e3o 46 anos, e 46 parece muito mais do que 40. \u00c9 um n\u00famero realmente impressionante. Voc\u00ea pensa: quantos grupos culturais, quantas empresas, quantos relacionamentos t\u00eam tanta sobreviv\u00eancia? Eu tenho muito orgulho n\u00e3o s\u00f3 do tempo, mas de termos sido um grupo que viveu na rua, que nunca teve apoio fixo de \u00f3rg\u00e3os p\u00fablicos ou universidades, que nunca teve um teatro, um espa\u00e7o pr\u00f3prio. Sobrevivemos pela rela\u00e7\u00e3o com o p\u00fablico, vendendo ingressos, conseguindo patroc\u00ednio direto. Isso, especialmente hoje, \u00e9 muito significativo\u201d, afirma.<\/p>\n<p>Mais do que uma trajet\u00f3ria teatral, o Teatro de Quintal construiu uma rela\u00e7\u00e3o simbi\u00f3tica com Juiz de Fora, atuando nos debates p\u00fablicos, em campanhas e manifesta\u00e7\u00f5es, criando uma verdadeira cr\u00f4nica da cidade. \u201cA hist\u00f3ria do TQ \u00e9 uma hist\u00f3ria de amor por Juiz de Fora. Um amor estranho, porque \u00e9 tamb\u00e9m um amor cr\u00edtico. Sempre tivemos opini\u00e3o, sempre nos envolvemos. E esse livro conta tamb\u00e9m essa hist\u00f3ria da cidade, da sua cultura, da sua gente\u201d, destaca Gueminho.<\/p>\n<p>O evento de lan\u00e7amento contar\u00e1 com bate-papo com integrantes do grupo, partilhas emocionadas, apresenta\u00e7\u00f5es art\u00edsticas e a venda de exemplares do livro.<\/p>\n<p>Servi\u00e7o<\/p>\n<p>Evento:\u00a0Lan\u00e7amento do livro \u201cIsso \u00e9 TQ!\u201d<br \/>\nData: 1\u00ba de julho de 2025 (ter\u00e7a-feira)<br \/>\nHor\u00e1rio: 19h<br \/>\nLocal: Mercado AICE,\u00a0no 2\u00ba piso do Mercado Municipal (Rua Doutor Paulo Frontin, 170, Centro)<br \/>\nPre\u00e7o promocional de lan\u00e7amento: R$ 49,99<\/p>\n","protected":false},"excerpt":{"rendered":"<p>Segundo informa\u00e7\u00f5es do site da Prefeitura de Juiz de Fora (PJF), o\u00a0grupo Teatro de Quintal (TQ), uma das companhias teatrais mais longevas e marcantes da cena cultural de Juiz de Fora, lan\u00e7a no dia 1\u00ba de julho, \u00e0s 19h, no Mercado Cultural AICE, o livro \u201cIsso \u00e9 TQ!\u201d. A publica\u00e7\u00e3o celebra os 46 anos de [&hellip;]<\/p>\n","protected":false},"author":246,"featured_media":229050,"comment_status":"closed","ping_status":"closed","sticky":false,"template":"","format":"standard","meta":{"footnotes":""},"categories":[253,436,439],"tags":[],"class_list":["post-229049","post","type-post","status-publish","format-standard","has-post-thumbnail","hentry","category-cidade","category-destaque-da-semana","category-ultima-hora"],"_links":{"self":[{"href":"https:\/\/diarioregionaldigital.com.br\/index.php?rest_route=\/wp\/v2\/posts\/229049","targetHints":{"allow":["GET"]}}],"collection":[{"href":"https:\/\/diarioregionaldigital.com.br\/index.php?rest_route=\/wp\/v2\/posts"}],"about":[{"href":"https:\/\/diarioregionaldigital.com.br\/index.php?rest_route=\/wp\/v2\/types\/post"}],"author":[{"embeddable":true,"href":"https:\/\/diarioregionaldigital.com.br\/index.php?rest_route=\/wp\/v2\/users\/246"}],"replies":[{"embeddable":true,"href":"https:\/\/diarioregionaldigital.com.br\/index.php?rest_route=%2Fwp%2Fv2%2Fcomments&post=229049"}],"version-history":[{"count":1,"href":"https:\/\/diarioregionaldigital.com.br\/index.php?rest_route=\/wp\/v2\/posts\/229049\/revisions"}],"predecessor-version":[{"id":229051,"href":"https:\/\/diarioregionaldigital.com.br\/index.php?rest_route=\/wp\/v2\/posts\/229049\/revisions\/229051"}],"wp:featuredmedia":[{"embeddable":true,"href":"https:\/\/diarioregionaldigital.com.br\/index.php?rest_route=\/wp\/v2\/media\/229050"}],"wp:attachment":[{"href":"https:\/\/diarioregionaldigital.com.br\/index.php?rest_route=%2Fwp%2Fv2%2Fmedia&parent=229049"}],"wp:term":[{"taxonomy":"category","embeddable":true,"href":"https:\/\/diarioregionaldigital.com.br\/index.php?rest_route=%2Fwp%2Fv2%2Fcategories&post=229049"},{"taxonomy":"post_tag","embeddable":true,"href":"https:\/\/diarioregionaldigital.com.br\/index.php?rest_route=%2Fwp%2Fv2%2Ftags&post=229049"}],"curies":[{"name":"wp","href":"https:\/\/api.w.org\/{rel}","templated":true}]}}