{"id":229046,"date":"2025-06-27T19:10:31","date_gmt":"2025-06-27T22:10:31","guid":{"rendered":"https:\/\/diarioregionaldigital.com.br\/?p=229046"},"modified":"2025-06-27T19:10:31","modified_gmt":"2025-06-27T22:10:31","slug":"iv-conferencia-municipal-de-politicas-para-as-mulheres-e-iniciada-com-participacao-da-ministra-das-mulheres","status":"publish","type":"post","link":"https:\/\/diarioregionaldigital.com.br\/?p=229046","title":{"rendered":"IV Confer\u00eancia Municipal de Pol\u00edticas para as Mulheres \u00e9 iniciada com participa\u00e7\u00e3o da ministra das Mulheres"},"content":{"rendered":"<p>Segundo informa\u00e7\u00f5es do site da Prefeitura de Juiz de Fora (PJF), ap\u00f3s dez anos sem realiza\u00e7\u00e3o, o pa\u00eds est\u00e1 retomando as Confer\u00eancias de Pol\u00edticas para as Mulheres e fortalecendo a democracia participativa e a constru\u00e7\u00e3o coletiva de propostas para efetiva\u00e7\u00e3o de direitos. Empenhada nestes compromissos e na luta pela igualdade de g\u00eanero, a Prefeitura de Juiz de Fora (PJF), por meio da Secretaria Especial das Mulheres e do Conselho Municipal de Direitos da Mulher, iniciou oficialmente a IV Confer\u00eancia Municipal na noite desta quinta-feira, 26, com uma palestra magna da ministra das Mulheres, M\u00e1rcia Lopes. A cerim\u00f4nia contou tamb\u00e9m com discursos da prefeita Margarida Salom\u00e3o; da deputada federal Ana Pimentel; da secret\u00e1ria das Mulheres Lourdes Milit\u00e3o; da representante da C\u00e2mara Municipal, a vereadora Laiz Perrut; e do vice-reitor da Universidade Federal de Juiz de Fora (UFJF), Telmo Ronzani.<\/p>\n<p>\u201c\u00c9 uma alegria, um prazer retornar a Juiz de Fora, agora como ministra das Mulheres,\u00a0e palestrante da IV Confer\u00eancia Municipal de Pol\u00edticas para as Mulheres. Com todo apoio da prefeita Margarida Salom\u00e3o que criou em janeiro da Secretaria das Mulheres. A pol\u00edtica de mulheres \u00e9 intersetorial, a articula\u00e7\u00e3o entre as \u00e1reas. N\u00f3s queremos as mulheres atendidas, protegidas, cuidadas. Por isso, \u00e9 muito importante que este momento aconte\u00e7a, para as mulheres falarem das suas realidades. Hoje tamb\u00e9m anunciamos a libera\u00e7\u00e3o dos recursos para concretizar o projeto que a prefeita luta h\u00e1 tanto tempo que \u00e9 a Casa da Mulher Brasileira, que vai ser constru\u00edda ao lado da prefeitura. J\u00e1 anunciamos a transfer\u00eancia de R$ 4\u00a0milh\u00f5es de reais como emenda da deputada federal Ana Pimentel e R$ 5,5 milh\u00f5es que o Minist\u00e9rio das Mulheres est\u00e1 colocando para este equipamento, um servi\u00e7o p\u00fablico integrado que totaliza as necessidades de quem enfrenta e vive a dureza e o drama de uma viol\u00eancia\u201d, salientou M\u00e1rcia Lopes.<\/p>\n<p>A prefeita ressaltou em sua fala o quanto a confer\u00eancia \u00e9 essencial para a democracia. &#8220;A presen\u00e7a de todas aqui \u00e9 uma manifesta\u00e7\u00e3o de esperan\u00e7a e confian\u00e7a de que n\u00f3s resistiremos aos tempos dif\u00edceis em que vivemos, que n\u00f3s encontraremos o rumo que levar\u00e1 as nossas vidas a serem mais plenas, mais perfeitas, mais mobilizadas pelo acesso aos direitos. Um dos quais n\u00e3o devemos nos esquecer nunca\u00a0\u00e9 o direito de buscar a nossa pr\u00f3pria felicidade. Estamos aqui para debater a nossa situa\u00e7\u00e3o, a nossa cidade e para encontrar o melhor rumo para o nosso pa\u00eds. Se n\u00e3o tematirzarmos g\u00eanero na educa\u00e7\u00e3o, na seguran\u00e7a, na sa\u00fade, ficaremos sempre propondo pol\u00edticas reativas, como a defici\u00eancia do acesso ao trabalho, \u00e0 forma\u00e7\u00e3o das mulheres para que tenham mais protagonismo e defici\u00eancia na seguran\u00e7a. A mudan\u00e7a cultural se faz com pol\u00edticas p\u00fablicas que a subsidie e que a fortale\u00e7a\u201d.<\/p>\n<p>J\u00e1 a deputada Ana Pimentel ressaltou a obriga\u00e7\u00e3o do cuidado que \u00e9 imputado\u00a0\u00e0s mulheres. \u201cElas ocupam nas suas semanas dez horas a mais que os homens com o cuidado e a sustentabilidade da vida. O que \u00e9 justo \u00e9 fazer com que as mulheres tenham mais acesso \u00e0 pol\u00edticas p\u00fablicas, \u00e0 educa\u00e7\u00e3o, \u00e0 cultura, ao lazer, porque n\u00f3s precisamos de vida com dignidade. Sempre com muita generosidade, as mulheres colocam suas vidas para a sobreviv\u00eancia da coletividade. \u00c9 por isso que elas precisam ser cuidadas. \u00c9 a primeira vez que temos no nosso pa\u00eds n\u00f3s temos o cuidado garantido como reconhecimento, como direito universal e responsabilidade do estado\u201d.<\/p>\n<p>\u201cSabemos que o nosso enfrentamento n\u00e3o \u00e9 f\u00e1cil, nosso enfrentamento \u00e9 di\u00e1rio. Por isso estamos iniciando hoje uma confer\u00eancia que \u00e9 para todas n\u00f3s apresentarmos propostas para que as mulheres de Juiz de Fora tenham um melhor viver, um bem viver. Parab\u00e9ns a\u00a0todas que est\u00e3o aqui! Temos v\u00e1rias vereadoras aqui, mas, ainda somos poucas na pol\u00edtica. Vamos investir, vamos nos engajar na pol\u00edtica para que possamos defender a nossa causa. Uma grande confer\u00eancia para todas n\u00f3s\u201d, desejou a secret\u00e1ria Lourdes Milit\u00e3o<\/p>\n<p>A vereadora Laiz Perrut enfatizou a necessidade do pleno funcionamento da delegacia de atendimento \u00e0 mulher. \u201cTemos que cobrar do governo do estado o cumprimento da lei sancionada pelo presidente Lula que determina o funcionamento 24 horas da Delegacia de Mulheres, o que ainda n\u00e3o acontece na cidade\u201d. \u201cUma na\u00e7\u00e3o em que se constitu\u00ed desigual por v\u00e1rios aspectos, inclusive a quest\u00e3o de g\u00eanero, ela fere o princ\u00edpio civilizat\u00f3rio democr\u00e1tico. Ent\u00e3o, pela democracia a gente precisa lutar por isso e a Universidade se coloca como um agente ativo\u201d, mencionou Telmo Ronzani.<\/p>\n<p>A solenidade de abertura teve como atra\u00e7\u00e3o cultural a apresenta\u00e7\u00e3o do quarteto de cordas composto pelas musicistas Vivian Vignoli (1\u00ba violino), Nat\u00e1lia Paganini (2\u00ba violino), Lenara Finotti (viola) e Ana Vieira (violoncelo). A confer\u00eancia se encerra nesta sexta-feira, 27, ap\u00f3s a conclus\u00e3o da plen\u00e1ria final, elei\u00e7\u00e3o de delegadas e dos trabalhos em grupos que discutem sobre tr\u00eas eixos que ser\u00e3o expostos pelas painelistas: Aline Junqueira, Amanda Andrade, C\u00e1ssia Ferreira, Jussara Alves, Fl\u00e1via Alencar, Ticiana Didres, Adenilde Petrina e Let\u00edcia Damasceno e Sol Mour\u00e3o.<\/p>\n<p><a href=\"https:\/\/www.pjf.mg.gov.br\/noticias\/view.php?modo=link2&amp;idnoticia2=86595\">Confira abaixo a programa\u00e7\u00e3o completa e uma pequena biografia de cada respons\u00e1vel pelos eixos:<\/a><\/p>\n","protected":false},"excerpt":{"rendered":"<p>Segundo informa\u00e7\u00f5es do site da Prefeitura de Juiz de Fora (PJF), ap\u00f3s dez anos sem realiza\u00e7\u00e3o, o pa\u00eds est\u00e1 retomando as Confer\u00eancias de Pol\u00edticas para as Mulheres e fortalecendo a democracia participativa e a constru\u00e7\u00e3o coletiva de propostas para efetiva\u00e7\u00e3o de direitos. Empenhada nestes compromissos e na luta pela igualdade de g\u00eanero, a Prefeitura de [&hellip;]<\/p>\n","protected":false},"author":246,"featured_media":229047,"comment_status":"closed","ping_status":"closed","sticky":false,"template":"","format":"standard","meta":{"footnotes":""},"categories":[253,436,440,439],"tags":[],"class_list":["post-229046","post","type-post","status-publish","format-standard","has-post-thumbnail","hentry","category-cidade","category-destaque-da-semana","category-destaques-do-dia","category-ultima-hora"],"_links":{"self":[{"href":"https:\/\/diarioregionaldigital.com.br\/index.php?rest_route=\/wp\/v2\/posts\/229046","targetHints":{"allow":["GET"]}}],"collection":[{"href":"https:\/\/diarioregionaldigital.com.br\/index.php?rest_route=\/wp\/v2\/posts"}],"about":[{"href":"https:\/\/diarioregionaldigital.com.br\/index.php?rest_route=\/wp\/v2\/types\/post"}],"author":[{"embeddable":true,"href":"https:\/\/diarioregionaldigital.com.br\/index.php?rest_route=\/wp\/v2\/users\/246"}],"replies":[{"embeddable":true,"href":"https:\/\/diarioregionaldigital.com.br\/index.php?rest_route=%2Fwp%2Fv2%2Fcomments&post=229046"}],"version-history":[{"count":1,"href":"https:\/\/diarioregionaldigital.com.br\/index.php?rest_route=\/wp\/v2\/posts\/229046\/revisions"}],"predecessor-version":[{"id":229048,"href":"https:\/\/diarioregionaldigital.com.br\/index.php?rest_route=\/wp\/v2\/posts\/229046\/revisions\/229048"}],"wp:featuredmedia":[{"embeddable":true,"href":"https:\/\/diarioregionaldigital.com.br\/index.php?rest_route=\/wp\/v2\/media\/229047"}],"wp:attachment":[{"href":"https:\/\/diarioregionaldigital.com.br\/index.php?rest_route=%2Fwp%2Fv2%2Fmedia&parent=229046"}],"wp:term":[{"taxonomy":"category","embeddable":true,"href":"https:\/\/diarioregionaldigital.com.br\/index.php?rest_route=%2Fwp%2Fv2%2Fcategories&post=229046"},{"taxonomy":"post_tag","embeddable":true,"href":"https:\/\/diarioregionaldigital.com.br\/index.php?rest_route=%2Fwp%2Fv2%2Ftags&post=229046"}],"curies":[{"name":"wp","href":"https:\/\/api.w.org\/{rel}","templated":true}]}}