{"id":229039,"date":"2025-06-27T19:07:38","date_gmt":"2025-06-27T22:07:38","guid":{"rendered":"https:\/\/diarioregionaldigital.com.br\/?p=229039"},"modified":"2025-06-27T19:07:38","modified_gmt":"2025-06-27T22:07:38","slug":"selecao-feminina-e-derrotada-em-ultimo-teste-antes-da-copa-america","status":"publish","type":"post","link":"https:\/\/diarioregionaldigital.com.br\/?p=229039","title":{"rendered":"Sele\u00e7\u00e3o feminina \u00e9 derrotada em \u00faltimo teste antes da Copa Am\u00e9rica"},"content":{"rendered":"<p>A sele\u00e7\u00e3o brasileira de futebol feminino foi derrotada de virada por 3 a 2 pela Fran\u00e7a, na tarde desta sexta-feira (27) no est\u00e1dio Jacques Forestier, em Aix-les-Bains, em seu \u00faltimo amistoso de prepara\u00e7\u00e3o para a Copa Am\u00e9rica da modalidade, que ser\u00e1 disputada entre os dias 12 de julho e 2 de agosto no Equador.<img decoding=\"async\" src=\"https:\/\/agenciabrasil.ebc.com.br\/ebc.png?id=1648729&amp;o=node\" \/><img decoding=\"async\" src=\"https:\/\/agenciabrasil.ebc.com.br\/ebc.gif?id=1648729&amp;o=node\" \/><\/p>\n<p>Mesmo atuando na condi\u00e7\u00e3o de visitante, a equipe comandada pelo t\u00e9cnico Arthur Elias come\u00e7ou o confronto em alta intensidade, pressionando muito as francesas. E esta aposta deu resultado logo nos primeiros minutos. Aos 6 minutos da etapa inicial, Kerolin tocou em profundidade para Luany, que bateu na sa\u00edda da goleira Peyraud-Magnin.<\/p>\n<p>Cinco minutos depois Kerolin deixou o papel de arco e assumiu o de flecha para ampliar ap\u00f3s receber passe de Duda Sampaio.<\/p>\n<p>Por\u00e9m, com a desvantagem no placar a Fran\u00e7a assumiu o controle das a\u00e7\u00f5es e conseguiu descontar ainda antes do intervalo. Aos 44 minutos a volante Geyoro aproveitou rebote dado pela goleira Lorena ap\u00f3s finaliza\u00e7\u00e3o de Diani para chutar para o fundo do gol.<\/p>\n<p>Se a etapa inicial foi de predom\u00ednio brasileiro, o segundo tempo foi todo da Fran\u00e7a. Aos 10 minutos as donas da casa empataram gra\u00e7as a outro gol de Geyoro. E, aos 30, a atacante Katoto, que entrou na etapa final, deu n\u00fameros finais ao placar com um belo gol de cabe\u00e7a.<\/p>\n<p>Agora a sele\u00e7\u00e3o brasileira volta a entrar em a\u00e7\u00e3o apenas no dia 13 de julho, quando estreia na Copa Am\u00e9rica a partir das 21h (hor\u00e1rio de Bras\u00edlia) diante da Venezuela no Est\u00e1dio Chillogallo, em Quito (Equador).<\/p>\n<p>Fonte: Ag\u00eancia Brasil<\/p>\n","protected":false},"excerpt":{"rendered":"<p>A sele\u00e7\u00e3o brasileira de futebol feminino foi derrotada de virada por 3 a 2 pela Fran\u00e7a, na tarde desta sexta-feira (27) no est\u00e1dio Jacques Forestier, em Aix-les-Bains, em seu \u00faltimo amistoso de prepara\u00e7\u00e3o para a Copa Am\u00e9rica da modalidade, que ser\u00e1 disputada entre os dias 12 de julho e 2 de agosto no Equador. Mesmo [&hellip;]<\/p>\n","protected":false},"author":246,"featured_media":229040,"comment_status":"closed","ping_status":"closed","sticky":false,"template":"","format":"standard","meta":{"footnotes":""},"categories":[436,440,257,439],"tags":[],"class_list":["post-229039","post","type-post","status-publish","format-standard","has-post-thumbnail","hentry","category-destaque-da-semana","category-destaques-do-dia","category-esporte","category-ultima-hora"],"_links":{"self":[{"href":"https:\/\/diarioregionaldigital.com.br\/index.php?rest_route=\/wp\/v2\/posts\/229039","targetHints":{"allow":["GET"]}}],"collection":[{"href":"https:\/\/diarioregionaldigital.com.br\/index.php?rest_route=\/wp\/v2\/posts"}],"about":[{"href":"https:\/\/diarioregionaldigital.com.br\/index.php?rest_route=\/wp\/v2\/types\/post"}],"author":[{"embeddable":true,"href":"https:\/\/diarioregionaldigital.com.br\/index.php?rest_route=\/wp\/v2\/users\/246"}],"replies":[{"embeddable":true,"href":"https:\/\/diarioregionaldigital.com.br\/index.php?rest_route=%2Fwp%2Fv2%2Fcomments&post=229039"}],"version-history":[{"count":2,"href":"https:\/\/diarioregionaldigital.com.br\/index.php?rest_route=\/wp\/v2\/posts\/229039\/revisions"}],"predecessor-version":[{"id":229042,"href":"https:\/\/diarioregionaldigital.com.br\/index.php?rest_route=\/wp\/v2\/posts\/229039\/revisions\/229042"}],"wp:featuredmedia":[{"embeddable":true,"href":"https:\/\/diarioregionaldigital.com.br\/index.php?rest_route=\/wp\/v2\/media\/229040"}],"wp:attachment":[{"href":"https:\/\/diarioregionaldigital.com.br\/index.php?rest_route=%2Fwp%2Fv2%2Fmedia&parent=229039"}],"wp:term":[{"taxonomy":"category","embeddable":true,"href":"https:\/\/diarioregionaldigital.com.br\/index.php?rest_route=%2Fwp%2Fv2%2Fcategories&post=229039"},{"taxonomy":"post_tag","embeddable":true,"href":"https:\/\/diarioregionaldigital.com.br\/index.php?rest_route=%2Fwp%2Fv2%2Ftags&post=229039"}],"curies":[{"name":"wp","href":"https:\/\/api.w.org\/{rel}","templated":true}]}}