{"id":229028,"date":"2025-06-27T19:02:40","date_gmt":"2025-06-27T22:02:40","guid":{"rendered":"https:\/\/diarioregionaldigital.com.br\/?p=229028"},"modified":"2025-06-27T19:02:40","modified_gmt":"2025-06-27T22:02:40","slug":"governo-de-minas-retorna-de-missao-a-asia-com-mais-de-r-300-milhoes-em-investimentos-e-destaques-em-infraestrutura-e-desenvolvimento","status":"publish","type":"post","link":"https:\/\/diarioregionaldigital.com.br\/?p=229028","title":{"rendered":"Governo de Minas retorna de miss\u00e3o \u00e0 \u00c1sia com mais de R$ 300 milh\u00f5es em investimentos e destaques em infraestrutura e desenvolvimento"},"content":{"rendered":"<p><main class=\"clear margin-md-bottom-3\"><\/p>\n<div class=\"clear \">\n<p>Liderada pelo governador Romeu Zema, a comitiva do\u00a0<a href=\"https:\/\/www.mg.gov.br\/\" target=\"_blank\" rel=\"noopener\">Governo de Minas<\/a>\u00a0retorna da miss\u00e3o internacional \u00e0 \u00c1sia trazendo na bagagem uma s\u00e9rie de investimentos, novidades na infraestrutura de transportes e destaques em desenvolvimento sustent\u00e1vel.<\/p>\n<p>Durante duas semanas, o grupo passou pela China e Jap\u00e3o, onde o Estado garantiu a atra\u00e7\u00e3o de mais de R$ 300 milh\u00f5es em investimentos, com gera\u00e7\u00e3o de empregos, refor\u00e7ou o protagonismo de Minas Gerais como polo voltado \u00e0 energia limpa e tecnologia, al\u00e9m de fortalecer a coopera\u00e7\u00e3o em defesa civil.<\/p>\n<p>O governador Romeu Zema fez um balan\u00e7o da miss\u00e3o internacional e celebrou os resultados obtidos para Minas Gerais. \u201cForam 12 dias de muito trabalho na \u00c1sia. Retornamos ao Brasil com a bagagem cheia de novas oportunidades, expectativa de mais de 800 empregos gerados e a esperan\u00e7a de dias cada vez melhores para os mineiros\u201d, disse o governador Romeu Zema.<\/p>\n<table border=\"0\" cellspacing=\"1\" cellpadding=\"1\" align=\"center\">\n<tbody>\n<tr>\n<td colspan=\"5\"><img decoding=\"async\" src=\"https:\/\/www.agenciaminas.mg.gov.br\/ckeditor_assets\/pictures\/20949\/content_2_olho_topo.jpg\" alt=\"\" \/><\/td>\n<\/tr>\n<tr>\n<td><\/td>\n<td colspan=\"3\" rowspan=\"3\">\n<h1><strong>&#8220;Mostramos para os investidores que Minas Gerais \u00e9 uma terra de oportunidades, de prosperidade, de gente s\u00e9ria que trabalha e entrega resultados com responsabilidade&#8221;, acrescentou Zema.<\/strong><\/h1>\n<\/td>\n<td><\/td>\n<\/tr>\n<tr>\n<td><\/td>\n<td><\/td>\n<\/tr>\n<tr>\n<td><\/td>\n<td><\/td>\n<\/tr>\n<tr>\n<td colspan=\"5\"><img decoding=\"async\" src=\"https:\/\/www.agenciaminas.mg.gov.br\/ckeditor_assets\/pictures\/20950\/content_2_olho_inferior.jpg\" alt=\"\" \/><\/td>\n<\/tr>\n<\/tbody>\n<\/table>\n<p>Acompanharam o governador os secret\u00e1rios de\u00a0<a href=\"https:\/\/www.mg.gov.br\/instituicao_unidade\/secretaria-de-estado-de-comunicacao-social-secom\" target=\"_blank\" rel=\"noopener\">Comunica\u00e7\u00e3o\u00a0Social<\/a>, Bernardo Santos, de\u00a0<a href=\"https:\/\/desenvolvimento.mg.gov.br\/\" target=\"_blank\" rel=\"noopener\">Desenvolvimento Econ\u00f4mico<\/a>, Mila Corr\u00eaa da Costa, de\u00a0<a href=\"https:\/\/semad.mg.gov.br\/\" target=\"_blank\" rel=\"noopener\">Meio Ambiente e Desenvolvimento Sustent\u00e1vel<\/a>, Mar\u00edlia Melo, o chefe do Gabinete Militar e coordenador estadual de\u00a0<a href=\"https:\/\/www.mg.gov.br\/defesacivil\" target=\"_blank\" rel=\"noopener\">Defesa Civil<\/a>, Coronel PM Paulo Roberto Bermudes Rezende, al\u00e9m do presidente da\u00a0<a href=\"https:\/\/investminas.mg.gov.br\/\" target=\"_blank\" rel=\"noopener\">Invest Minas<\/a>, Jo\u00e3o Paulo Braga.<\/p>\n<p><strong>Investimentos<\/strong><\/p>\n<p>Logo no in\u00edcio da miss\u00e3o, na China, a Midea, uma das maiores fabricantes de eletrodom\u00e9sticos do mundo, anunciou o investimento de R$ 198 milh\u00f5es para quatro novos projetos nos munic\u00edpios de Santa Rita do Sapuca\u00ed, Extrema, e Pouso Alegre, com previs\u00e3o de gerar 830 novos postos de trabalho.<\/p>\n<p>A empresa japonesa Sumitomo Corporation confirmou um investimento de R$ 140 milh\u00f5es, inteiramente privados, para construir uma unidade de armazenamento e beneficiamento de sementes de soja em Patos de Minas, munic\u00edpio do Alto Parana\u00edba. A iniciativa vai gerar 40 empregos diretos. A finaliza\u00e7\u00e3o das obras est\u00e1 prevista para o final deste ano e a expectativa \u00e9 de opera\u00e7\u00e3o integral at\u00e9 o fim de 2026.<\/p>\n<p><strong>Novos trens para o metr\u00f4 da RMBH<\/strong><\/p>\n<p>Tamb\u00e9m na China, a comitiva mineira realizou, na cidade de Changchun, uma visita t\u00e9cnica \u00e0s f\u00e1bricas do grupo Changchun Railway Vehicles (CRRC), empresa l\u00edder mundial no fornecimento de trens e respons\u00e1vel pela produ\u00e7\u00e3o dos novos modais que ser\u00e3o utilizados no metr\u00f4 da Regi\u00e3o Metropolitana de Belo Horizonte (RMBH).<br \/>\nNo total, foram adquiridos, com uma antecipa\u00e7\u00e3o de dois anos, 24 novos trens para o sistema metrovi\u00e1rio da RMBH. A previs\u00e3o \u00e9 que dez deles entrem em opera\u00e7\u00e3o at\u00e9 o fim de 2026.<\/p>\n<p>Entre as novidades das novas composi\u00e7\u00f5es ter\u00e3o wi-fi, sistema de vigil\u00e2ncia por c\u00e2meras e um sistema de contagem de passageiros, que informa \u00e0s esta\u00e7\u00f5es seguintes o n\u00edvel de ocupa\u00e7\u00e3o de cada carro.<\/p>\n<p><strong>Tecnologia e desenvolvimento sustent\u00e1vel<\/strong><\/p>\n<p>A comitiva do Governo de Minas p\u00f4de apresentar as vantagens competitivas do estado como local estrat\u00e9gico para a constru\u00e7\u00e3o de data centers, bases de dados de Intelig\u00eancia Artificial (IA), durante reuni\u00e3o em Zhongguancun, o Vale do Sil\u00edcio Chin\u00eas.<\/p>\n<p>J\u00e1 em reuni\u00e3o com a Ag\u00eancia de Coopera\u00e7\u00e3o Internacional do Jap\u00e3o (Jica), em T\u00f3quio, o grupo buscou aprofundar a colabora\u00e7\u00e3o em projetos estrat\u00e9gicos de recupera\u00e7\u00e3o de \u00e1reas de pastagem degradadas para impulsionar a agricultura sustent\u00e1vel, preservando o meio ambiente.<\/p>\n<p>Outro foco foi a constru\u00e7\u00e3o de oportunidades para coopera\u00e7\u00e3o t\u00e9cnica direta com a Defesa Civil de Minas Gerais por meio de programa de bolsas, miss\u00f5es de estudo e capacita\u00e7\u00f5es voltadas \u00e0 gest\u00e3o de riscos e resposta a desastres com o pa\u00eds asi\u00e1tico que \u00e9 refer\u00eancia global na tem\u00e1tica.<\/p>\n<p>Ainda em rela\u00e7\u00e3o \u00e0 Defesa Civil, a comitiva esteve em Yamanashi, para conhecer Centro de Seguran\u00e7a e Preven\u00e7\u00e3o de Desastres, em buscadas melhores pr\u00e1ticas de preven\u00e7\u00e3o e atua\u00e7\u00e3o em casos de enchentes e outros fen\u00f4menos.<\/p>\n<p>Romeu Zema e o governador da prov\u00edncia, Kotaro Nagasaki, tamb\u00e9m se reuniram para aprofundar as discuss\u00f5es sobre o desenvolvimento de energias renov\u00e1veis, com foco no hidrog\u00eanio verde.<\/p>\n<p><strong>Minas destaque no mercado<\/strong><\/p>\n<p>Em diversos encontros, o governador Romeu Zema e a comitiva buscaram abrir portas para novas parcerias entre empresas e entidades dos dois pa\u00edses, l\u00edderes em setores importantes da economia global.<\/p>\n<p>Em T\u00f3quio, a comitiva apresentou as potencialidades de Minas Gerais para eventuais negocia\u00e7\u00f5es no setor agr\u00edcola e de minera\u00e7\u00e3o, em uma mesa redonda na sede da Organiza\u00e7\u00e3o Japonesa para Metais e Seguran\u00e7a Energ\u00e9tica (Jogmec).<\/p>\n<p>A miss\u00e3o foi conclu\u00edda no Brazil Japan Business F\u00f3rum, organizado pela Federa\u00e7\u00e3o das Ind\u00fastrias do Estado de Minas Gerais (Fiemg), teve o objetivo de ampliar as conex\u00f5es internacionais dos industriais mineiros com investidores e empres\u00e1rios do pa\u00eds asi\u00e1tico.<\/p>\n<p>Em sua apresenta\u00e7\u00e3o, Romeu Zema convidou os empres\u00e1rios asi\u00e1ticos a continuarem investindo. &#8220;Temos crescido acima da m\u00e9dia Brasil e vamos continuar crescendo. Nossos planos s\u00e3o de longo prazo e n\u00e3o s\u00e3o improvisados. Todos ser\u00e3o muito bem-vindos a Minas Gerais&#8221;, concluiu.<\/p>\n<p>Fonte: Ag\u00eancia Minas<\/p>\n<\/div>\n<p><\/main><\/p>\n","protected":false},"excerpt":{"rendered":"<p>Liderada pelo governador Romeu Zema, a comitiva do\u00a0Governo de Minas\u00a0retorna da miss\u00e3o internacional \u00e0 \u00c1sia trazendo na bagagem uma s\u00e9rie de investimentos, novidades na infraestrutura de transportes e destaques em desenvolvimento sustent\u00e1vel. Durante duas semanas, o grupo passou pela China e Jap\u00e3o, onde o Estado garantiu a atra\u00e7\u00e3o de mais de R$ 300 milh\u00f5es em [&hellip;]<\/p>\n","protected":false},"author":246,"featured_media":229030,"comment_status":"closed","ping_status":"closed","sticky":false,"template":"","format":"standard","meta":{"footnotes":""},"categories":[436,440,261,254,439],"tags":[],"class_list":["post-229028","post","type-post","status-publish","format-standard","has-post-thumbnail","hentry","category-destaque-da-semana","category-destaques-do-dia","category-economia","category-politica","category-ultima-hora"],"_links":{"self":[{"href":"https:\/\/diarioregionaldigital.com.br\/index.php?rest_route=\/wp\/v2\/posts\/229028","targetHints":{"allow":["GET"]}}],"collection":[{"href":"https:\/\/diarioregionaldigital.com.br\/index.php?rest_route=\/wp\/v2\/posts"}],"about":[{"href":"https:\/\/diarioregionaldigital.com.br\/index.php?rest_route=\/wp\/v2\/types\/post"}],"author":[{"embeddable":true,"href":"https:\/\/diarioregionaldigital.com.br\/index.php?rest_route=\/wp\/v2\/users\/246"}],"replies":[{"embeddable":true,"href":"https:\/\/diarioregionaldigital.com.br\/index.php?rest_route=%2Fwp%2Fv2%2Fcomments&post=229028"}],"version-history":[{"count":1,"href":"https:\/\/diarioregionaldigital.com.br\/index.php?rest_route=\/wp\/v2\/posts\/229028\/revisions"}],"predecessor-version":[{"id":229031,"href":"https:\/\/diarioregionaldigital.com.br\/index.php?rest_route=\/wp\/v2\/posts\/229028\/revisions\/229031"}],"wp:featuredmedia":[{"embeddable":true,"href":"https:\/\/diarioregionaldigital.com.br\/index.php?rest_route=\/wp\/v2\/media\/229030"}],"wp:attachment":[{"href":"https:\/\/diarioregionaldigital.com.br\/index.php?rest_route=%2Fwp%2Fv2%2Fmedia&parent=229028"}],"wp:term":[{"taxonomy":"category","embeddable":true,"href":"https:\/\/diarioregionaldigital.com.br\/index.php?rest_route=%2Fwp%2Fv2%2Fcategories&post=229028"},{"taxonomy":"post_tag","embeddable":true,"href":"https:\/\/diarioregionaldigital.com.br\/index.php?rest_route=%2Fwp%2Fv2%2Ftags&post=229028"}],"curies":[{"name":"wp","href":"https:\/\/api.w.org\/{rel}","templated":true}]}}