{"id":229025,"date":"2025-06-27T19:01:04","date_gmt":"2025-06-27T22:01:04","guid":{"rendered":"https:\/\/diarioregionaldigital.com.br\/?p=229025"},"modified":"2025-06-27T19:01:04","modified_gmt":"2025-06-27T22:01:04","slug":"governo-de-minas-realiza-sonho-de-139-familias-do-leste-do-estado-com-entrega-de-titulos-de-regularizacao-de-propriedade","status":"publish","type":"post","link":"https:\/\/diarioregionaldigital.com.br\/?p=229025","title":{"rendered":"Governo de Minas realiza sonho de 139 fam\u00edlias do Leste do estado com entrega de t\u00edtulos de regulariza\u00e7\u00e3o de propriedade"},"content":{"rendered":"<p><main class=\"clear margin-md-bottom-3\"><\/p>\n<div class=\"clear col-md-10 col-md-offset-1 \">\n<p>Refor\u00e7ando o compromisso do Executivo estadual em promover o direito \u00e0 moradia, o\u00a0<a href=\"https:\/\/www.mg.gov.br\/\" target=\"_blank\" rel=\"noopener\">Governo de Minas<\/a>, por meio da\u00a0<a href=\"https:\/\/www.cohab.mg.gov.br\/\" target=\"_blank\" rel=\"noopener\">Cohab Minas<\/a>, realizou, nessa quarta (25\/6) e quinta-feira (26\/6), a entrega de 139 t\u00edtulos de regulariza\u00e7\u00e3o de propriedade a fam\u00edlias do Leste do estado.<\/p>\n<p>A a\u00e7\u00e3o beneficiou moradores dos munic\u00edpios de Gonzaga, S\u00e3o Sebasti\u00e3o do Maranh\u00e3o, S\u00e3o Jo\u00e3o Evangelista e S\u00e3o Jos\u00e9 do Jacuri e garantiu a posse legal e definitiva dos im\u00f3veis \u00e0s fam\u00edlias.<\/p>\n<p>As entregas s\u00e3o resultados do trabalho de regulariza\u00e7\u00e3o fundi\u00e1ria que vem sendo promovido pelo Estado e integra o programa Minas Reurb, executado pela\u00a0<a href=\"https:\/\/desenvolvimento.mg.gov.br\/\" target=\"_blank\" rel=\"noopener\">Secretaria de Estado de Desenvolvimento Econ\u00f4mico de Minas Gerais (Sede-MG)<\/a>.<\/p>\n<p>\u201cCaminhamos gradualmente para que todos os mineiros tenham sua dignidade, por meio da regulariza\u00e7\u00e3o dos seus im\u00f3veis. Isso permite que a propriedade seja imediatamente valorizada, garantindo o acesso a cr\u00e9dito, direitos de sucess\u00e3o e servi\u00e7os b\u00e1sicos, e o mais importante: a seguran\u00e7a da casa pr\u00f3pria\u201d, destaca a secret\u00e1ria de Estado de Desenvolvimento Econ\u00f4mico, Mila Corr\u00eaa da Costa.<\/p>\n<p><strong>Fim da Espera<\/strong><\/p>\n<p>Presente nas solenidades de entregas dos t\u00edtulos, o presidente da Cohab Minas, M\u00e1rcio Bernardino, comemorou o fim da espera para as fam\u00edlias contempladas.<\/p>\n<p>\u201cDesde que assumi a Cohab Minas, um dos direcionamentos que recebi do governador Romeu Zema e do vice-governador, Mateus Sim\u00f5es, foi a solu\u00e7\u00e3o de passivos do passado. E acredito, que neste momento, estamos dando um passo importante em rela\u00e7\u00e3o a isso, ao entregar este t\u00edtulo que h\u00e1 10 anos era aguardado por estas fam\u00edlias do Leste do Estado&#8221;, disse.<\/p>\n<p><strong>Seguran\u00e7a e Dignidade<\/strong><\/p>\n<p>A regulariza\u00e7\u00e3o fundi\u00e1ria urbana \u00e9 uma das principais pautas do Governo de Minas. Isso porque, al\u00e9m de garantir dignidade \u00e0s fam\u00edlias mineiras, com a entrega dos t\u00edtulos de regulariza\u00e7\u00e3o de propriedade, as unidades habitacionais passam a ter situa\u00e7\u00e3o em ordem, com as devidas averba\u00e7\u00f5es.<\/p>\n<p>O procedimento d\u00e1 seguran\u00e7a jur\u00eddica para os moradores, j\u00e1 que a regulariza\u00e7\u00e3o permite que as transa\u00e7\u00f5es, hoje realizadas na informalidade, ocorram dentro da legalidade, com as devidas garantias jur\u00eddicas e contratuais.<\/p>\n<p>Desde seu in\u00edcio, em 2019, o Minas Reurb vem colhendo in\u00fameros resultados positivos em todas as regi\u00f5es do estado, viabilizando mais de 80 mil t\u00edtulos de propriedade urbana, dos quais mais de 17 mil j\u00e1 foram emitidos, em 292 cidades de Minas.<\/p>\n<p>Al\u00e9m da Sede-MG, a execu\u00e7\u00e3o do programa conta com a\u00e7\u00f5es da Cohab Minas e da\u00a0<a href=\"https:\/\/www.agenciarmva.mg.gov.br\/\" target=\"_blank\" rel=\"noopener\">Ag\u00eancia de Desenvolvimento da Regi\u00e3o Metropolitana do Vale do A\u00e7o (ARMVA)<\/a>.<\/p>\n<p>Fonte: Ag\u00eancia Minas<\/p>\n<\/div>\n<p><\/main><\/p>\n","protected":false},"excerpt":{"rendered":"<p>Refor\u00e7ando o compromisso do Executivo estadual em promover o direito \u00e0 moradia, o\u00a0Governo de Minas, por meio da\u00a0Cohab Minas, realizou, nessa quarta (25\/6) e quinta-feira (26\/6), a entrega de 139 t\u00edtulos de regulariza\u00e7\u00e3o de propriedade a fam\u00edlias do Leste do estado. A a\u00e7\u00e3o beneficiou moradores dos munic\u00edpios de Gonzaga, S\u00e3o Sebasti\u00e3o do Maranh\u00e3o, S\u00e3o Jo\u00e3o [&hellip;]<\/p>\n","protected":false},"author":246,"featured_media":229026,"comment_status":"closed","ping_status":"closed","sticky":false,"template":"","format":"standard","meta":{"footnotes":""},"categories":[436,440,261,254,439],"tags":[],"class_list":["post-229025","post","type-post","status-publish","format-standard","has-post-thumbnail","hentry","category-destaque-da-semana","category-destaques-do-dia","category-economia","category-politica","category-ultima-hora"],"_links":{"self":[{"href":"https:\/\/diarioregionaldigital.com.br\/index.php?rest_route=\/wp\/v2\/posts\/229025","targetHints":{"allow":["GET"]}}],"collection":[{"href":"https:\/\/diarioregionaldigital.com.br\/index.php?rest_route=\/wp\/v2\/posts"}],"about":[{"href":"https:\/\/diarioregionaldigital.com.br\/index.php?rest_route=\/wp\/v2\/types\/post"}],"author":[{"embeddable":true,"href":"https:\/\/diarioregionaldigital.com.br\/index.php?rest_route=\/wp\/v2\/users\/246"}],"replies":[{"embeddable":true,"href":"https:\/\/diarioregionaldigital.com.br\/index.php?rest_route=%2Fwp%2Fv2%2Fcomments&post=229025"}],"version-history":[{"count":1,"href":"https:\/\/diarioregionaldigital.com.br\/index.php?rest_route=\/wp\/v2\/posts\/229025\/revisions"}],"predecessor-version":[{"id":229027,"href":"https:\/\/diarioregionaldigital.com.br\/index.php?rest_route=\/wp\/v2\/posts\/229025\/revisions\/229027"}],"wp:featuredmedia":[{"embeddable":true,"href":"https:\/\/diarioregionaldigital.com.br\/index.php?rest_route=\/wp\/v2\/media\/229026"}],"wp:attachment":[{"href":"https:\/\/diarioregionaldigital.com.br\/index.php?rest_route=%2Fwp%2Fv2%2Fmedia&parent=229025"}],"wp:term":[{"taxonomy":"category","embeddable":true,"href":"https:\/\/diarioregionaldigital.com.br\/index.php?rest_route=%2Fwp%2Fv2%2Fcategories&post=229025"},{"taxonomy":"post_tag","embeddable":true,"href":"https:\/\/diarioregionaldigital.com.br\/index.php?rest_route=%2Fwp%2Fv2%2Ftags&post=229025"}],"curies":[{"name":"wp","href":"https:\/\/api.w.org\/{rel}","templated":true}]}}